{"id":111862,"date":"2025-12-13T04:17:24","date_gmt":"2025-12-13T04:17:24","guid":{"rendered":"https:\/\/www.europesays.com\/no\/111862\/"},"modified":"2025-12-13T04:17:24","modified_gmt":"2025-12-13T04:17:24","slug":"nordkoreanere-brukt-til-minerydding-i-kursk","status":"publish","type":"post","link":"https:\/\/www.europesays.com\/no\/111862\/","title":{"rendered":"Nordkoreanere brukt til minerydding i Kursk"},"content":{"rendered":"\n<p class=\"_lead_o9xde_2 _lead_xtcu6_50 layout-component text-serif-m layout-normal text-serif-l layout-component layout-wide layout-padded _wide_17hqh_1 layout-padded\">Nord-Koreas leder Kim Jong-un sier landet sendte soldater for \u00e5 rydde miner i Kursk-regionen i Russland i \u00e5r, melder statlige nordkoreanske medier.<\/p>\n<p><img alt=\" Foto: STR \/ AFP \/ NTB\" class=\"_image_qp4xg_65 layout-component layout-wide\" data-fullscreen- data-track-element-type=\"Article image fullscreen\" data-track-name=\"ImageFullscreen\" fetchpriority=\"high\" decoding=\"sync\" loading=\"eager\" height=\"2692\" itemprop=\"image\"  src=\"https:\/\/www.europesays.com\/no\/wp-content\/uploads\/2025\/12\/d8af99f7-62c0-4a78-b725-64691a4cc127\"  style=\"object-position:0% 0%\" width=\"4056\"\/> Foto: STR \/ AFP \/ NTB<\/p>\n<ul aria-hidden=\"true\" class=\"_images_ntbth_112\">\n<li><a class=\"_link_ntbth_117\" href=\"https:\/\/www.vg.no\/forfatter\/ntb\" style=\"z-index:1\" title=\"NTB\" rel=\"nofollow noopener\" target=\"_blank\"><img alt=\"Bilde av NTB\" class=\"_image_ntbth_93\" fetchpriority=\"low\" loading=\"lazy\" decoding=\"async\" itemprop=\"image\"  src=\"https:\/\/www.europesays.com\/no\/wp-content\/uploads\/2025\/12\/1765599438_919_c33980b0-5d07-4027-84a1-813f90a7c8d6\"  width=\"480\"\/><\/a><\/li>\n<\/ul>\n<p> Oppdatert l\u00f8rdag 13. desember kl. 04:44     <\/p>\n<p class=\"_paragraph_o9xde_4 _paragraph_xtcu6_10 layout-component text-serif-m layout-normal text-serif-m layout-padded\">Utsagnet fra lederen i det lukkede landet er en sjelden innr\u00f8mmelse fra nordkoreanske myndigheter av hvilke oppgaver soldatene deres har blitt tildelt under krigen i Ukraina.<\/p>\n<p><img alt=\"Foto: STR \/ AFP \/ NTB\" class=\"_image_qp4xg_65 layout-component layout-normal\" data-fullscreen- data-track-element-type=\"Article image fullscreen\" data-track-name=\"ImageFullscreen\" decoding=\"async\" loading=\"lazy\" height=\"2692\" itemprop=\"image\"  src=\"https:\/\/www.europesays.com\/no\/wp-content\/uploads\/2025\/12\/47841fdd-8d88-46d8-9e53-de3ae86df13f\"  style=\"object-position:0% 0%\" width=\"4056\"\/>Foto: STR \/ AFP \/ NTB<\/p>\n<p class=\"_paragraph_o9xde_4 _paragraph_xtcu6_10 layout-component text-serif-m layout-normal text-serif-m layout-padded\">I en hyllest til et ingeni\u00f8rregiment som er kommet hjem, sier Kim at soldatene i pausene i mineryddingen skrev brev til byene og landsbyene de kommer fra, if\u00f8lge det statlige nyhetsbyr\u00e5et KCNA.<\/p>\n<p><img alt=\"Foto: STR \/ AFP \/ NTB\" class=\"_image_qp4xg_65 layout-component layout-normal\" data-fullscreen- data-track-element-type=\"Article image fullscreen\" data-track-name=\"ImageFullscreen\" decoding=\"async\" loading=\"lazy\" height=\"5464\" itemprop=\"image\"  src=\"https:\/\/www.europesays.com\/no\/wp-content\/uploads\/2025\/12\/38118fec-7f4c-4fc8-8b43-0633dff43c67\"  style=\"object-position:0% 0%\" width=\"8192\"\/>Foto: STR \/ AFP \/ NTB<\/p>\n<p class=\"_paragraph_o9xde_4 _paragraph_xtcu6_10 layout-component text-serif-m layout-normal text-serif-m layout-padded\">Flere tusen nordkoreanske soldater bidro til \u00e5 stoppe en ukrainsk offensiv i den Kursk-regionen forrige vinter. <a href=\"https:\/\/www.vg.no\/tag\/nord-korea-2?utm_source=vg-article&amp;utm_medium=auto-tagger&amp;utm_campaign=aJ2xQ5\" class=\"_link_o9xde_39\" rel=\"nofollow noopener\" target=\"_blank\">Nord-Korea<\/a> er ogs\u00e5 en viktig leverand\u00f8r av artilleriammunisjon og andre v\u00e5pen til Russland.<\/p>\n","protected":false},"excerpt":{"rendered":"Nord-Koreas leder Kim Jong-un sier landet sendte soldater for \u00e5 rydde miner i Kursk-regionen i Russland i \u00e5r,&hellip;\n","protected":false},"author":2,"featured_media":111863,"comment_status":"","ping_status":"","sticky":false,"template":"","format":"standard","meta":{"footnotes":""},"categories":[12],"tags":[20,21,24,25,15,1473,179,22,23,13,30,1474,28,29,14,16,26,27,42,43,44,45],"class_list":{"0":"post-111862","1":"post","2":"type-post","3":"status-publish","4":"format-standard","5":"has-post-thumbnail","7":"category-verden","8":"tag-breaking-news","9":"tag-breakingnews","10":"tag-featured-news","11":"tag-featurednews","12":"tag-headlines","13":"tag-kim-jong-un","14":"tag-krigen-i-ukraina","15":"tag-latest-news","16":"tag-latestnews","17":"tag-news","18":"tag-no","19":"tag-nord-korea","20":"tag-norge","21":"tag-norway","22":"tag-nyheter","23":"tag-overskrifter","24":"tag-top-stories","25":"tag-topstories","26":"tag-verden","27":"tag-world","28":"tag-world-news","29":"tag-worldnews"},"share_on_mastodon":{"url":"https:\/\/pubeurope.com\/@no\/115710332673009906","error":""},"_links":{"self":[{"href":"https:\/\/www.europesays.com\/no\/wp-json\/wp\/v2\/posts\/111862","targetHints":{"allow":["GET"]}}],"collection":[{"href":"https:\/\/www.europesays.com\/no\/wp-json\/wp\/v2\/posts"}],"about":[{"href":"https:\/\/www.europesays.com\/no\/wp-json\/wp\/v2\/types\/post"}],"author":[{"embeddable":true,"href":"https:\/\/www.europesays.com\/no\/wp-json\/wp\/v2\/users\/2"}],"replies":[{"embeddable":true,"href":"https:\/\/www.europesays.com\/no\/wp-json\/wp\/v2\/comments?post=111862"}],"version-history":[{"count":0,"href":"https:\/\/www.europesays.com\/no\/wp-json\/wp\/v2\/posts\/111862\/revisions"}],"wp:featuredmedia":[{"embeddable":true,"href":"https:\/\/www.europesays.com\/no\/wp-json\/wp\/v2\/media\/111863"}],"wp:attachment":[{"href":"https:\/\/www.europesays.com\/no\/wp-json\/wp\/v2\/media?parent=111862"}],"wp:term":[{"taxonomy":"category","embeddable":true,"href":"https:\/\/www.europesays.com\/no\/wp-json\/wp\/v2\/categories?post=111862"},{"taxonomy":"post_tag","embeddable":true,"href":"https:\/\/www.europesays.com\/no\/wp-json\/wp\/v2\/tags?post=111862"}],"curies":[{"name":"wp","href":"https:\/\/api.w.org\/{rel}","templated":true}]}}