{"id":111866,"date":"2025-12-13T04:27:53","date_gmt":"2025-12-13T04:27:53","guid":{"rendered":"https:\/\/www.europesays.com\/no\/111866\/"},"modified":"2025-12-13T04:27:53","modified_gmt":"2025-12-13T04:27:53","slug":"passasjer-provde-a-apne-doren-i-luften","status":"publish","type":"post","link":"https:\/\/www.europesays.com\/no\/111866\/","title":{"rendered":"Passasjer pr\u00f8vde \u00e5 \u00e5pne d\u00f8ren i luften"},"content":{"rendered":"<p class=\"kicker text-red color_mobile_text-red\" style=\"\">Hongkong:\u00a0<\/p>\n<p>  Passasjeren ble p\u00e5grepet etter landing.\u00a0<\/p>\n<p>\n    Ingen personer kom til skade da en passasjer fors\u00f8kte \u00e5 \u00e5pne en d\u00f8r p\u00e5 et Cathay Pacific-fly p\u00e5 vei fra Boston til Hongkong, opplyser selskapet. Illustrasjonsfoto: Kin Cheung \/ AP \/ NTB\n  <\/p>\n<p>En passasjer fors\u00f8kte \u00e5 \u00e5pne en d\u00f8r p\u00e5 et Cathay Pacific-fly mens det var p\u00e5 vei fra Boston til Hongkong, opplyser flyselskapet.\u00a0<\/p>\n<p>Ingen passasjerer eller besetningsmedlemmer kom til skade, og flyet landet trygt torsdag morgen, if\u00f8lge Cathay Pacific.<\/p>\n<p>    <a itemprop=\"url\" href=\"https:\/\/sol.no\/nyheter\/rakk-ikke-flyet-lop-ut-pa-rullebanen\/83904073\" rel=\"nofollow noopener\" target=\"_blank\"><\/p>\n<p>        <img loading=\"lazy\" decoding=\"async\" src=\"https:\/\/www.europesays.com\/no\/wp-content\/uploads\/2025\/12\/83904111.webp\" width=\"980\" height=\"441\" title=\"Rakk ikke flyet - l\u00f8p ut p\u00e5 rullebanen\" alt=\"\" class=\"lazyload\" style=\"--aspect-ratio-image: 2.22; \"\/><\/p>\n<p>        Rakk ikke flyet &#8211; l\u00f8p ut p\u00e5 rullebanen<\/p>\n<p>sol.no<\/p>\n<p>    <\/a><\/p>\n<p>\u2013 V\u00e5re kabinansatte h\u00e5ndterte situasjonen umiddelbart, inspiserte d\u00f8ren for \u00e5 sikre at den var skikkelig lukket og meldte fra til relevante myndigheter, sier det Hongkong-baserte selskapet i en uttalelse.<\/p>\n<p>Saken er overlatt til politiet i Hongkong, som ikke har kommet med noen umiddelbar kommentar.<\/p>\n<p>South China Morning Post skriver at passasjeren som fors\u00f8kte \u00e5 \u00e5pne d\u00f8ren, er en 20 \u00e5r gammel mann fra Kina, og at han ble p\u00e5grepet etter landing.<\/p>\n","protected":false},"excerpt":{"rendered":"Hongkong:\u00a0 Passasjeren ble p\u00e5grepet etter landing.\u00a0 Ingen personer kom til skade da en passasjer fors\u00f8kte \u00e5 \u00e5pne en&hellip;\n","protected":false},"author":2,"featured_media":111867,"comment_status":"","ping_status":"","sticky":false,"template":"","format":"standard","meta":{"footnotes":""},"categories":[12],"tags":[20,21,24,25,15,22,23,13,30,28,29,14,16,26,27,42,43,44,45],"class_list":{"0":"post-111866","1":"post","2":"type-post","3":"status-publish","4":"format-standard","5":"has-post-thumbnail","7":"category-verden","8":"tag-breaking-news","9":"tag-breakingnews","10":"tag-featured-news","11":"tag-featurednews","12":"tag-headlines","13":"tag-latest-news","14":"tag-latestnews","15":"tag-news","16":"tag-no","17":"tag-norge","18":"tag-norway","19":"tag-nyheter","20":"tag-overskrifter","21":"tag-top-stories","22":"tag-topstories","23":"tag-verden","24":"tag-world","25":"tag-world-news","26":"tag-worldnews"},"share_on_mastodon":{"url":"https:\/\/pubeurope.com\/@no\/115710375076425842","error":""},"_links":{"self":[{"href":"https:\/\/www.europesays.com\/no\/wp-json\/wp\/v2\/posts\/111866","targetHints":{"allow":["GET"]}}],"collection":[{"href":"https:\/\/www.europesays.com\/no\/wp-json\/wp\/v2\/posts"}],"about":[{"href":"https:\/\/www.europesays.com\/no\/wp-json\/wp\/v2\/types\/post"}],"author":[{"embeddable":true,"href":"https:\/\/www.europesays.com\/no\/wp-json\/wp\/v2\/users\/2"}],"replies":[{"embeddable":true,"href":"https:\/\/www.europesays.com\/no\/wp-json\/wp\/v2\/comments?post=111866"}],"version-history":[{"count":0,"href":"https:\/\/www.europesays.com\/no\/wp-json\/wp\/v2\/posts\/111866\/revisions"}],"wp:featuredmedia":[{"embeddable":true,"href":"https:\/\/www.europesays.com\/no\/wp-json\/wp\/v2\/media\/111867"}],"wp:attachment":[{"href":"https:\/\/www.europesays.com\/no\/wp-json\/wp\/v2\/media?parent=111866"}],"wp:term":[{"taxonomy":"category","embeddable":true,"href":"https:\/\/www.europesays.com\/no\/wp-json\/wp\/v2\/categories?post=111866"},{"taxonomy":"post_tag","embeddable":true,"href":"https:\/\/www.europesays.com\/no\/wp-json\/wp\/v2\/tags?post=111866"}],"curies":[{"name":"wp","href":"https:\/\/api.w.org\/{rel}","templated":true}]}}