{"id":111870,"date":"2025-12-13T04:37:16","date_gmt":"2025-12-13T04:37:16","guid":{"rendered":"https:\/\/www.europesays.com\/no\/111870\/"},"modified":"2025-12-13T04:37:16","modified_gmt":"2025-12-13T04:37:16","slug":"nyttarsaften-fyrverkeri-forby-privat-fyrverkeri-na-dette-er-reglene-for-fyrverkeri-i-byen","status":"publish","type":"post","link":"https:\/\/www.europesays.com\/no\/111870\/","title":{"rendered":"Nytt\u00e5rsaften, Fyrverkeri | Forby privat fyrverkeri n\u00e5! Dette er reglene for fyrverkeri i byen."},"content":{"rendered":"\n<p><b>Fyrverkeri<\/b> har lenge v\u00e6rt en tradisjon vi nesten tar for gitt, men regningen \u2013 b\u00e5de den menneskelige og den samfunns\u00f8konomiske \u2013 er langt st\u00f8rre enn vi liker \u00e5 innr\u00f8mme.<\/p>\n<p>N\u00e5r man legger sammen tallene for personskader, skader p\u00e5 dyr og milj\u00f8 og kostnadene for n\u00f8detater og opprydding, blir det vanskelig \u00e5 forsvare at privat fyrverkeri fortsatt skal v\u00e6re tillatt.<\/p>\n<p>Hvert \u00e5r ender mennesker opp med varige \u00f8yeskader som direkte f\u00f8lge av fyrverkeri. De mister synet helt eller delvis &#8211; ofte er det unge mennesker som bare \u00f8nsket \u00e5 v\u00e6re med p\u00e5 nytt\u00e5rsfeiringen.<\/p>\n<p>Disse skadene f\u00f8lger dem resten av livet: Operasjoner, rehabilitering og tapt arbeidsevne er ikke bare en tragedie for individet \u2013 det er en betydelig kostnad for samfunnet.<\/p>\n<p>Fugler flykter i panikk<\/p>\n<p>N\u00e5r et \u00f8yeblikks underholdning f\u00f8rer til livslange konsekvenser, b\u00f8r det f\u00e5 oss til \u00e5 tenke grundigere over hva vi tillater.<\/p>\n<p>Samtidig vet vi at dyrene v\u00e5re rammes hardt. Fugler flykter i panikk og kolliderer med bygninger. Husdyr blir stresset, skremte og i verste fall skadet. Ville dyr kan bruke dager p\u00e5 \u00e5 komme seg, og noen d\u00f8r av stressresponsen alene.<\/p>\n<p>Det skjer ikke i det skjulte. Det skjer hvert i stort omfang, som en forutsigbar effekt av menneskelig st\u00f8y og eksplosjoner.<\/p>\n<p>            Fyrverkeri p\u00e5 nytt\u00e5rsaften<\/p>\n<p>Du har lov til \u00e5 sende opp godkjent fyrverkeri utenfor ring 2 p\u00e5 nytt\u00e5rsaften mellom klokken 18:00\u201302:00. Oppskytingen m\u00e5 ikke foreg\u00e5 i n\u00e6rheten av t\u00f8rr skog og andre brennbare omgivelser.<\/p>\n<p>For en best mulig feiring av det nye \u00e5ret er det noen viktige ting \u00e5 huske p\u00e5:<\/p>\n<ul>\n<li>Det er forbudt \u00e5 la barn under 18 \u00e5r skyte opp fyrverkeri.<\/li>\n<li>Bruk vernebriller, ogs\u00e5 barn og skuelystne b\u00f8r beskytte seg med briller.<\/li>\n<li>Skyt opp privat fyrverkeri p\u00e5 trygg avstand fra andre mennesker, biler og bygninger.<\/li>\n<li>Raketter med styrepinner er forbudt alle steder.<\/li>\n<li>Privatpersoner kan ikke innf\u00f8re fyrverkeri fra utlandet.<\/li>\n<\/ul>\n<p>Kilde: Oslo Kommune<\/p>\n<p><b>Alt toppes <\/b>av de l\u00f8pende samfunnskostnadene. Brannvesen og politi jobber p\u00e5 h\u00f8ygir, sykehus blir belastet i \u00e5rets f\u00f8rste timer og kommunene m\u00e5 rydde avfall i gatene. N\u00e5r en tradisjon blir en \u00e5rlig dugnad i skadebegrensning, m\u00e5 man sp\u00f8rre seg om den fortsatt er verdt det.<\/p>\n<p>Det finnes alternativer. Profesjonelle, kontrollerte fyrverkerishow gir b\u00e5de sikkerhet og spektakul\u00e6re opplevelser, uten at hver hage og hver gate blir en risikosone. Lydl\u00f8se lysinstallasjoner, dronedisplayer og annen teknologi gj\u00f8r det mulig \u00e5 videref\u00f8re festen uten destruktive bivirkninger.<\/p>\n<p>\u00c5 forby privat fyrverkeri handler ikke om \u00e5 ta fra folk gleden. Det handler om \u00e5 ta ansvar for konsekvensene av det vi vet skjer hvert \u00e5r. N\u00e5r kostnaden er s\u00e5 h\u00f8y og alternativene s\u00e5 gode er det vanskelig \u00e5 finne en b\u00e6rekraftig grunn til \u00e5 fortsette som f\u00f8r.<\/p>\n<p><b>Les flere kommentarer, debattinnlegg og <a href=\"https:\/\/www.oslodebatten.no\/oslohistorier\" rel=\"Follow nofollow noopener\" target=\"_blank\">Oslo-historier<\/a> p\u00e5 Avisa Oslos debattside <a href=\"https:\/\/www.oslodebatten.no\/\" rel=\"Follow nofollow noopener\" target=\"_blank\">Oslodebatten<\/a><\/b><\/p>\n<p>  <a href=\"https:\/\/www.ao.no\/5-128-1212237\" class=\"related-teaser has-image default-story-teaser article--c-eRUmMG article--c-eRUmMG-jKCPdD-design-default\" rel=\"nofollow noopener\" target=\"_blank\"><\/p>\n<p>    <img decoding=\"async\" loading=\"lazy\"  src=\"https:\/\/www.europesays.com\/no\/wp-content\/uploads\/2025\/12\/NTB_0_vkDghpCIU.jpg\" alt=\"\" class=\"brick-c-cFOWSL\" style=\"\"\/><\/p>\n<p>\n            Les ogs\u00e5<\/p>\n<p>              I fjor ble det fiasko p\u00e5 R\u00e5dshusplassen. I \u00e5r blir det ingenting\n        <\/p>\n<p>  <\/a><\/p>\n<p>  <a href=\"https:\/\/www.ao.no\/5-128-1212366\" class=\"related-teaser has-image default-opinion-teaser article--c-eRUmMG article--c-eRUmMG-jKCPdD-design-default\" rel=\"nofollow noopener\" target=\"_blank\"><\/p>\n<p>    <img decoding=\"async\" loading=\"lazy\"  src=\"https:\/\/www.europesays.com\/no\/wp-content\/uploads\/2025\/12\/Kommentar+lysshow.png\" alt=\"\" class=\"brick-c-cFOWSL\" style=\"\"\/><\/p>\n<p>\n            Les ogs\u00e5<\/p>\n<p>              To millioner her og to millioner der. Endelig et kutt som det er lett \u00e5 st\u00f8tte\n        <\/p>\n<p>  <\/a><\/p>\n<p>  <a href=\"https:\/\/www.ao.no\/5-128-254419\" class=\"related-teaser has-image default-story-teaser article--c-eRUmMG article--c-eRUmMG-jKCPdD-design-default\" rel=\"nofollow noopener\" target=\"_blank\"><\/p>\n<p>    <img decoding=\"async\" loading=\"lazy\"  src=\"https:\/\/www.europesays.com\/no\/wp-content\/uploads\/2025\/12\/fyrverkeri_til_sigrid.jpg\" alt=\"\" class=\"brick-c-cFOWSL\" style=\"\"\/><\/p>\n<p>\n            Les ogs\u00e5<\/p>\n<p>              Lisa T\u00f8nnes bursdagsgave var godt synlig over byen: \u2013 DET elsker jeg!\n        <\/p>\n<p>  <\/a><\/p>\n<p>  <a href=\"https:\/\/www.ao.no\/5-128-745711\" class=\"related-teaser has-image default-opinion-teaser article--c-eRUmMG article--c-eRUmMG-jKCPdD-design-default\" rel=\"nofollow noopener\" target=\"_blank\"><\/p>\n<p>    <img decoding=\"async\" loading=\"lazy\"  src=\"https:\/\/www.europesays.com\/no\/wp-content\/uploads\/2025\/12\/Design+uten+navn+%2832%29.jpg\" alt=\"\" class=\"brick-c-cFOWSL\" style=\"\"\/><\/p>\n<p>\n            Les ogs\u00e5<\/p>\n<p>              Takk for alt du har gjort for byen min, Christian Ringnes, men fyrverkeri ble et spetakkel\n        <\/p>\n<p>  <\/a><\/p>\n","protected":false},"excerpt":{"rendered":"Fyrverkeri har lenge v\u00e6rt en tradisjon vi nesten tar for gitt, men regningen \u2013 b\u00e5de den menneskelige og&hellip;\n","protected":false},"author":2,"featured_media":111871,"comment_status":"","ping_status":"","sticky":false,"template":"","format":"standard","meta":{"footnotes":""},"categories":[10],"tags":[36,20,21,24,25,10497,15,22,23,13,30,28,29,14,13381,1533,3594,16,13687,26,27],"class_list":{"0":"post-111870","1":"post","2":"type-post","3":"status-publish","4":"format-standard","5":"has-post-thumbnail","7":"category-norge","8":"tag-art","9":"tag-breaking-news","10":"tag-breakingnews","11":"tag-featured-news","12":"tag-featurednews","13":"tag-fyrverkeri","14":"tag-headlines","15":"tag-latest-news","16":"tag-latestnews","17":"tag-news","18":"tag-no","19":"tag-norge","20":"tag-norway","21":"tag-nyheter","22":"tag-nyttarsaften","23":"tag-opinion","24":"tag-oslodebatten","25":"tag-overskrifter","26":"tag-oyeskader","27":"tag-top-stories","28":"tag-topstories"},"share_on_mastodon":{"url":"https:\/\/pubeurope.com\/@no\/115710410544606726","error":""},"_links":{"self":[{"href":"https:\/\/www.europesays.com\/no\/wp-json\/wp\/v2\/posts\/111870","targetHints":{"allow":["GET"]}}],"collection":[{"href":"https:\/\/www.europesays.com\/no\/wp-json\/wp\/v2\/posts"}],"about":[{"href":"https:\/\/www.europesays.com\/no\/wp-json\/wp\/v2\/types\/post"}],"author":[{"embeddable":true,"href":"https:\/\/www.europesays.com\/no\/wp-json\/wp\/v2\/users\/2"}],"replies":[{"embeddable":true,"href":"https:\/\/www.europesays.com\/no\/wp-json\/wp\/v2\/comments?post=111870"}],"version-history":[{"count":0,"href":"https:\/\/www.europesays.com\/no\/wp-json\/wp\/v2\/posts\/111870\/revisions"}],"wp:featuredmedia":[{"embeddable":true,"href":"https:\/\/www.europesays.com\/no\/wp-json\/wp\/v2\/media\/111871"}],"wp:attachment":[{"href":"https:\/\/www.europesays.com\/no\/wp-json\/wp\/v2\/media?parent=111870"}],"wp:term":[{"taxonomy":"category","embeddable":true,"href":"https:\/\/www.europesays.com\/no\/wp-json\/wp\/v2\/categories?post=111870"},{"taxonomy":"post_tag","embeddable":true,"href":"https:\/\/www.europesays.com\/no\/wp-json\/wp\/v2\/tags?post=111870"}],"curies":[{"name":"wp","href":"https:\/\/api.w.org\/{rel}","templated":true}]}}