{"id":111872,"date":"2025-12-13T04:49:00","date_gmt":"2025-12-13T04:49:00","guid":{"rendered":"https:\/\/www.europesays.com\/no\/111872\/"},"modified":"2025-12-13T04:49:00","modified_gmt":"2025-12-13T04:49:00","slug":"equinor-bygget-pa-forus-puster-lettet-ut-etter-lanedrama","status":"publish","type":"post","link":"https:\/\/www.europesays.com\/no\/111872\/","title":{"rendered":"Equinor-bygget p\u00e5 Forus: Puster lettet ut etter l\u00e5nedrama"},"content":{"rendered":"<p>Olje- og gasselskapet Equinor har lenge sondert mulighetene for hvor hovedkontoret skal ligge n\u00e5r leiekontrakten utl\u00f8per i 2030. I dag bruker selskapet 120.000 kvadratmeter p\u00e5 Forus, og n\u00e5 har de landet p\u00e5 at de 4.500 ansatte blir v\u00e6rende p\u00e5 dagens adresse.<\/p>\n<p class=\"subhead\" data-element-type=\"subhead\" data-element-label=\"Mellomtittel\">12 kandidater<\/p>\n<p><b>Selskapet skriver i en pressemelding at de siden oktober 2024 har vurdert 12 alternativer, og at 3 gikk til en sluttrunde.\u00a0<\/b><\/p>\n<p>Valget falt p\u00e5 \u00e5 rehabilitere Forus \u00d8st, der de i dag sitter i et eiendomskompleks med fire bygg. Bygget som sto ferdig i 1981 skal oppgraderes og renoveres, og 80 prosent av dagens bygningsmasse skal gjenbrukes.\u00a0<\/p>\n<p><img decoding=\"async\" class=\"lazyload \" src=\"https:\/\/www.europesays.com\/no\/wp-content\/uploads\/2025\/12\/1765601340_75_pipe\"  data- alt=\"\"\/><\/p>\n<p>FLYTTER IKKE: Equinor-sjef Anders Opedal. <strong>Foto: Thomas Bj\u00f8rnflaten<\/strong><\/p>\n<p>Ombyggingen skal v\u00e6re ferdigstilt i 2030, og en av de mest synlige endringene, blir at hovedinngangen flyttes.\u00a0<\/p>\n<p>\u2013 Med oppgraderingen og ombyggingen som skal gj\u00f8res, vil vi f\u00e5 et moderne hovedkontor. Det har v\u00e6rt viktig for oss \u00e5 ta hensyn til at ansatte er bosatt i hele regionen hvor Forus ligger sentralt, og er tett p\u00e5 kollektivakser og flyplass. Forus \u00d8st har tjent oss godt i 40 \u00e5r og vil gj\u00f8re det ogs\u00e5 i ti\u00e5rene som kommer, sier konsernsjef Anders Opedal i pressemeldingen.<\/p>\n<p class=\"subhead\" data-element-type=\"subhead\" data-element-label=\"Mellomtittel\">L\u00e5nedrama<\/p>\n<p>Bygget har i dag Nordea Liv, DNB Liv og Storebrand Liv som hovedeiere, men fra 2015 til juni i \u00e5r var det eid av amerikanske Brightspire. Brightspire betalte 2,5 milliarder for eiendommen i 2015.<\/p>\n<p><b>I juni gikk et obligasjonsl\u00e5n p\u00e5 1,6 milliarder eid av de tre nevnte livselskapene til forfall ettersom gjeldsgraden var h\u00f8yere enn avtalt.\u00a0<\/b><\/p>\n<p>Brightspire valgte \u00e5 ikke refinansiere, og livselskapene overtok aksjene, skrev Dagens N\u00e6ringsliv i september.<\/p>\n<p>Brightspire er et b\u00f8rsnotert selskap i USA og har penger til \u00e5 innfri l\u00e5net, og de var p\u00e5 et tidspunkt \u00e9n av fem kandidater til \u00e5 f\u00e5 leiekontrakten, men valgte likevel \u00e5 kaste kortene.\u00a0<\/p>\n<p class=\"subhead\" data-element-type=\"subhead\" data-element-label=\"Mellomtittel\">Ingen forklaring<\/p>\n<p>Det er Base Property med Alfred Ydsteb\u00f8 som har jobbet med \u00e5 f\u00e5 Equinor til \u00e5 bli, f\u00f8rst for Brightspire, s\u00e5 for de tre livselskapene. Ydsteb\u00f8 sa til Stavanger Aftenblad i september at han ikke hadde f\u00e5tt noen forklaring fra amerikanerne hvorfor de gikk fra bygget.<\/p>\n<p>Livselskapene puster helt sikkert lettet ut. \u00c5 bli sittende med 120.000 kvadratmeter som fraflyttes i et omr\u00e5de hvor det allerede er h\u00f8y kontorledighet med 7,1 prosent arealledighet, if\u00f8lge\u00a0EiendomsMegler 1 S\u00f8r-Norge, frister ingen. Hadde Equinor flyttet, ville det h\u00f8yst sannsynlig blitt til et nybygg i n\u00e6rheten, og dermed \u00f8kt eiendomsmassen i omr\u00e5det betraktelig.<\/p>\n","protected":false},"excerpt":{"rendered":"Olje- og gasselskapet Equinor har lenge sondert mulighetene for hvor hovedkontoret skal ligge n\u00e5r leiekontrakten utl\u00f8per i 2030.&hellip;\n","protected":false},"author":2,"featured_media":111873,"comment_status":"","ping_status":"","sticky":false,"template":"","format":"standard","meta":{"footnotes":""},"categories":[10],"tags":[20,21,24,25,15,22,23,13,30,28,29,14,16,26,27],"class_list":{"0":"post-111872","1":"post","2":"type-post","3":"status-publish","4":"format-standard","5":"has-post-thumbnail","7":"category-norge","8":"tag-breaking-news","9":"tag-breakingnews","10":"tag-featured-news","11":"tag-featurednews","12":"tag-headlines","13":"tag-latest-news","14":"tag-latestnews","15":"tag-news","16":"tag-no","17":"tag-norge","18":"tag-norway","19":"tag-nyheter","20":"tag-overskrifter","21":"tag-top-stories","22":"tag-topstories"},"share_on_mastodon":{"url":"https:\/\/pubeurope.com\/@no\/115710458047941458","error":""},"_links":{"self":[{"href":"https:\/\/www.europesays.com\/no\/wp-json\/wp\/v2\/posts\/111872","targetHints":{"allow":["GET"]}}],"collection":[{"href":"https:\/\/www.europesays.com\/no\/wp-json\/wp\/v2\/posts"}],"about":[{"href":"https:\/\/www.europesays.com\/no\/wp-json\/wp\/v2\/types\/post"}],"author":[{"embeddable":true,"href":"https:\/\/www.europesays.com\/no\/wp-json\/wp\/v2\/users\/2"}],"replies":[{"embeddable":true,"href":"https:\/\/www.europesays.com\/no\/wp-json\/wp\/v2\/comments?post=111872"}],"version-history":[{"count":0,"href":"https:\/\/www.europesays.com\/no\/wp-json\/wp\/v2\/posts\/111872\/revisions"}],"wp:featuredmedia":[{"embeddable":true,"href":"https:\/\/www.europesays.com\/no\/wp-json\/wp\/v2\/media\/111873"}],"wp:attachment":[{"href":"https:\/\/www.europesays.com\/no\/wp-json\/wp\/v2\/media?parent=111872"}],"wp:term":[{"taxonomy":"category","embeddable":true,"href":"https:\/\/www.europesays.com\/no\/wp-json\/wp\/v2\/categories?post=111872"},{"taxonomy":"post_tag","embeddable":true,"href":"https:\/\/www.europesays.com\/no\/wp-json\/wp\/v2\/tags?post=111872"}],"curies":[{"name":"wp","href":"https:\/\/api.w.org\/{rel}","templated":true}]}}