{"id":111874,"date":"2025-12-13T05:10:10","date_gmt":"2025-12-13T05:10:10","guid":{"rendered":"https:\/\/www.europesays.com\/no\/111874\/"},"modified":"2025-12-13T05:10:10","modified_gmt":"2025-12-13T05:10:10","slug":"brann-i-enebolig-i-sandefjord","status":"publish","type":"post","link":"https:\/\/www.europesays.com\/no\/111874\/","title":{"rendered":"Brann i enebolig i Sandefjord"},"content":{"rendered":"\n<p class=\"_lead_o9xde_2 _lead_xtcu6_50 layout-component text-serif-m layout-normal text-serif-l layout-component layout-wide layout-padded _wide_17hqh_1 layout-padded\">Eneboligen i Sandefjord som natt til l\u00f8rdag begynte \u00e5 brenne, kommer til \u00e5 brenne ned. Politiet har ikke kommet i kontakt med vedkommende som bor i huset.<\/p>\n<ul aria-hidden=\"true\" class=\"_images_ntbth_112\">\n<li><a class=\"_link_ntbth_117\" href=\"https:\/\/www.vg.no\/forfatter\/ntb\" style=\"z-index:1\" title=\"NTB\" rel=\"nofollow noopener\" target=\"_blank\"><img alt=\"Bilde av NTB\" class=\"_image_ntbth_93\" fetchpriority=\"low\" loading=\"lazy\" decoding=\"async\" itemprop=\"image\"  src=\"https:\/\/www.europesays.com\/no\/wp-content\/uploads\/2025\/12\/1765602610_617_c33980b0-5d07-4027-84a1-813f90a7c8d6\"  width=\"480\"\/><\/a><\/li>\n<\/ul>\n<p> Oppdatert l\u00f8rdag 13. desember kl. 05:18     <\/p>\n<p class=\"_paragraph_o9xde_4 _paragraph_xtcu6_10 layout-component text-serif-m layout-normal text-serif-m layout-padded\">\u2013 Det var full fyr i huset da n\u00f8detatene kom til stedet, sier operasjonsleder Jan Kristian Johnsrud i S\u00f8r\u00f8st politidistrikt til NTB ved 4.40-tiden.<\/p>\n<p class=\"_paragraph_o9xde_4 _paragraph_xtcu6_10 layout-component text-serif-m layout-normal text-serif-m layout-padded\">Da var det en dr\u00f8y time siden politiet meldte at n\u00f8detatene hadde rykket ut etter melding om boligbrann i <a href=\"https:\/\/www.vg.no\/tag\/sandefjord?utm_source=vg-article&amp;utm_medium=auto-tagger&amp;utm_campaign=0pE7xM\" class=\"_link_o9xde_39\" rel=\"nofollow noopener\" target=\"_blank\">Sandefjord<\/a>.<\/p>\n<p class=\"_paragraph_o9xde_4 _paragraph_xtcu6_10 layout-component text-serif-m layout-normal text-serif-m layout-padded\">Politiet opplyser at huset, et gammelt trehus, kommer til \u00e5 brenne ned.<\/p>\n<p class=\"_paragraph_o9xde_4 _paragraph_xtcu6_10 layout-component text-serif-m layout-normal text-serif-m layout-padded\">Det er en person registrert p\u00e5 adressen, men politiet har s\u00e5 langt ikke kommet i kontakt med personen.<\/p>\n<p class=\"_paragraph_o9xde_4 _paragraph_xtcu6_10 layout-component text-serif-m layout-normal text-serif-m layout-padded\">\u2013 Vi jobber fortsatt med \u00e5 finne ut av hvor vedkommende kan v\u00e6re, sier operasjonslederen.<\/p>\n","protected":false},"excerpt":{"rendered":"Eneboligen i Sandefjord som natt til l\u00f8rdag begynte \u00e5 brenne, kommer til \u00e5 brenne ned. Politiet har ikke&hellip;\n","protected":false},"author":2,"featured_media":111875,"comment_status":"","ping_status":"","sticky":false,"template":"","format":"standard","meta":{"footnotes":""},"categories":[10],"tags":[20,21,24,25,15,22,23,13,30,28,29,3760,14,16,4782,26,27],"class_list":{"0":"post-111874","1":"post","2":"type-post","3":"status-publish","4":"format-standard","5":"has-post-thumbnail","7":"category-norge","8":"tag-breaking-news","9":"tag-breakingnews","10":"tag-featured-news","11":"tag-featurednews","12":"tag-headlines","13":"tag-latest-news","14":"tag-latestnews","15":"tag-news","16":"tag-no","17":"tag-norge","18":"tag-norway","19":"tag-nodetatene","20":"tag-nyheter","21":"tag-overskrifter","22":"tag-sandefjord","23":"tag-top-stories","24":"tag-topstories"},"share_on_mastodon":{"url":"https:\/\/pubeurope.com\/@no\/115710540421842778","error":""},"_links":{"self":[{"href":"https:\/\/www.europesays.com\/no\/wp-json\/wp\/v2\/posts\/111874","targetHints":{"allow":["GET"]}}],"collection":[{"href":"https:\/\/www.europesays.com\/no\/wp-json\/wp\/v2\/posts"}],"about":[{"href":"https:\/\/www.europesays.com\/no\/wp-json\/wp\/v2\/types\/post"}],"author":[{"embeddable":true,"href":"https:\/\/www.europesays.com\/no\/wp-json\/wp\/v2\/users\/2"}],"replies":[{"embeddable":true,"href":"https:\/\/www.europesays.com\/no\/wp-json\/wp\/v2\/comments?post=111874"}],"version-history":[{"count":0,"href":"https:\/\/www.europesays.com\/no\/wp-json\/wp\/v2\/posts\/111874\/revisions"}],"wp:featuredmedia":[{"embeddable":true,"href":"https:\/\/www.europesays.com\/no\/wp-json\/wp\/v2\/media\/111875"}],"wp:attachment":[{"href":"https:\/\/www.europesays.com\/no\/wp-json\/wp\/v2\/media?parent=111874"}],"wp:term":[{"taxonomy":"category","embeddable":true,"href":"https:\/\/www.europesays.com\/no\/wp-json\/wp\/v2\/categories?post=111874"},{"taxonomy":"post_tag","embeddable":true,"href":"https:\/\/www.europesays.com\/no\/wp-json\/wp\/v2\/tags?post=111874"}],"curies":[{"name":"wp","href":"https:\/\/api.w.org\/{rel}","templated":true}]}}