{"id":111876,"date":"2025-12-13T05:16:09","date_gmt":"2025-12-13T05:16:09","guid":{"rendered":"https:\/\/www.europesays.com\/no\/111876\/"},"modified":"2025-12-13T05:16:09","modified_gmt":"2025-12-13T05:16:09","slug":"air-force-one-usa-nytt-presidentfly-forsinket-igjen","status":"publish","type":"post","link":"https:\/\/www.europesays.com\/no\/111876\/","title":{"rendered":"Air force one, USA | Nytt presidentfly forsinket igjen"},"content":{"rendered":"\n<p>Dersom den datoen holder seg, vil Air Force One-programmet v\u00e6re fire \u00e5r bak skjemaet. To Boeing 747\u20138 jumbojetfly skal bygges om og blant annet utstyres med avanserte kommunikasjons- og forsvarssystemer for \u00e5 bli neste generasjon Air Force One.<\/p>\n<p>\u2013 V\u00e5rt fokus er \u00e5 levere to enest\u00e5ende Air Force One til landet, sier Boeing i en uttalelse.<\/p>\n<p>Navnet som brukes til \u00e5 omtale de spesialbygde jumbojetene, er formelt radiokallesignalet til ethvert amerikansk milit\u00e6rfly der presidenten er om bord. <\/p>\n<p>I februar uttrykte Donald Trump misn\u00f8ye med Boeing, men utelukket den europeiske leverand\u00f8ren Airbus som alternativ leverand\u00f8r. Den siste forsinkelsen inneb\u00e6rer at de nye flyene vil komme p\u00e5 tampen av Trumps periode, som utl\u00f8per i januar 2029. Dermed m\u00e5 presidenten belage seg p\u00e5 \u00e5 bruke de eksisterende presidentflyene fra 1986, som ble bestilt da Ronald Reagan var president og levert til etterf\u00f8lgeren George H.W. Bush i 1990, ogs\u00e5 det etter forsinkelser.<\/p>\n<p>Amerikanske myndigheter ga nylig forsvarsleverand\u00f8ren L3Harris Technologies oppdraget med \u00e5 bygge om en 747 som tidligere har v\u00e6rt brukt av Qatars regjering, slik at det kan brukes som et midlertidig presidentfly i USA. Trump fikk flyet i gave fra Qatars kongefamilie tidligere i \u00e5r.<\/p>\n<p>(\u00a9NTB)<\/p>\n","protected":false},"excerpt":{"rendered":"Dersom den datoen holder seg, vil Air Force One-programmet v\u00e6re fire \u00e5r bak skjemaet. To Boeing 747\u20138 jumbojetfly&hellip;\n","protected":false},"author":2,"featured_media":111877,"comment_status":"","ping_status":"","sticky":false,"template":"","format":"standard","meta":{"footnotes":""},"categories":[12],"tags":[20,21,24,25,15,22,23,13,30,28,29,14,16,26,27,42,43,44,45],"class_list":{"0":"post-111876","1":"post","2":"type-post","3":"status-publish","4":"format-standard","5":"has-post-thumbnail","7":"category-verden","8":"tag-breaking-news","9":"tag-breakingnews","10":"tag-featured-news","11":"tag-featurednews","12":"tag-headlines","13":"tag-latest-news","14":"tag-latestnews","15":"tag-news","16":"tag-no","17":"tag-norge","18":"tag-norway","19":"tag-nyheter","20":"tag-overskrifter","21":"tag-top-stories","22":"tag-topstories","23":"tag-verden","24":"tag-world","25":"tag-world-news","26":"tag-worldnews"},"share_on_mastodon":{"url":"https:\/\/pubeurope.com\/@no\/115710563593541419","error":""},"_links":{"self":[{"href":"https:\/\/www.europesays.com\/no\/wp-json\/wp\/v2\/posts\/111876","targetHints":{"allow":["GET"]}}],"collection":[{"href":"https:\/\/www.europesays.com\/no\/wp-json\/wp\/v2\/posts"}],"about":[{"href":"https:\/\/www.europesays.com\/no\/wp-json\/wp\/v2\/types\/post"}],"author":[{"embeddable":true,"href":"https:\/\/www.europesays.com\/no\/wp-json\/wp\/v2\/users\/2"}],"replies":[{"embeddable":true,"href":"https:\/\/www.europesays.com\/no\/wp-json\/wp\/v2\/comments?post=111876"}],"version-history":[{"count":0,"href":"https:\/\/www.europesays.com\/no\/wp-json\/wp\/v2\/posts\/111876\/revisions"}],"wp:featuredmedia":[{"embeddable":true,"href":"https:\/\/www.europesays.com\/no\/wp-json\/wp\/v2\/media\/111877"}],"wp:attachment":[{"href":"https:\/\/www.europesays.com\/no\/wp-json\/wp\/v2\/media?parent=111876"}],"wp:term":[{"taxonomy":"category","embeddable":true,"href":"https:\/\/www.europesays.com\/no\/wp-json\/wp\/v2\/categories?post=111876"},{"taxonomy":"post_tag","embeddable":true,"href":"https:\/\/www.europesays.com\/no\/wp-json\/wp\/v2\/tags?post=111876"}],"curies":[{"name":"wp","href":"https:\/\/api.w.org\/{rel}","templated":true}]}}