{"id":11188,"date":"2025-08-18T10:04:28","date_gmt":"2025-08-18T10:04:28","guid":{"rendered":"https:\/\/www.europesays.com\/no\/11188\/"},"modified":"2025-08-18T10:04:28","modified_gmt":"2025-08-18T10:04:28","slug":"lett-mc-ulykke-matte-amputere-etter-ulykke-kritisk-til-oking-av-aldersgrensen","status":"publish","type":"post","link":"https:\/\/www.europesays.com\/no\/11188\/","title":{"rendered":"Lett MC, Ulykke | M\u00e5tte amputere etter ulykke \u2013 kritisk til \u00f8king av aldersgrensen"},"content":{"rendered":"\n<p>P\u00e5 fem \u00e5r har det v\u00e6rt n\u00e6r 1100 ulykker med lett motorsykkel. Statistikken viser at 20 unge har mistet livet og i lett MC-ulykker de siste \u00e5tte \u00e5rene i Norge.<\/p>\n<p>N\u00e5 vil -sjef Knut Smedsrud stoppe 16-\u00e5ringer fra \u00e5 kj\u00f8re \u2013 og heve aldersgrensen til 18 \u00e5r. Han mener den h\u00f8ye hastigheten er \u00e5rsaken til mange av d\u00f8dsfallene.<\/p>\n<p>\u2013 Det er vondt \u00e5 se 16- og 17-\u00e5ringer d\u00f8 fordi de kj\u00f8rer et kj\u00f8ret\u00f8y de ikke behersker, sier han til <a href=\"https:\/\/www.nrk.no\/sorlandet\/vil-nekte-16-aringer-a-kjore-lett-mc_-_-for-farlig-1.17526134\" rel=\"Follow nofollow noopener\" target=\"_blank\">NRK<\/a>.<\/p>\n<p>  <a href=\"https:\/\/www.nationen.no\/5-148-774756\" class=\"related-teaser has-image default-story-teaser article--c-eRUmMG article--c-eRUmMG-jKCPdD-design-default\" rel=\"nofollow noopener\" target=\"_blank\"><\/p>\n<p>    <img decoding=\"async\" loading=\"lazy\"  src=\"https:\/\/www.europesays.com\/no\/wp-content\/uploads\/2025\/08\/1755511466_499_cueres_scp-vszmycrbic_vSzMycR0bIc.jpg\" alt=\"\" class=\"brick-c-cFOWSL\" style=\"\"\/><\/p>\n<p>\n            Les ogs\u00e5<\/p>\n<p>              Vil nekte 16-\u00e5ringer \u00e5 kj\u00f8re lett motorsykkel\n        <\/p>\n<p>  <\/a><\/p>\n<p><b>Men ikke alle er positive til forslaget. <\/b><\/p>\n<p>   <img decoding=\"async\" width=\"4284\" height=\"5712\" fetchpriority=\"low\"  loading=\"lazy\"  src=\"https:\/\/www.europesays.com\/no\/wp-content\/uploads\/2025\/08\/unnamed+%2865%29.jpg\" alt=\"\" class=\"brick-c-cFOWSL\" style=\"--brick-image-ratio: 4284 \/ 5712;\"\/><\/p>\n<p>    Victor Setsaas Skage (20) \u00f8nsker ikke at aldersgrensen for bruk av lett motorsykkel skal \u00f8kes til 18 \u00e5r.<br \/>\n    Foto: Privat\n  <\/p>\n<p>En av dem er Victor Setsaas Skage (20). For tre \u00e5r siden mistet han armen og beinet i en alvorlig ulykke med lett motorsykkel. Ulykken kostet han nesten livet, og han sier at han var en av de heldige.<\/p>\n<p>Til tross for at \u00f8kt aldersgrense vil hindre noen ulykker, mener Skage at dette vil v\u00e6re feil vei \u00e5 g\u00e5.<\/p>\n<p>Frihetsf\u00f8lelsen som motorsyklene gir til ungdom p\u00e5 bygda, er verdt \u00e5 verne om, mener han.<\/p>\n<p>\u2013 Jeg angrer ikke p\u00e5 at jeg har kj\u00f8rt lett motorsykkel selv om det som skjedde med meg, skjedde meg.<\/p>\n<p>      Skjebnenatta<\/p>\n<p>Natt til 11. april 2023 fant politiet Victor Skage bevisstl\u00f8s p\u00e5 E6 ved Jessheim. Beinet ble funnet atskilt fra kroppen. I ettertid m\u00e5tte ogs\u00e5 armen amputeres, og 37 brudd repareres.<\/p>\n<p>Selv husker ikke Victor hendelsen. Den sikreste teorien er at en elg kom ut i veibanen, og han valgte \u00e5 kj\u00f8re unna. Det var ingen mistanke om for h\u00f8y fart eller promille.<\/p>\n<p><b>\u2013 Det er veldig mange som tenker \u00abdet skjer ikke meg\u00bb. Det tenkte nok jeg ogs\u00e5, men det skjedde jo med meg, sier han til Nationen. <\/b><\/p>\n<p>   <img decoding=\"async\" width=\"900\" height=\"1600\" fetchpriority=\"low\"  loading=\"lazy\"  src=\"https:\/\/www.europesays.com\/no\/wp-content\/uploads\/2025\/08\/unnamed+%2864%29.jpg\" alt=\"\" class=\"brick-c-cFOWSL\" style=\"--brick-image-ratio: 900 \/ 1600;\"\/><\/p>\n<p>Til tross for ulykken, er han ikke tilhenger av UP-sjefen sitt forslag om \u00f8kt aldersgrense. Victor mener dette vil hindre bevegelsesfriheten til bygdeungdom.<\/p>\n<p>\u2013 Det er trist at alvorlige ulykker skjer. Det hadde jo blitt mer sikkert hvis man \u00f8kte aldersgrensen. Men samtidig er det jo folks egne valg.<\/p>\n<p>      Frihet p\u00e5 to hjul<\/p>\n<p>Selv kommer han fra Feiring i Eidsvoll kommune \u2013 en bygd med lite kollektivtilbud. Det g\u00e5r ingen busser i helgene, og bare et par busser i l\u00f8pet av hverdagene.<\/p>\n<p>Siden bussene sammenfaller med tidene skolen starter og slutter, tok han ofte bussen til skolen p\u00e5 vinteren. Men uten om det var det begrenset hvor mye han kom seg rundt med kollektivt.<\/p>\n<p>   <img decoding=\"async\" width=\"1008\" height=\"756\" fetchpriority=\"low\"  loading=\"lazy\"  src=\"https:\/\/www.europesays.com\/no\/wp-content\/uploads\/2025\/08\/00B7CC6A-7882-41E4-A646-2C7DC4FB2B75.jpeg\" alt=\"\" class=\"brick-c-cFOWSL\" style=\"--brick-image-ratio: 1008 \/ 756;\"\/><\/p>\n<p>    \u2013 Det er jo veldig g\u00f8y \u00e5 kj\u00f8re motorsykkel. Det er jo en veldig sterk frihetsf\u00f8lelse, sier Victor Setsaas Skage.<br \/>\n    Foto: Privat\n  <\/p>\n<p>\u2013 Da var det jo kjempefint \u00e5 ta lettsykkel-lappen. Da kunne jeg komme meg mer rundt. I hvert fall n\u00e5r jeg kommer fra et sted med lite kollektivtransport.<\/p>\n<p>Med lettsykkelen kunne han komme seg overalt. Til skolen, til sm\u00e5jobbene han hadde p\u00e5 den tida, og ikke minst til kompiser. Verden p\u00e5 det lille stedet, ble plutselig st\u00f8rre.<\/p>\n<p>\u2013 For meg og mange av kompisene mine, var det en veldig stor frihet \u00e5 kunne st\u00e5 litt p\u00e5 egne beina og v\u00e6re litt p\u00e5 egen h\u00e5nd. Det er jo en frihetsf\u00f8lelse. Det en stor frihet \u00e5 kan kj\u00f8re rundt og slippe \u00e5 ta kollektivt. Eller sp\u00f8rre mamma og pappa om de kan kj\u00f8re deg dit og dit, ikke sant? sier Victor.<\/p>\n<p>Han tror likevel at et bedre kollektivtilbud i distriktet hadde gjort at f\u00e6rre f\u00f8lte seg fristet til \u00e5 kj\u00f8re motorsykkel.<\/p>\n<p>\u2013 Hvis det var veldig mye mer kollektivt i de omr\u00e5dene der folk kj\u00f8rer lettsykkel i dag, s\u00e5 tror jeg f\u00e6rre hadde tatt sertifikatet. Det er jo tross alt dyrt med lettsykkel og lappen, s\u00e5 det er nok f\u00e6rre som hadde tatt seg r\u00e5d til det.<\/p>\n<p>  <a href=\"https:\/\/www.nationen.no\/5-148-736929\" class=\"related-teaser has-image default-opinion-teaser article--c-eRUmMG article--c-eRUmMG-jKCPdD-design-default\" rel=\"nofollow noopener\" target=\"_blank\"><\/p>\n<p>    <img decoding=\"async\" loading=\"lazy\"  src=\"https:\/\/www.europesays.com\/no\/wp-content\/uploads\/2025\/08\/NTB_cCVIN8P1hh4.jpg\" alt=\"\" class=\"brick-c-cFOWSL\" style=\"\"\/><\/p>\n<p>\n            Les ogs\u00e5<\/p>\n<p>              P\u00e5 bygda er det bil for buss hver dag\n        <\/p>\n<p>  <\/a><br \/>\n  \u2013 Farlige forbikj\u00f8ringer<\/p>\n<p>UP-sjef Knut Smedsrud p\u00e5peker at lett motorsykkel er det farligste kj\u00f8ret\u00f8yet i trafikken.<\/p>\n<p>\u2013 Det er 60 ganger farligere \u00e5 kj\u00f8re lett MC enn bil, og seks ganger farligere enn moped. Den h\u00f8ye hastigheten er \u00e5rsaken til mange av d\u00f8dsfallene, sier han.<\/p>\n<p>   <img decoding=\"async\" width=\"6240\" height=\"4160\" fetchpriority=\"low\"  loading=\"lazy\"  src=\"https:\/\/www.europesays.com\/no\/wp-content\/uploads\/2025\/08\/1755511468_620_NTB_vSzMycR0bIc.jpg\" alt=\"Stj\u00f8rdal  20190319.&#10;Tr\u00f8ndelag politidistrikt har bygd et nytt treningssenter p\u00e5 V\u00e6rnes. Senteret er det eneste av sitt slag i Norge. Forsvarssjef, politimester og politiets beredskapsdirekt\u00f8r var blant de gjestene til stede under den offisielle \u00e5pningen tirsdag. Beredskapsdirekt\u00f8r Knut Smedsrud.&#10;Foto: Ned Alley \/ NTB\" class=\"brick-c-cFOWSL\" style=\"--brick-image-ratio: 6240 \/ 4160;\"\/><\/p>\n<p>    UP-sjef Knut Smedsrud vil stoppe 16-\u00e5ringer fra \u00e5 kj\u00f8re lett motorsykkel ved \u00e5 heve aldersgrensen til 18 \u00e5r.<br \/>\n    Foto: Ned Alley \/ NTB\n  <\/p>\n<p>Victor Skage mener likevel at den lave farten til moped ogs\u00e5 kan v\u00e6re en fare i seg selv.<\/p>\n<p>\u2013 De har jo lov til \u00e5 kj\u00f8re p\u00e5 80 soner p\u00e5 landeveier, men de f\u00e5r ikke lov til \u00e5 kj\u00f8re i mer enn 45. Det skaper veldig irritasjon. Hvis det blir lange k\u00f8er bak, kan det bli farlige forbikj\u00f8ringer.<\/p>\n<p>\u2013 Jeg synes de skulle f\u00e5tt lov til \u00e5 kj\u00f8re i 60 eller 70 km\/t.<\/p>\n<p>\u2013 S\u00e5 du mener det ogs\u00e5 er en trafikkrisiko at mopedene g\u00e5r for sakte?<\/p>\n<p>\u2013 Jeg merker det ogs\u00e5 selv n\u00e5r jeg kj\u00f8rer bil p\u00e5 landeveier med 80 km\/t og det ligger en moped foran som ligger i 45 km\/t. Det blir jo en farlig situasjon.<\/p>\n<p>  <a href=\"https:\/\/www.nationen.no\/5-148-767541\" class=\"related-teaser has-image default-story-teaser article--c-eRUmMG article--c-eRUmMG-jKCPdD-design-default\" rel=\"nofollow noopener\" target=\"_blank\"><\/p>\n<p>    <img decoding=\"async\" loading=\"lazy\"  src=\"https:\/\/www.europesays.com\/no\/wp-content\/uploads\/2025\/08\/1755511468_289_ulykke.jpg\" alt=\"\" class=\"brick-c-cFOWSL\" style=\"\"\/><\/p>\n<p>\n            Les ogs\u00e5<\/p>\n<p>              Ulykke mellom traktor og personbil \u2013 flere sendt med luftambulanse\n        <\/p>\n<p>  <\/a><br \/>\n  Vil ha mer oppl\u00e6ring om ulykker<\/p>\n<p>N\u00e5r Victor tenker tilbake til klasserom-oppl\u00e6ringen han og kompisene hadde som 16-\u00e5ring, kan han ikke huske \u00e5 ha h\u00f8rt mye om ulykkesstatistikk og tiltak man kan gj\u00f8re selv.<\/p>\n<p>\u2013 Det jeg har tenkt mest p\u00e5, er at vi under oppl\u00e6ring til sertifikat kunne f\u00e5tt vist mer statistikk. Vi kunne prata mer om hvor stor forskjell det kan v\u00e6re for de som bruker fullt kj\u00f8reutstyr, og de som bare har hjelm.<\/p>\n<p>P\u00e5 ulykkesnatta for tre \u00e5r siden hadde Victor p\u00e5 seg fullt kj\u00f8reutstyr. Det var det som reddet livet hans.<\/p>\n<p>Den dag i dag er det kun p\u00e5budt med hjelm n\u00e5r man skal kj\u00f8re lett motorsykkel. Victor mener at p\u00e5bud om mer kj\u00f8reutstyr kunne ha f\u00e5tt ned ulykkesstatistikken.<\/p>\n<p>\u2013 Det finnes jo kj\u00f8rehansker, kj\u00f8rebukse, kj\u00f8resko og andre ting. Det kan skille mellom liv og d\u00f8d.<\/p>\n<p>Dette tiltaket mener han er et bedre alternativ enn \u00f8kt aldersgrense. I tillegg ettersp\u00f8r han mer diskusjon om ulykker under oppl\u00e6ringen.<\/p>\n<p>\u2013 Folk under oppl\u00e6ring kan f\u00e5 det mer trykka inn i hodet at det kan v\u00e6re veldig farlig. Bare p\u00e5 et splitt-sekund kan det g\u00e5 fra liv til d\u00f8d. Det er veldig sm\u00e5 marginer.<\/p>\n<p>\u2013 Jeg er jo for s\u00e5 vidt heldig, for jeg er her fortsatt. Det er andre som er mindre heldige.<\/p>\n<p>  <a href=\"https:\/\/www.nationen.no\/5-148-771994\" class=\"related-teaser has-image default-feature-teaser article--c-eRUmMG article--c-eRUmMG-jKCPdD-design-default\" rel=\"nofollow noopener\" target=\"_blank\"><\/p>\n<p>    <img decoding=\"async\" loading=\"lazy\"  src=\"https:\/\/www.europesays.com\/no\/wp-content\/uploads\/2025\/08\/tjelta+ida+aksland+ung+p%C3%A5+byda-1-16.jpg\" alt=\"\" class=\"brick-c-cFOWSL\" style=\"\"\/><\/p>\n<p>\n            Les ogs\u00e5<\/p>\n<p>              Ung p\u00e5 bygda: \u2013 Det er egentlig ikke s\u00e5 rart at vi gj\u00f8r ting som ikke er greit\n        <\/p>\n<p>  <\/a><\/p>\n","protected":false},"excerpt":{"rendered":"P\u00e5 fem \u00e5r har det v\u00e6rt n\u00e6r 1100 ulykker med lett motorsykkel. Statistikken viser at 20 unge har&hellip;\n","protected":false},"author":2,"featured_media":11189,"comment_status":"","ping_status":"","sticky":false,"template":"","format":"standard","meta":{"footnotes":""},"categories":[5],"tags":[2304,36,20,21,24,25,15,19,2305,22,23,2303,17,18,13,30,28,29,14,16,223,1510,26,27,224,51],"class_list":{"0":"post-11188","1":"post","2":"type-post","3":"status-publish","4":"format-standard","5":"has-post-thumbnail","7":"category-overskrifter","8":"tag-aldersgrense","9":"tag-art","10":"tag-breaking-news","11":"tag-breakingnews","12":"tag-featured-news","13":"tag-featurednews","14":"tag-headlines","15":"tag-hovedoppslag","16":"tag-kollektivtilbud","17":"tag-latest-news","18":"tag-latestnews","19":"tag-lett-mc","20":"tag-main-news","21":"tag-mainnews","22":"tag-news","23":"tag-no","24":"tag-norge","25":"tag-norway","26":"tag-nyheter","27":"tag-overskrifter","28":"tag-samferdsel","29":"tag-story","30":"tag-top-stories","31":"tag-topstories","32":"tag-trafikk","33":"tag-ulykke"},"share_on_mastodon":{"url":"","error":""},"_links":{"self":[{"href":"https:\/\/www.europesays.com\/no\/wp-json\/wp\/v2\/posts\/11188","targetHints":{"allow":["GET"]}}],"collection":[{"href":"https:\/\/www.europesays.com\/no\/wp-json\/wp\/v2\/posts"}],"about":[{"href":"https:\/\/www.europesays.com\/no\/wp-json\/wp\/v2\/types\/post"}],"author":[{"embeddable":true,"href":"https:\/\/www.europesays.com\/no\/wp-json\/wp\/v2\/users\/2"}],"replies":[{"embeddable":true,"href":"https:\/\/www.europesays.com\/no\/wp-json\/wp\/v2\/comments?post=11188"}],"version-history":[{"count":0,"href":"https:\/\/www.europesays.com\/no\/wp-json\/wp\/v2\/posts\/11188\/revisions"}],"wp:featuredmedia":[{"embeddable":true,"href":"https:\/\/www.europesays.com\/no\/wp-json\/wp\/v2\/media\/11189"}],"wp:attachment":[{"href":"https:\/\/www.europesays.com\/no\/wp-json\/wp\/v2\/media?parent=11188"}],"wp:term":[{"taxonomy":"category","embeddable":true,"href":"https:\/\/www.europesays.com\/no\/wp-json\/wp\/v2\/categories?post=11188"},{"taxonomy":"post_tag","embeddable":true,"href":"https:\/\/www.europesays.com\/no\/wp-json\/wp\/v2\/tags?post=11188"}],"curies":[{"name":"wp","href":"https:\/\/api.w.org\/{rel}","templated":true}]}}