{"id":111882,"date":"2025-12-13T05:23:13","date_gmt":"2025-12-13T05:23:13","guid":{"rendered":"https:\/\/www.europesays.com\/no\/111882\/"},"modified":"2025-12-13T05:23:13","modified_gmt":"2025-12-13T05:23:13","slug":"slik-minner-venezuela-om-irak-krigen","status":"publish","type":"post","link":"https:\/\/www.europesays.com\/no\/111882\/","title":{"rendered":"Slik minner Venezuela om Irak-krigen"},"content":{"rendered":"\n<ul class=\"_list_o9xde_3 _list_64s2r_85 _unordered_o9xde_106 text-sans-m\">\n<li class=\"_item_o9xde_30\">Trump-administrasjonen beslagla nylig en oljetanker fra Venezuela.<\/li>\n<li class=\"_item_o9xde_30\">USA beskylder president Maduro for \u00e5 st\u00f8tte narkoterrorisme.<\/li>\n<li class=\"_item_o9xde_30\">Kritikere ser likheter mellom dagens situasjon og invasjonen av Irak i 2003.<\/li>\n<\/ul>\n<p>Vis mer <\/p>\n<p class=\"_paragraph_o9xde_4 _paragraph_xtcu6_10 layout-component text-serif-m layout-normal text-serif-m layout-padded\">President Donald Trump sier fredag at USA snart vil begynne angrep for \u00e5 hindre at narkotika finner veien fra <a href=\"https:\/\/www.vg.no\/tag\/venezuela?utm_source=vg-article&amp;utm_medium=auto-tagger&amp;utm_campaign=6qne2e\" class=\"_link_o9xde_39\" rel=\"nofollow noopener\" target=\"_blank\">Venezuela<\/a> til USA over land.<\/p>\n<p class=\"_paragraph_o9xde_4 _paragraph_xtcu6_10 layout-component text-serif-m layout-normal text-serif-m layout-padded\">\u2013 Narkotrafikk til sj\u00f8s har g\u00e5tt ned 92 prosent, og vi begynner p\u00e5 land veldig snart, sier Trump.<\/p>\n<p class=\"_paragraph_o9xde_4 _paragraph_xtcu6_10 layout-component text-serif-m layout-normal text-serif-m layout-padded\">Onsdag ble det kjent at amerikanske styrker har avsk\u00e5ret og tatt <a href=\"https:\/\/www.vg.no\/nyheter\/i\/WvL37a\/usa-har-tatt-beslag-i-oljetanker-utenfor-venezuela-melder-bloomberg\" data-track-element-type=\"Link\" data-track-id=\"link:WvL37a\" class=\"_link_o9xde_39\" rel=\"nofollow noopener\" target=\"_blank\">beslag i en oljetanker utenfor kysten av Venezuela<\/a>. Kilder sier til Reuters at amerikanerne vurderer flere slike aksjoner.<\/p>\n<p class=\"_paragraph_o9xde_4 _paragraph_xtcu6_10 layout-component text-serif-m layout-normal text-serif-m layout-padded\"><strong class=\"_strong_o9xde_25\">\u00abSj\u00f8r\u00f8veri\u00bb, raser Venezuela.<\/strong><\/p>\n<p class=\"_paragraph_o9xde_4 _paragraph_xtcu6_10 layout-component text-serif-m layout-normal text-serif-m layout-padded\">I m\u00e5nedsvis har Trump og hans statsr\u00e5der stemplet diktaturet i Venezuela som en kriminell stat. <\/p>\n<p class=\"_paragraph_o9xde_4 _paragraph_xtcu6_10 layout-component text-serif-m layout-normal text-serif-m layout-padded\"><strong class=\"_strong_o9xde_25\">\u00abNarko-terrorister\u00bb, sier Trump om Venezuela-president Nicol\u00e1s Maduros regime.<\/strong><\/p>\n<p>    Avviser etterretning<\/p>\n<p class=\"_paragraph_o9xde_4 _paragraph_xtcu6_10 layout-component text-serif-m layout-normal text-serif-m layout-padded\">Opptrappingen mot en mulig v\u00e6pnet konflikt med Venezuela \u2013 Trump-administrasjonen er varsomme med \u00e5 bruke ordet krig \u2013 har f\u00e5tt mange av kritikerne til \u00e5 g\u00e5 bakover i tid.<\/p>\n<p class=\"_paragraph_o9xde_4 _paragraph_xtcu6_10 layout-component text-serif-m layout-normal text-serif-m layout-padded\">Argumentene som brukes for \u00e5 gripe inn mot Venezuela, har en skremmende likhet med de som ble brukt f\u00f8r krigen mot Irak i 2003, p\u00e5peker den tidligere CIA-eksperten Paul Pillar.<\/p>\n<p class=\"_paragraph_o9xde_4 _paragraph_xtcu6_10 layout-component text-serif-m layout-normal text-serif-m layout-padded\"><strong class=\"_strong_o9xde_25\">\u2013 F\u00f8r Irak-krigen ble etterretning som gikk imot det regjeringen hadde bestemt seg for enten oversett eller avvist. Vi ser akkurat det samme n\u00e5, sier Pillar til VG.<\/strong><\/p>\n<p class=\"_paragraph_o9xde_4 _paragraph_xtcu6_10 layout-component text-serif-m layout-normal text-serif-m layout-padded\">\u2013 I 2003 ble det ikke gjennomf\u00f8rt en grundig evaluering av hva som ville skje etter Saddam HusseinSaddam HusseinSaddam Hussein var en irakisk politiker som var president i\u00a0Irak\u00a0fra 1979 til 2003. P\u00e5 1980- og 1990-tallet var han en av verdens mest fryktede diktatorer, og ledet landet inn i langvarige, kostbare kriger med nabolandene\u00a0Iran\u00a0og\u00a0Kuwait. Han stod imidlertid ogs\u00e5 bak store utviklingsprosjekter innen helse, utdanning og infrastruktur. Saddam Hussein ble til slutt felt av den USA-ledede\u00a0invasjonen av Irak i 2003, etter at\u00a0USA\u00a0og\u00a0Storbritannia\u00a0feilaktig hevdet at han hadde masse\u00f8deleggelsesv\u00e5pen. Saddam Hussein ble arrestert og stilt for retten, og henrettet 30. desember 2006. Kilde: Store Norske Leksikons regime i Irak ble felt. En slik evaluering mangler ogs\u00e5 n\u00e5 for Venezuela, utdyper han.<\/p>\n<p><img alt=\"Paul R. Pillar fra tiden i CIA p\u00e5 2000-tallet.  Foto: Foto: Privat\" class=\"_image_qp4xg_65 layout-component layout-normal\" data-fullscreen- data-track-element-type=\"Article image fullscreen\" data-track-name=\"ImageFullscreen\" decoding=\"async\" loading=\"lazy\" height=\"1038\" itemprop=\"image\"  src=\"https:\/\/www.europesays.com\/no\/wp-content\/uploads\/2025\/12\/d40fbba9-df8e-4d22-b9cd-b14a73253958\"  style=\"object-position:0% 0%\" width=\"1195\"\/>Paul R. Pillar fra tiden i CIA p\u00e5 2000-tallet.  Foto: Foto: Privat Gjentar fortidens feil<\/p>\n<p class=\"_paragraph_o9xde_4 _paragraph_xtcu6_10 layout-component text-serif-m layout-normal text-serif-m layout-padded\">Pillar hadde ansvar for nettopp Irak, som etterretninssjef for Midt\u00f8sten mellom 2000 og 2005. <\/p>\n<p class=\"_paragraph_o9xde_4 _paragraph_xtcu6_10 layout-component text-serif-m layout-normal text-serif-m layout-padded\">Han var med p\u00e5 utforme rapporter som avviste noen av de viktigste argumentene for \u00e5 g\u00e5 til krig i Irak, og som p\u00e5pekte hvilket kaos som kunne oppst\u00e5 hvis regimet falt.<\/p>\n<p class=\"_paragraph_o9xde_4 _paragraph_xtcu6_10 layout-component text-serif-m layout-normal text-serif-m layout-padded\"><strong class=\"_strong_o9xde_25\">Men regjeringen til dav\u00e6rende president George W. Bush lyttet ikke, fordi man hadde bestemt seg p\u00e5 forh\u00e5nd for \u00e5 g\u00e5 til krig mot Irak, mener Pillar.<\/strong><\/p>\n<p class=\"_paragraph_o9xde_4 _paragraph_xtcu6_10 layout-component text-serif-m layout-normal text-serif-m layout-padded\">Eksperten skriver for tidsskriftet <a href=\"https:\/\/responsiblestatecraft.org\/iraq-war-venezeula\/\" class=\"_link_o9xde_39\" rel=\"nofollow noopener\" target=\"_blank\">Responsible Statecraft<\/a>, der han har analysert forl\u00f8pet til Irak-krigen, og sammenlignet det med dagens situasjon.<\/p>\n<p class=\"_paragraph_o9xde_4 _paragraph_xtcu6_10 layout-component text-serif-m layout-normal text-serif-m layout-padded\">\u2013 Etterretning tyder p\u00e5 at det ikke stemmer at Maduro-regimet kontrollerer narko-kartellene som Trump vil utslette. Etterretning peker ogs\u00e5 mot at selv hvis Maduro blir felt, s\u00e5 vil det fortsatt v\u00e6re motstand mot USA.<\/p>\n<p class=\"_paragraph_o9xde_4 _paragraph_xtcu6_10 layout-component text-serif-m layout-normal text-serif-m layout-padded\">Bildegalleri under: amerikanske spesialsoldater g\u00e5r til aksjon mot oljetankeren fra Venezuela<\/p>\n<ul class=\"_gallery_1qa3s_23\" tabindex=\"0\">\n<li class=\"_item_1qa3s_37\" data-index=\"0\"><img decoding=\"async\" class=\"_image_foru8_23 _articleGallery_foru8_39\" data-fullscreen- width=\"3940\" height=\"2627\" itemprop=\"image\" loading=\"lazy\"  src=\"https:\/\/www.europesays.com\/no\/wp-content\/uploads\/2025\/12\/fc56fb06-f4c3-47e5-b805-60bfb9b96764\"  style=\"object-position:50% 50%;aspect-ratio:var(--gallery-aspect-ratio, 16 \/ 9)\"\/>Foto: AP \/ NTB<\/li>\n<li class=\"_item_1qa3s_37\" data-index=\"1\"><img decoding=\"async\" class=\"_image_foru8_23 _articleGallery_foru8_39\" data-fullscreen- width=\"4011\" height=\"2674\" itemprop=\"image\" loading=\"lazy\"  src=\"https:\/\/www.europesays.com\/no\/wp-content\/uploads\/2025\/12\/696700af-ce61-49f2-879a-40bb7a0a654a\"  style=\"object-position:50% 50%;aspect-ratio:var(--gallery-aspect-ratio, 16 \/ 9)\"\/>Foto: AP \/ NTB<\/li>\n<li class=\"_item_1qa3s_37\" data-index=\"2\"><img decoding=\"async\" class=\"_image_foru8_23 _articleGallery_foru8_39\" data-fullscreen- width=\"1593\" height=\"963\" itemprop=\"image\" loading=\"lazy\"  src=\"https:\/\/www.europesays.com\/no\/wp-content\/uploads\/2025\/12\/038ef759-4555-4ace-b64a-ac4d47865f3a\"  style=\"object-position:50% 50%;aspect-ratio:var(--gallery-aspect-ratio, 16 \/ 9)\"\/>Dette stillbildet er hentet fra en video som skal vise den amerikanske operasjonen om bord skipet. Foto: HANDOUT \/ AFP \/ NTB<\/li>\n<\/ul>\n<p class=\"_paragraph_o9xde_4 _paragraph_xtcu6_10 layout-component text-serif-m layout-normal text-serif-m layout-padded\"><strong class=\"_strong_o9xde_25\">Ogs\u00e5 tidsskriftet <a href=\"https:\/\/foreignpolicy.com\/2025\/12\/01\/venezuela-iraq-regime-change-trump\/?utm_source=chatgpt.com\" class=\"_link_o9xde_39\" rel=\"nofollow noopener\" target=\"_blank\">Foreign Policy<\/a> har sammenlignet en mulig krig med Venezuela med krigen i Irak. <\/strong><\/p>\n<p class=\"_paragraph_o9xde_4 _paragraph_xtcu6_10 layout-component text-serif-m layout-normal text-serif-m layout-padded\">En annen som har p\u00e5pekt likheten er komikeren, og Trump-kritikeren, Jon Stewart i <a href=\"https:\/\/www.facebook.com\/thedailyshow\/videos\/jon-goes-old-school-tds-on-trumps-venezuela-aggression\/1336930641058200\/\" class=\"_link_o9xde_39\" rel=\"nofollow noopener\" target=\"_blank\">The Daily Show<\/a>.<\/p>\n<p class=\"_paragraph_o9xde_4 _paragraph_xtcu6_10 layout-component text-serif-m layout-normal text-serif-m layout-padded\"><strong class=\"_strong_o9xde_25\">Programmet har kryssklippet uttalelser som ble brukt f\u00f8r den amerikanske invasjonen av Irak i 2003, og uttalelser som blir brukt n\u00e5.<\/strong><\/p>\n<p class=\"_paragraph_o9xde_4 _paragraph_xtcu6_10 layout-component text-serif-m layout-normal text-serif-m layout-padded\">Det satiriske klippet viser hvordan ordbruken i mange tilfeller er identisk.<\/p>\n<p><img alt=\"KRITISK: Komiker og samfunnsdebatant Jon Stewart.  Foto: ZACH GIBSON \/ AFP \/ NTB\" class=\"_image_qp4xg_65 layout-component layout-normal\" data-fullscreen- data-track-element-type=\"Article image fullscreen\" data-track-name=\"ImageFullscreen\" decoding=\"async\" loading=\"lazy\" height=\"3456\" itemprop=\"image\"  src=\"https:\/\/www.europesays.com\/no\/wp-content\/uploads\/2025\/12\/72ec81b3-cc15-491b-847c-6eda1980aefd\"  style=\"object-position:0% 0%\" width=\"5184\"\/>KRITISK: Komiker og samfunnsdebatant Jon Stewart.  Foto: ZACH GIBSON \/ AFP \/ NTB<\/p>\n<p class=\"_paragraph_o9xde_4 _paragraph_xtcu6_10 layout-component text-serif-m layout-normal text-serif-m layout-padded _large_xtcu6_30\">S\u00e5 hva er likhetstrekkene? <\/p>\n<p> V\u00e5pen-l\u00f8gnen<\/p>\n<ul class=\"_list_o9xde_3 _list_xtcu6_9 _unordered_o9xde_106 layout-component text-serif-m layout-normal text-serif-m layout-padded\">\n<li class=\"_item_o9xde_30\"><strong class=\"_strong_o9xde_25\">Masse\u00f8deleggelsesv\u00e5pen: <\/strong>Selve hovedargumentet for en krig mot Irak, var at den irakiske diktatoren Saddam Husseins regime hadde kjemiske v\u00e5pen i s\u00e5 stort monn, at det ble omtalt som masse\u00f8deleggelsesv\u00e5pen. <\/li>\n<\/ul>\n<p class=\"_paragraph_o9xde_4 _paragraph_xtcu6_10 layout-component text-serif-m layout-normal text-serif-m layout-padded\">N\u00e5 har blant annet utenriksminister Marco Rubio hevdet at det narkotiske stoffet fentanyl er et masse\u00f8delegelsesv\u00e5pen som brukes mot USA. <\/p>\n<p class=\"_paragraph_o9xde_4 _paragraph_xtcu6_10 layout-component text-serif-m layout-normal text-serif-m layout-padded\"><strong class=\"_strong_o9xde_25\">Det er ingen tvil om at fentanyl er skyld i <a href=\"https:\/\/www.vg.no\/nyheter\/i\/2Bz5ky\/det-er-djevelen-som-styrer-her\" data-track-element-type=\"Link\" data-track-id=\"link:2Bz5ky\" class=\"_link_o9xde_39\" rel=\"nofollow noopener\" target=\"_blank\">grusomme lidelser i USA<\/a>, men det produseres ikke i Venezuela, p\u00e5peker kritikerne. <\/strong><\/p>\n<p class=\"_paragraph_o9xde_4 _paragraph_xtcu6_10 layout-component text-serif-m layout-normal text-serif-m layout-padded\">I Irak ble det avdekket kjemiske v\u00e5pen, men ikke i den skala at det utgjorde masse\u00f8deleggelsesv\u00e5pen. De feilaktige uttalelsene i forkant er blitt st\u00e5ende som den st\u00f8rste usannheten f\u00f8r krigen i Irak.<\/p>\n<p><img alt=\"DIKTATOR: Saddam Hussein  Foto: Faleh Kheiber \/ Reuters \/ NTB\" class=\"_image_qp4xg_65 layout-component layout-normal\" data-fullscreen- data-track-element-type=\"Article image fullscreen\" data-track-name=\"ImageFullscreen\" decoding=\"async\" loading=\"lazy\" height=\"1305\" itemprop=\"image\"  src=\"https:\/\/www.europesays.com\/no\/wp-content\/uploads\/2025\/12\/491487ca-25ba-4018-93d6-c49e39c2df2a\"  style=\"object-position:0% 0%\" width=\"1496\"\/>DIKTATOR: Saddam Hussein  Foto: Faleh Kheiber \/ Reuters \/ NTB Andre likheter<\/p>\n<ul class=\"_list_o9xde_3 _list_xtcu6_9 _unordered_o9xde_106 layout-component text-serif-m layout-normal text-serif-m layout-padded\">\n<li class=\"_item_o9xde_30\"><strong class=\"_strong_o9xde_25\">Terror: <\/strong>Bush-administrasjonen hevdet at Saddam Hussein ledet et terrornettverk, og n\u00e5 brukes samme anklage mot Maduro-regimet. <\/li>\n<\/ul>\n<p class=\"_paragraph_o9xde_4 _paragraph_xtcu6_10 layout-component text-serif-m layout-normal text-serif-m layout-padded\">Ikke bare anklages den venezuelanske diktatoren for selv \u00e5 v\u00e6re en \u00abnarko-terrorist\u00bb, men det hevdes at Venezuela har n\u00e6re b\u00e5nd til Hizbollah og Iran. <\/p>\n<p class=\"_paragraph_o9xde_4 _paragraph_xtcu6_10 layout-component text-serif-m layout-normal text-serif-m layout-padded\">Eksperter p\u00e5peker at det finnes slike bindeledd, men at de ikke er i n\u00e6rheten av s\u00e5 alvorlige som Trump-administrasjonen hevder.<\/p>\n<p class=\"_paragraph_o9xde_4 _paragraph_xtcu6_10 layout-component text-serif-m layout-normal layout-padded\"><strong class=\"_strong_o9xde_25\">Les ogs\u00e5:<\/strong> <a href=\"https:\/\/www.vg.no\/i\/8pwz6E\" data-track-element-type=\"Link\" data-track-id=\"link:8pwz6E\" class=\"_link_o9xde_39\" rel=\"nofollow noopener\" target=\"_blank\">Machado til VG: Trosset r\u00e5d om \u00e5 droppe norgesbes\u00f8k<\/a><\/p>\n<ul class=\"_list_o9xde_3 _list_xtcu6_9 _unordered_o9xde_106 layout-component text-serif-m layout-normal text-serif-m layout-padded\">\n<li class=\"_item_o9xde_30\"><strong class=\"_strong_o9xde_25\">Etterretning:<\/strong> I oppbyggingen mot krigen i Irak ble det vist til etterretning som skulle st\u00f8tte at Hussein-regimet sto i ledtog med al-Qaida, og dermed hadde skyld i det voldsomme terrorangrepet mot USA 11. september 2001. Det var feilaktig bruk av etterretning, koblingen var ikke reell.<\/li>\n<\/ul>\n<p class=\"_paragraph_o9xde_4 _paragraph_xtcu6_10 layout-component text-serif-m layout-normal text-serif-m layout-padded\">Trump har stemplet den venezuelanske gjengen Tren de Aragua, som har <a href=\"https:\/\/www.vg.no\/nyheter\/i\/KMXMP7\/dette-er-de-kriminelle-trump-vil-kaste-ut-nabolaget-lever-i-frykt\" data-track-element-type=\"Link\" data-track-id=\"link:KMXMP7\" class=\"_link_o9xde_39\" rel=\"nofollow noopener\" target=\"_blank\">beg\u00e5tt grov voldskriminalitet i USA<\/a>, som terrorister. <\/p>\n<p class=\"_paragraph_o9xde_4 _paragraph_xtcu6_10 layout-component text-serif-m layout-normal text-serif-m layout-padded\">Han hevder at gjengen har tette b\u00e5nd til Maduros regime, men etterretning tyder p\u00e5 at det ikke stemmer.<\/p>\n<p><img alt=\"DIKTATOR: Venezuelas president Nicol\u00e1s Maduro  Foto: FEDERICO PARRA \/ AFP \/ NTB\" class=\"_image_qp4xg_65 layout-component layout-normal\" data-fullscreen- data-track-element-type=\"Article image fullscreen\" data-track-name=\"ImageFullscreen\" decoding=\"async\" loading=\"lazy\" height=\"4447\" itemprop=\"image\"  src=\"https:\/\/www.europesays.com\/no\/wp-content\/uploads\/2025\/12\/85b8e1e0-dfd2-461c-9897-8b9842d27b91\"  style=\"object-position:0% 0%\" width=\"6670\"\/>DIKTATOR: Venezuelas president Nicol\u00e1s Maduro  Foto: FEDERICO PARRA \/ AFP \/ NTB<\/p>\n<ul class=\"_list_o9xde_3 _list_xtcu6_9 _unordered_o9xde_106 layout-component text-serif-m layout-normal text-serif-m layout-padded\">\n<li class=\"_item_o9xde_30\"><strong class=\"_strong_o9xde_25\">Lett match:<\/strong> I forkant av Irak-krigen hevdet Bush-administrasjonen at det ville bli enkelt \u00e5 beseire Saddam Husseins regime. Og selv om regimet etter hvert kollapset som et korthus, kjempet deler av h\u00e6ren videre som militsgrupper. Irak-krigen st\u00e5r igjen som en av de blodigste i Midt\u00f8sten, og er en konflikt USA fortsatt er involvert i.<\/li>\n<\/ul>\n<p class=\"_paragraph_o9xde_4 _paragraph_xtcu6_10 layout-component text-serif-m layout-normal text-serif-m layout-padded\">I Venezuela sitt tilfelle blir dette ogs\u00e5 fremstilt som lett match, men amerikanske eksperter er delt i synet: Man vet ikke hvor godt skikket regimet vil v\u00e6re til \u00e5 sl\u00e5 tilbake. Men at Maduro har st\u00e5lkontroll ser ut til \u00e5 v\u00e6re hevet over enhver tvil.<\/p>\n<p><img alt=\"HVA VAR SANT? President George W. Bush og visepresident Dick Cheney i 2003. Sistnevnte regnes som en p\u00e5driver for krigen i Irak.  Foto: STEPHEN JAFFE \/ AFP \/ NTB\" class=\"_image_qp4xg_65 layout-component layout-normal\" data-fullscreen- data-track-element-type=\"Article image fullscreen\" data-track-name=\"ImageFullscreen\" decoding=\"async\" loading=\"lazy\" height=\"1665\" itemprop=\"image\"  src=\"https:\/\/www.europesays.com\/no\/wp-content\/uploads\/2025\/12\/4d83ef04-f19a-4051-854b-def1707dde55\"  style=\"object-position:0% 0%\" width=\"2048\"\/>HVA VAR SANT? President George W. Bush og visepresident Dick Cheney i 2003. Sistnevnte regnes som en p\u00e5driver for krigen i Irak.  Foto: STEPHEN JAFFE \/ AFP \/ NTB<\/p>\n<ul class=\"_list_o9xde_3 _list_xtcu6_9 _unordered_o9xde_106 layout-component text-serif-m layout-normal text-serif-m layout-padded\">\n<li class=\"_item_o9xde_30\"><strong class=\"_strong_o9xde_25\">Oljerikdommen:<\/strong> I forkant av Irak-krigen ble det p\u00e5pekt at det var en trussel mot internasjonal \u00f8konomi og sikkerhet at et diktatur hadde kontrollen p\u00e5 s\u00e5 enorme oljeressurser.<\/li>\n<\/ul>\n<p class=\"_paragraph_o9xde_4 _paragraph_xtcu6_10 layout-component text-serif-m layout-normal text-serif-m layout-padded\">Dette gjentas n\u00e5 for Venezuela, der det ogs\u00e5 er enorme mengder sjeldne og verdifulle mineraler.<\/p>\n<p class=\"_paragraph_o9xde_4 _paragraph_xtcu6_10 layout-component text-serif-m layout-normal layout-padded\"><strong class=\"_strong_o9xde_25\">Les ogs\u00e5:<\/strong> <a href=\"https:\/\/www.vg.no\/i\/2p1lWv\" data-track-element-type=\"Link\" data-track-id=\"link:2p1lWv\" class=\"_link_o9xde_39\" rel=\"nofollow noopener\" target=\"_blank\">Forteller om flukten til Machado: \u2013 Hun er fortsatt i fare<\/a><\/p>\n<p> Rubio er krigshisseren<\/p>\n<p class=\"_paragraph_o9xde_4 _paragraph_xtcu6_10 layout-component text-serif-m layout-normal text-serif-m layout-padded\">CNN har p\u00e5pekt at selv om det<a href=\"https:\/\/www.cnn.com\/2025\/11\/17\/politics\/venezuela-us-military-hegseth-iraw-military-analysis\" class=\"_link_o9xde_39\" rel=\"nofollow noopener\" target=\"_blank\"> finnes klare likhetstrekk, er det ogs\u00e5 ulikheter<\/a>.<\/p>\n<p class=\"_paragraph_o9xde_4 _paragraph_xtcu6_10 layout-component text-serif-m layout-normal text-serif-m layout-padded\">En klar ulikhet er at det er mer uklart n\u00f8yaktig hva Trump-administrasjonen \u00f8nsker \u00e5 oppn\u00e5, mens Bush-administrasjonen ikke la skjul p\u00e5 \u00f8nsket om regimeendring i Irak.<\/p>\n<p class=\"_paragraph_o9xde_4 _paragraph_xtcu6_10 layout-component text-serif-m layout-normal text-serif-m layout-padded\">Det samme p\u00e5peker Pillar:<\/p>\n<p class=\"_paragraph_o9xde_4 _paragraph_xtcu6_10 layout-component text-serif-m layout-normal text-serif-m layout-padded\">\u2013 I 2003 var det tydelig at Bush var blitt overbevist om \u00e5 g\u00e5 til krig. Det er mer usikkert hva Trump til slutt bestemmer seg for.<\/p>\n<p><img alt=\"VENEZUELA-KRITIKER: Utenriksminister Marco Rubio, som er s\u00f8nn av flyktninger fra kommunistregimet p\u00e5 Cuba, er den fremste kritikeren av Maduro-regimet i Venezuela.  Foto: JACQUELYN MARTIN \/ AFP \/ NTB\" class=\"_image_qp4xg_65 layout-component layout-normal\" data-fullscreen- data-track-element-type=\"Article image fullscreen\" data-track-name=\"ImageFullscreen\" decoding=\"async\" loading=\"lazy\" height=\"1929\" itemprop=\"image\"  src=\"https:\/\/www.europesays.com\/no\/wp-content\/uploads\/2025\/12\/e0f19709-9b0d-434b-af0d-ef2b4e65cb9d\"  style=\"object-position:0% 0%\" width=\"2893\"\/>VENEZUELA-KRITIKER: Utenriksminister Marco Rubio, som er s\u00f8nn av flyktninger fra kommunistregimet p\u00e5 Cuba, er den fremste kritikeren av Maduro-regimet i Venezuela.  Foto: JACQUELYN MARTIN \/ AFP \/ NTB<\/p>\n<p class=\"_paragraph_o9xde_4 _paragraph_xtcu6_10 layout-component text-serif-m layout-normal text-serif-m layout-padded\">Mens visepresident Dick Cheney blir husket som krigshauken i 2003, er det utenriksminister Marco Rubio som er den fremste p\u00e5driveren n\u00e5, mener Pillar.<\/p>\n<p class=\"_paragraph_o9xde_4 _paragraph_xtcu6_10 layout-component text-serif-m layout-normal text-serif-m layout-padded\">\u2013 For Rubio handler det ogs\u00e5 om \u00e5 svekke kommunistregimet i Cuba, som har tette b\u00e5nd til Maduro-regimet.<\/p>\n<p> Bryter med verdensorden<\/p>\n<p class=\"_paragraph_o9xde_4 _paragraph_xtcu6_10 layout-component text-serif-m layout-normal text-serif-m layout-padded\">En annen stor forskjell er hvor stort utfall en krig vil f\u00e5. <\/p>\n<p class=\"_paragraph_o9xde_4 _paragraph_xtcu6_10 layout-component text-serif-m layout-normal text-serif-m layout-padded\">Oppr\u00f8ret som fulgte den amerikanske invasjonen i Irak skapte uro i hele Midt\u00f8sten, bidro til borgerkrigen i Syria og dannelsen av terrorh\u00e6ren Den islamske staten.<\/p>\n<p class=\"_paragraph_o9xde_4 _paragraph_xtcu6_10 layout-component text-serif-m layout-normal text-serif-m layout-padded\">Krigene i Irak og Syria skapte igjen flyktningkrisen i Europa.<\/p>\n<p class=\"_paragraph_o9xde_4 _paragraph_xtcu6_10 layout-component text-serif-m layout-normal text-serif-m layout-padded\">\u2013 En krig i Venezuela vil f\u00e5 mer begrenset p\u00e5virkning globalt. Det kan bli en langvarig utfordring for USA og S\u00f8r-Amerika, men ikke p\u00e5 Irak-niv\u00e5 for resten av verden, forklarer Pillar.<\/p>\n<p class=\"_paragraph_o9xde_4 _paragraph_xtcu6_10 layout-component text-serif-m layout-normal text-serif-m layout-padded\">\u2013 Men p\u00e5 samme m\u00e5te som f\u00f8r krigen i Irak mangler USA internasjonal st\u00f8tte for et angrep p\u00e5 Venezuela. S\u00e5 det vil p\u00e5 nytt bryte med en regel- og lovbestemt verdensorden, utdyper han.<\/p>\n<p><img alt=\"BEKYMRET: FNs generalsekret\u00e6r Antomnio Guterres har uttrykt sterk bekymring for eskaleringen mot en v\u00e6pnet konflikt i Venezuela.  Foto: MIKE SEGAR \/ Reuters \/ NTB\" class=\"_image_qp4xg_65 layout-component layout-normal\" data-fullscreen- data-track-element-type=\"Article image fullscreen\" data-track-name=\"ImageFullscreen\" decoding=\"async\" loading=\"lazy\" height=\"3198\" itemprop=\"image\"  src=\"https:\/\/www.europesays.com\/no\/wp-content\/uploads\/2025\/12\/7a790815-16de-41e7-a125-b6e1153f5db7\"  style=\"object-position:0% 0%\" width=\"4797\"\/>BEKYMRET: FNs generalsekret\u00e6r Antomnio Guterres har uttrykt sterk bekymring for eskaleringen mot en v\u00e6pnet konflikt i Venezuela.  Foto: MIKE SEGAR \/ Reuters \/ NTB<\/p>\n<p class=\"_paragraph_o9xde_4 _paragraph_xtcu6_10 layout-component text-serif-m layout-normal text-serif-m layout-padded\">G\u00e5r det mot krig? F\u00e5 mer bakgrunn her: Center for Strategic and International Studies: <a href=\"https:\/\/www.csis.org\/analysis\/trumps-caribbean-campaign-data-behind-developing-conflict\" class=\"_link_o9xde_39\" rel=\"nofollow noopener\" target=\"_blank\">Trump\u2019s Caribbean Campaign: The Data Behind Operation Southern Spear<\/a><\/p>\n<ul class=\"_list_o9xde_3 _list_xtcu6_9 _unordered_o9xde_106 layout-component text-serif-m layout-normal text-serif-m layout-padded\">\n<li class=\"_item_o9xde_30\">USA har utplassert 15 000 soldater og en rekke hangarskip, missil\u00f8deleggere og amfibiske angrepsskip i Karibia, if\u00f8lge\u00a0<a href=\"https:\/\/www.bbc.com\/news\/articles\/c93n4nx5yqro\" class=\"_link_o9xde_39\" rel=\"nofollow noopener\" target=\"_blank\">BBC<\/a>.<\/li>\n<li class=\"_item_o9xde_30\">Det oppgitte m\u00e5let med utplasseringen er \u00e5 stoppe str\u00f8mmen av fentanyl og kokain til USA.<\/li>\n<li class=\"_item_o9xde_30\">Siden begynnelsen av september har amerikanske styrker gjennomf\u00f8rt mer enn 20 angrep p\u00e5 b\u00e5ter som angivelig skal ha fraktet narkotika.<\/li>\n<li class=\"_item_o9xde_30\">Mer enn 80 mennesker har blitt drept i angrepene.<\/li>\n<\/ul>\n","protected":false},"excerpt":{"rendered":"Trump-administrasjonen beslagla nylig en oljetanker fra Venezuela. USA beskylder president Maduro for \u00e5 st\u00f8tte narkoterrorisme. Kritikere ser likheter&hellip;\n","protected":false},"author":2,"featured_media":111883,"comment_status":"","ping_status":"","sticky":false,"template":"","format":"standard","meta":{"footnotes":""},"categories":[12],"tags":[20,21,55,24,25,15,22,23,13,30,28,29,14,16,26,27,50,95,42,43,44,45],"class_list":{"0":"post-111882","1":"post","2":"type-post","3":"status-publish","4":"format-standard","5":"has-post-thumbnail","7":"category-verden","8":"tag-breaking-news","9":"tag-breakingnews","10":"tag-donald-trump","11":"tag-featured-news","12":"tag-featurednews","13":"tag-headlines","14":"tag-latest-news","15":"tag-latestnews","16":"tag-news","17":"tag-no","18":"tag-norge","19":"tag-norway","20":"tag-nyheter","21":"tag-overskrifter","22":"tag-top-stories","23":"tag-topstories","24":"tag-usa","25":"tag-venezuela","26":"tag-verden","27":"tag-world","28":"tag-world-news","29":"tag-worldnews"},"share_on_mastodon":{"url":"https:\/\/pubeurope.com\/@no\/115710591574636219","error":""},"_links":{"self":[{"href":"https:\/\/www.europesays.com\/no\/wp-json\/wp\/v2\/posts\/111882","targetHints":{"allow":["GET"]}}],"collection":[{"href":"https:\/\/www.europesays.com\/no\/wp-json\/wp\/v2\/posts"}],"about":[{"href":"https:\/\/www.europesays.com\/no\/wp-json\/wp\/v2\/types\/post"}],"author":[{"embeddable":true,"href":"https:\/\/www.europesays.com\/no\/wp-json\/wp\/v2\/users\/2"}],"replies":[{"embeddable":true,"href":"https:\/\/www.europesays.com\/no\/wp-json\/wp\/v2\/comments?post=111882"}],"version-history":[{"count":0,"href":"https:\/\/www.europesays.com\/no\/wp-json\/wp\/v2\/posts\/111882\/revisions"}],"wp:featuredmedia":[{"embeddable":true,"href":"https:\/\/www.europesays.com\/no\/wp-json\/wp\/v2\/media\/111883"}],"wp:attachment":[{"href":"https:\/\/www.europesays.com\/no\/wp-json\/wp\/v2\/media?parent=111882"}],"wp:term":[{"taxonomy":"category","embeddable":true,"href":"https:\/\/www.europesays.com\/no\/wp-json\/wp\/v2\/categories?post=111882"},{"taxonomy":"post_tag","embeddable":true,"href":"https:\/\/www.europesays.com\/no\/wp-json\/wp\/v2\/tags?post=111882"}],"curies":[{"name":"wp","href":"https:\/\/api.w.org\/{rel}","templated":true}]}}