{"id":111884,"date":"2025-12-13T05:24:11","date_gmt":"2025-12-13T05:24:11","guid":{"rendered":"https:\/\/www.europesays.com\/no\/111884\/"},"modified":"2025-12-13T05:24:11","modified_gmt":"2025-12-13T05:24:11","slug":"partiet-kan-fa-oslo-dominert-ledelse-fylkesleder-hadde-onsket-mer-variasjon-fvn-no","status":"publish","type":"post","link":"https:\/\/www.europesays.com\/no\/111884\/","title":{"rendered":"(+) Partiet kan f\u00e5 Oslo-dominert ledelse. Fylkesleder hadde \u00f8nsket mer variasjon &#8211; fvn.no"},"content":{"rendered":"<ol>\n<li><a href=\"https:\/\/news.google.com\/rss\/articles\/CBMivgFBVV95cUxQcEZFeHJJazg3WU9MN2wzSUtBY2NadDlwQkJQWlRWQ3lnTlVaam5jTURfa2JtRk0wcUFzRGRpbnR6TF9HU2ZVS2pBMmxGQzhjOEFBbURLMkt3MnpDR0lnYnFTTnFzaERYbk1GNlhfX3NQcFNqMG1iOW9yMnp5Ui1ZTTlQWnRnVGxDdUpRMXdra0p3WlkwV2w4RnZ0bVNQWkpFalFrUDJuMTJ2YnpJN3htdngtTm43akpjY0VOM09R?oc=5\" target=\"_blank\" rel=\"nofollow noopener\">(+) Partiet kan f\u00e5 Oslo-dominert ledelse. Fylkesleder hadde \u00f8nsket mer variasjon<\/a>&nbsp;&nbsp;fvn.no<\/li>\n<li><a href=\"https:\/\/news.google.com\/rss\/articles\/CBMiywFBVV95cUxQYThiUmNoN1hWajZkQjN1TWpLQmJKWC1OYV9pRWVzbEtQV3FsSWh3QVpFczZzQ281bUhkNGtFckRlTU8wWFF5cXFwaWFHVlZaeElaWjhpS2doUFpUWi1VbW5aSS1VWlBFYTVQeTI2UnBQVEdndXZ4Ty1OTE5PbkR1UzVDSGY4QW16Y0lDcVRqNUE0OUZqZzM3VUJCX3MyQmZpSFdoaVh5UkFNWnl1a25PaU1KLTVoeTJhd3pHVDdLVU5xVzJlYnBNczhLSQ?oc=5\" target=\"_blank\" rel=\"nofollow noopener\">Vedum: Den nye H\u00f8yre-ledelsen gj\u00f8r samarbeid enda mer utenkelig<\/a>&nbsp;&nbsp;VG<\/li>\n<li><a href=\"https:\/\/news.google.com\/rss\/articles\/CBMiiAFBVV95cUxPd3BIOXRyb0oyc05LODlHbTlmUTBodlR0Skt4MC1vcllOVDVRbl9GUzlXcmh3TWJGd2tjbEpqWm1WQlhvZl9ZSTV1TVY0ZHhlcTEtQ1BYUld5T0pxTURUX3I2M3F6c056NDZ2WXRFdHJ1WXluUERoWllhbWEwc2FpSHNPYy1XXzFl?oc=5\" target=\"_blank\" rel=\"nofollow noopener\">(+) Nestlederne f\u00e5r fort en tiln\u00e6rmet umulig jobb<\/a>&nbsp;&nbsp;Morgenbladet<\/li>\n<li><a href=\"https:\/\/news.google.com\/rss\/articles\/CBMifkFVX3lxTE11V1dTRVFDdUswVndlclFjdGxrY0NNaXNZZHlseTA5UmtLZHB5MGFxOC10TmhBS2RnU0pld2FTeWJVZ3ZVam9yb1hWLVJEcE5NMU44TkJyRF9XZUUzYnNpUThBbUhNWVppUGhwQTdpbzRmb2IwMDdMcmRiNEdsZw?oc=5\" target=\"_blank\" rel=\"nofollow noopener\">Vrakes: &#8211; En av Ernas store tabber<\/a>&nbsp;&nbsp;Dagbladet<\/li>\n<li><a href=\"https:\/\/news.google.com\/rss\/articles\/CBMinAFBVV95cUxOSElFZXgtbTVuYlFsLTYwalhTMWZRNHFxaERXTDdBY29vUENWSDUzaENVazdLMVp4Q05zS29tYy0ydmZxMUlaanNsSElWR0xyWmhzb2Npdkt3SnI5c25mZ3l5dGVEbURpQ2NRQXRLeTJCdjFRd0h3ZWtkbklwU1hLVnV4YXRXVnlMU2IyeUVjLWpWNk5za0dSdzNSc3M?oc=5\" target=\"_blank\" rel=\"nofollow noopener\">Ola Svenneby, Peter Fr\u00f8lich | Det store maktspillet bak lukkede d\u00f8rer i H\u00f8yre<\/a>&nbsp;&nbsp;Nettavisen<\/li>\n<\/ol>\n","protected":false},"excerpt":{"rendered":"(+) Partiet kan f\u00e5 Oslo-dominert ledelse. Fylkesleder hadde \u00f8nsket mer variasjon&nbsp;&nbsp;fvn.no Vedum: Den nye H\u00f8yre-ledelsen gj\u00f8r samarbeid enda&hellip;\n","protected":false},"author":2,"featured_media":111885,"comment_status":"","ping_status":"","sticky":false,"template":"","format":"standard","meta":{"footnotes":""},"categories":[10],"tags":[20,21,24,25,7811,13688,15,2835,762,2218,22,23,2861,13,30,28,29,14,1654,16,41,26,27],"class_list":{"0":"post-111884","1":"post","2":"type-post","3":"status-publish","4":"format-standard","5":"has-post-thumbnail","7":"category-norge","8":"tag-breaking-news","9":"tag-breakingnews","10":"tag-featured-news","11":"tag-featurednews","12":"tag-grete-ellingsen","13":"tag-harald-furre","14":"tag-headlines","15":"tag-henrik-asheim","16":"tag-hoyre","17":"tag-ine-eriksen-soreide","18":"tag-latest-news","19":"tag-latestnews","20":"tag-mathias-bernander","21":"tag-news","22":"tag-no","23":"tag-norge","24":"tag-norway","25":"tag-nyheter","26":"tag-ola-svenneby","27":"tag-overskrifter","28":"tag-politikk","29":"tag-top-stories","30":"tag-topstories"},"share_on_mastodon":{"url":"https:\/\/pubeurope.com\/@no\/115710595136291882","error":""},"_links":{"self":[{"href":"https:\/\/www.europesays.com\/no\/wp-json\/wp\/v2\/posts\/111884","targetHints":{"allow":["GET"]}}],"collection":[{"href":"https:\/\/www.europesays.com\/no\/wp-json\/wp\/v2\/posts"}],"about":[{"href":"https:\/\/www.europesays.com\/no\/wp-json\/wp\/v2\/types\/post"}],"author":[{"embeddable":true,"href":"https:\/\/www.europesays.com\/no\/wp-json\/wp\/v2\/users\/2"}],"replies":[{"embeddable":true,"href":"https:\/\/www.europesays.com\/no\/wp-json\/wp\/v2\/comments?post=111884"}],"version-history":[{"count":0,"href":"https:\/\/www.europesays.com\/no\/wp-json\/wp\/v2\/posts\/111884\/revisions"}],"wp:featuredmedia":[{"embeddable":true,"href":"https:\/\/www.europesays.com\/no\/wp-json\/wp\/v2\/media\/111885"}],"wp:attachment":[{"href":"https:\/\/www.europesays.com\/no\/wp-json\/wp\/v2\/media?parent=111884"}],"wp:term":[{"taxonomy":"category","embeddable":true,"href":"https:\/\/www.europesays.com\/no\/wp-json\/wp\/v2\/categories?post=111884"},{"taxonomy":"post_tag","embeddable":true,"href":"https:\/\/www.europesays.com\/no\/wp-json\/wp\/v2\/tags?post=111884"}],"curies":[{"name":"wp","href":"https:\/\/api.w.org\/{rel}","templated":true}]}}