{"id":111891,"date":"2025-12-13T06:18:13","date_gmt":"2025-12-13T06:18:13","guid":{"rendered":"https:\/\/www.europesays.com\/no\/111891\/"},"modified":"2025-12-13T06:18:13","modified_gmt":"2025-12-13T06:18:13","slug":"saksokes-etter-riving","status":"publish","type":"post","link":"https:\/\/www.europesays.com\/no\/111891\/","title":{"rendered":"Saks\u00f8kes etter riving"},"content":{"rendered":"<p class=\"kicker \" style=\"\">Trump:\u00a0<\/p>\n<p>  Bevaringsorganisasjon vil stoppe Donald Trumps ombygging av Det hvite hus.\u00a0<\/p>\n<p>\n    FORTSETTER SOM F\u00d8R: Arbeidet med byggingen av Donald Trumps ballsal fortsetter til tross for motstanden. Foto: AP Photo \/ Pablo Martinez Monsivais\n  <\/p>\n<p>President Donald Trump saks\u00f8kes av bevaringsorganisasjonen The National Trust For Historic Preservation, if\u00f8lge <a href=\"https:\/\/apnews.com\/article\/trump-white-house-ballroom-sued-preservationists-76dc3bbea28257e79f8becd487d2c4d7\" rel=\"nofollow noopener\" target=\"_blank\">AP<\/a>.<\/p>\n<p>Organisasjonen ber en f\u00f8deral domstol om \u00e5 stanse ombyggingen av Det hvite hus, skriver nyhetsbyr\u00e5et.\u00a0<\/p>\n<p>De mener prosjektet m\u00e5 gjennom grundige designvurderinger, milj\u00f8analyser, offentlige h\u00f8ringer og godkjenning fra Kongressen f\u00f8r det kan fortsette.<\/p>\n<p>&#8211; Ingen president har lovlig rett til \u00e5 rive deler av Det hvite hus uten noen form for gjennomgang, heter det i s\u00f8ksm\u00e5let, if\u00f8lge AP.<\/p>\n<p>        <img loading=\"lazy\" decoding=\"async\" src=\"https:\/\/www.europesays.com\/no\/wp-content\/uploads\/2025\/12\/83979301.webp\" width=\"980\" height=\"559\" title=\"BLIR SAKS\u00d8KT: Donald Trump blir saks\u00f8kt av en bevaringsorganisasjon etter rivingen av \u00f8stfl\u00f8yen i Det hvite hus. Foto: AP Photo \/ Jacquelyn Martin\" alt=\"\" class=\"\" style=\"--aspect-ratio-image: 1.75; \"\/><\/p>\n<p>\n        BLIR SAKS\u00d8KT: Donald Trump blir saks\u00f8kt av en bevaringsorganisasjon etter rivingen av \u00f8stfl\u00f8yen i Det hvite hus. Foto: AP Photo \/ Jacquelyn Martin\n    <\/p>\n<p>Blir kritisert\t<\/p>\n<p>Prosjektet har m\u00f8tt kritikk fra bevaringsmilj\u00f8er og arkitekter. Den nye ballsalen skal i seg selv bli nesten dobbelt s\u00e5 stort som Det hvite hus var f\u00f8r \u00f8stfl\u00f8yen ble revet.<\/p>\n<p>Organisasjonen mener Trump har brutt flere f\u00f8derale lover ved \u00e5 sette prosjektet i gang uten n\u00f8dvendige godkjenninger.<\/p>\n<p>Det hvite hus avviser kritikken. Deres talsperson David Ingle sier til AP at Trump har full lovlig myndighet til \u00e5 modernisere og renovere Det hvite hus, akkurat som alle hans forgjengere.<\/p>\n<p>        <img loading=\"lazy\" decoding=\"async\" src=\"https:\/\/www.europesays.com\/no\/wp-content\/uploads\/2025\/12\/83979319.webp\" width=\"980\" height=\"559\" title=\"BYGGEPLASS: Det som tidligere var den s\u00e5kalte \u00ab\u00d8stfl\u00f8yen\u00bb i det hvite hus har blitt en gigantisk byggeplass. Foto: AP Photo\/Pablo Martinez Monsivais\" alt=\"\" class=\"\" style=\"--aspect-ratio-image: 1.75; \"\/><\/p>\n<p>\n        BYGGEPLASS: Det som tidligere var den s\u00e5kalte \u00ab\u00d8stfl\u00f8yen\u00bb i det hvite hus har blitt en gigantisk byggeplass. Foto: AP Photo\/Pablo Martinez Monsivais\n    <\/p>\n<p>Mest omfattende siden 50-tallet\t<\/p>\n<p>Men s\u00f8ksm\u00e5let viser til at selv om tidligere presidenter har gjort endringer, er Trumps prosjekt det mest omfattende siden president Harry Truman nesten fullstendig rev interi\u00f8ret p\u00e5 1950-tallet. Truman s\u00f8kte og fikk eksplisitt godkjenning fra Kongressen.<\/p>\n<p>Trump har understreket at han finansierer prosjektet med private midler, inkludert egne penger. Men det fritar ham ikke fra f\u00f8derale lover og prosedyrer, mener organisasjonen.<\/p>\n<p>Planer for ballsalen forventes innlevert til en f\u00f8deral plankommisjon i desember, omtrent tre m\u00e5neder etter at byggingen startet.<\/p>\n<p>&#8211; De har pr\u00f8vd i 150 \u00e5r\t<\/p>\n<p>Forrige uke erstattet Det hvite hus arkitekten som hadde ansvaret for prosjektet, if\u00f8lge BBC.\u00a0<\/p>\n<p>Den tidligere sjefsarkitekten skal etter sigende ha v\u00e6rt i konflikt med Trump-administrasjonen om st\u00f8rrelsen og omfanget av utvidelsen.<\/p>\n<p>Torsdag kveld lovet Trump, som er tidligere eiendomsutvikler, at ballsalen vil bli bygget f\u00f8r han forlater embetet i 2028.<\/p>\n<p>\u2013 Du vet, i 150 \u00e5r har de fors\u00f8kt \u00e5 f\u00e5 til en ballsal, sa Trump under Kongressens ball, if\u00f8lge BBC.<\/p>\n<p>\u2013 De fikk det aldri til, men vi fikk det gjort. P\u00e5 sv\u00e6rt kort tid, omtrent halvannet \u00e5r, kommer dere til \u00e5 ha den beste ballsalen noe sted i landet, sa han.\u00a0<\/p>\n","protected":false},"excerpt":{"rendered":"Trump:\u00a0 Bevaringsorganisasjon vil stoppe Donald Trumps ombygging av Det hvite hus.\u00a0 FORTSETTER SOM F\u00d8R: Arbeidet med byggingen av&hellip;\n","protected":false},"author":2,"featured_media":111892,"comment_status":"","ping_status":"","sticky":false,"template":"","format":"standard","meta":{"footnotes":""},"categories":[5],"tags":[20,21,24,25,15,19,22,23,17,18,13,30,28,29,14,16,26,27,412],"class_list":{"0":"post-111891","1":"post","2":"type-post","3":"status-publish","4":"format-standard","5":"has-post-thumbnail","7":"category-overskrifter","8":"tag-breaking-news","9":"tag-breakingnews","10":"tag-featured-news","11":"tag-featurednews","12":"tag-headlines","13":"tag-hovedoppslag","14":"tag-latest-news","15":"tag-latestnews","16":"tag-main-news","17":"tag-mainnews","18":"tag-news","19":"tag-no","20":"tag-norge","21":"tag-norway","22":"tag-nyheter","23":"tag-overskrifter","24":"tag-top-stories","25":"tag-topstories","26":"tag-utenriks"},"share_on_mastodon":{"url":"https:\/\/pubeurope.com\/@no\/115710807666984115","error":""},"_links":{"self":[{"href":"https:\/\/www.europesays.com\/no\/wp-json\/wp\/v2\/posts\/111891","targetHints":{"allow":["GET"]}}],"collection":[{"href":"https:\/\/www.europesays.com\/no\/wp-json\/wp\/v2\/posts"}],"about":[{"href":"https:\/\/www.europesays.com\/no\/wp-json\/wp\/v2\/types\/post"}],"author":[{"embeddable":true,"href":"https:\/\/www.europesays.com\/no\/wp-json\/wp\/v2\/users\/2"}],"replies":[{"embeddable":true,"href":"https:\/\/www.europesays.com\/no\/wp-json\/wp\/v2\/comments?post=111891"}],"version-history":[{"count":0,"href":"https:\/\/www.europesays.com\/no\/wp-json\/wp\/v2\/posts\/111891\/revisions"}],"wp:featuredmedia":[{"embeddable":true,"href":"https:\/\/www.europesays.com\/no\/wp-json\/wp\/v2\/media\/111892"}],"wp:attachment":[{"href":"https:\/\/www.europesays.com\/no\/wp-json\/wp\/v2\/media?parent=111891"}],"wp:term":[{"taxonomy":"category","embeddable":true,"href":"https:\/\/www.europesays.com\/no\/wp-json\/wp\/v2\/categories?post=111891"},{"taxonomy":"post_tag","embeddable":true,"href":"https:\/\/www.europesays.com\/no\/wp-json\/wp\/v2\/tags?post=111891"}],"curies":[{"name":"wp","href":"https:\/\/api.w.org\/{rel}","templated":true}]}}