{"id":111893,"date":"2025-12-13T06:20:10","date_gmt":"2025-12-13T06:20:10","guid":{"rendered":"https:\/\/www.europesays.com\/no\/111893\/"},"modified":"2025-12-13T06:20:10","modified_gmt":"2025-12-13T06:20:10","slug":"skuespiller-peter-greene-er-dod","status":"publish","type":"post","link":"https:\/\/www.europesays.com\/no\/111893\/","title":{"rendered":"Skuespiller Peter Greene er d\u00f8d"},"content":{"rendered":"\n<p class=\"_lead_o9xde_2 _lead_xtcu6_50 layout-component text-serif-m layout-normal text-serif-l layout-component layout-wide layout-padded _wide_17hqh_1 layout-padded\">Kjent fra filmer som \u00abPulp Fiction\u00bb og \u00abThe Mask\u00bb. <\/p>\n<p><img alt=\"Peter Greene avbildet i 1996.  Foto: Hollywood Pictures \/ Courtesy Everett Collection \/ NTB\" class=\"_image_qp4xg_65 layout-component layout-wide\" data-fullscreen- data-track-element-type=\"Article image fullscreen\" data-track-name=\"ImageFullscreen\" fetchpriority=\"high\" decoding=\"sync\" loading=\"eager\" height=\"2024\" itemprop=\"image\"  src=\"https:\/\/www.europesays.com\/no\/wp-content\/uploads\/2025\/12\/bac5613c-2ad0-4bc6-bde5-ade9eca693a9\"  style=\"object-position:0% 0%\" width=\"3000\"\/>Peter Greene avbildet i 1996.  Foto: Hollywood Pictures \/ Courtesy Everett Collection \/ NTB<\/p>\n<ul aria-hidden=\"true\" class=\"_images_ntbth_112\">\n<li><a class=\"_link_ntbth_117\" href=\"https:\/\/www.vg.no\/forfatter\/einar-torkelsen\" style=\"z-index:1\" title=\"Einar Torkelsen\" rel=\"nofollow noopener\" target=\"_blank\"><img alt=\"Bilde av Einar Torkelsen\" class=\"_image_ntbth_93\" fetchpriority=\"low\" loading=\"lazy\" decoding=\"async\" itemprop=\"image\"  src=\"https:\/\/www.europesays.com\/no\/wp-content\/uploads\/2025\/12\/1765606810_977_f6016772-ddbc-43d2-b733-41afc7cc9046\"  width=\"480\"\/><\/a><\/li>\n<\/ul>\n<p> Oppdatert l\u00f8rdag 13. desember kl. 06:55     <\/p>\n<p class=\"_paragraph_o9xde_4 _paragraph_xtcu6_10 layout-component text-serif-m layout-normal text-serif-m layout-padded\">Skuespilleren Peter Greene er funnet d\u00f8d i sitt hjem p\u00e5 Lower East Side i New York fredag. <\/p>\n<p class=\"_paragraph_o9xde_4 _paragraph_xtcu6_10 layout-component text-serif-m layout-normal text-serif-m layout-padded\">Han ble 60 \u00e5r gammel, melder <a href=\"https:\/\/www.nbcnews.com\/news\/obituaries\/peter-greene-actor-known-pulp-fiction-mask-dead-60-rcna248976\" class=\"_link_o9xde_39\" rel=\"nofollow noopener\" target=\"_blank\">NBC News<\/a>.<\/p>\n<p class=\"_paragraph_o9xde_4 _paragraph_xtcu6_10 layout-component text-serif-m layout-normal text-serif-m layout-padded\">Manageren hans, Gregg Edwards, bekrefter d\u00f8dsfallet, men oppgir ikke d\u00f8ds\u00e5rsak.<\/p>\n<p class=\"_paragraph_o9xde_4 _paragraph_xtcu6_10 layout-component text-serif-m layout-normal text-serif-m layout-padded\">Greene var kjent for \u00e5 spille skurker og kriminelle i en rekke filmer. Han spilte den sadistiske Zed i Quentin Tarantinos \u00abPulp Fiction\u00bb fra 1994. <\/p>\n<p class=\"_paragraph_o9xde_4 _paragraph_xtcu6_10 layout-component text-serif-m layout-normal text-serif-m layout-padded\">Samme \u00e5r hadde han rollen som skurken Dorian i Jim Carrey-filmen \u00abThe Mask\u00bb.<\/p>\n<p class=\"_paragraph_o9xde_4 _paragraph_xtcu6_10 layout-component text-serif-m layout-normal text-serif-m layout-padded\">I 1993 spilte han hovedrollen i \u00abClean, Shaven\u00bb, hvor han portretterte en mann med schizofreni som er mistenkt for drap. <\/p>\n<p class=\"_paragraph_o9xde_4 _paragraph_xtcu6_10 layout-component text-serif-m layout-normal text-serif-m layout-padded\">New York Times roste prestasjonen hans og kalte karakteren \u00aboverbevisende plaget og ustabil\u00bb.<\/p>\n<p class=\"_paragraph_o9xde_4 _paragraph_xtcu6_10 layout-component text-serif-m layout-normal text-serif-m layout-padded\">Som karakterskuespiller hadde Greene ogs\u00e5 roller i \u00abThe Usual Suspects\u00bb og \u00abTraining Day\u00bb. I sistnevnte spilte han politimannen Jeff, som blir skutt av Denzel Washingtons karakter Alonzo Harris.<\/p>\n<p class=\"_paragraph_o9xde_4 _paragraph_xtcu6_10 layout-component text-serif-m layout-normal text-serif-m layout-padded\">Greene ble f\u00f8dt i Montclair i New Jersey 8. oktober 1965. Han begynte \u00e5 skuespille i 20-\u00e5rene mens han bodde i New York.<\/p>\n","protected":false},"excerpt":{"rendered":"Kjent fra filmer som \u00abPulp Fiction\u00bb og \u00abThe Mask\u00bb. Peter Greene avbildet i 1996. Foto: Hollywood Pictures \/&hellip;\n","protected":false},"author":2,"featured_media":111894,"comment_status":"","ping_status":"","sticky":false,"template":"","format":"standard","meta":{"footnotes":""},"categories":[58],"tags":[71,460,80,30,28,29,3318,72],"class_list":{"0":"post-111893","1":"post","2":"type-post","3":"status-publish","4":"format-standard","5":"has-post-thumbnail","7":"category-underholdning","8":"tag-entertainment","9":"tag-film","10":"tag-hollywood","11":"tag-no","12":"tag-norge","13":"tag-norway","14":"tag-skuespiller","15":"tag-underholdning"},"share_on_mastodon":{"url":"https:\/\/pubeurope.com\/@no\/115710815704517973","error":""},"_links":{"self":[{"href":"https:\/\/www.europesays.com\/no\/wp-json\/wp\/v2\/posts\/111893","targetHints":{"allow":["GET"]}}],"collection":[{"href":"https:\/\/www.europesays.com\/no\/wp-json\/wp\/v2\/posts"}],"about":[{"href":"https:\/\/www.europesays.com\/no\/wp-json\/wp\/v2\/types\/post"}],"author":[{"embeddable":true,"href":"https:\/\/www.europesays.com\/no\/wp-json\/wp\/v2\/users\/2"}],"replies":[{"embeddable":true,"href":"https:\/\/www.europesays.com\/no\/wp-json\/wp\/v2\/comments?post=111893"}],"version-history":[{"count":0,"href":"https:\/\/www.europesays.com\/no\/wp-json\/wp\/v2\/posts\/111893\/revisions"}],"wp:featuredmedia":[{"embeddable":true,"href":"https:\/\/www.europesays.com\/no\/wp-json\/wp\/v2\/media\/111894"}],"wp:attachment":[{"href":"https:\/\/www.europesays.com\/no\/wp-json\/wp\/v2\/media?parent=111893"}],"wp:term":[{"taxonomy":"category","embeddable":true,"href":"https:\/\/www.europesays.com\/no\/wp-json\/wp\/v2\/categories?post=111893"},{"taxonomy":"post_tag","embeddable":true,"href":"https:\/\/www.europesays.com\/no\/wp-json\/wp\/v2\/tags?post=111893"}],"curies":[{"name":"wp","href":"https:\/\/api.w.org\/{rel}","templated":true}]}}