{"id":111897,"date":"2025-12-13T06:33:29","date_gmt":"2025-12-13T06:33:29","guid":{"rendered":"https:\/\/www.europesays.com\/no\/111897\/"},"modified":"2025-12-13T06:33:29","modified_gmt":"2025-12-13T06:33:29","slug":"i-dag-kom-arets-stussligste-julegave","status":"publish","type":"post","link":"https:\/\/www.europesays.com\/no\/111897\/","title":{"rendered":"I dag kom \u00e5rets stussligste julegave"},"content":{"rendered":"<p class=\"text-md pt-2 pb-8 mb-3 text-base border-b border-brandNeutral-900 dark:border-brandNeutral-100\">Denne kommentaren gir uttrykk for skribentens meninger.<\/p>\n<p>\u00abJeg hadde 70.000 kroner for mye p\u00e5 konto i morges, men denne gangen gj\u00f8r jeg ikke samme feil som i sommer. Jeg har ikke r\u00f8rt dem penga\u00bb, h\u00f8rte jeg en eldre kvinne si i formiddag. Jeg gjorde nemlig noe jeg nesten aldri gj\u00f8r; jeg satt og jobbet p\u00e5 en kaf\u00e9 i n\u00e6rheten der jeg bor.<\/p>\n<p>I halv ti-tida samlet en flokk seg p\u00e5 nabobordet, tydelig pensjonister og uf\u00f8retrygdede. Flere av dem hadde f\u00e5tt <a href=\"https:\/\/www.digi.no\/artikler\/dnb-kunder-har-fatt-doble-nav-utbetalinger-skyldes-it-problemer-hos-dnb\/565850\" rel=\"nofollow noopener\" target=\"_blank\">ekstra utbetalt<\/a>, men de hadde f\u00e5tt svi f\u00f8r og l\u00e6rt den harde veien. Tidligere i \u00e5r fikk en halv million DNB-kunder <a href=\"https:\/\/www.vg.no\/nyheter\/i\/pB6XMj\/feilutbetalinger-hos-nav-igjen\" rel=\"nofollow noopener\" target=\"_blank\">feil utbetaling<\/a> fra Nav, noen med sv\u00e6rt h\u00f8ye bel\u00f8p. N\u00e5 har en ny runde med dobbel utbetaling rammet mange av de samme kundene, igjen p\u00e5 grunn av tekniske problemer hos banken.\u00a0<\/p>\n<p><b>Uro, skam og frykt<\/b><\/p>\n<p>Fra DNB kommer forsikringer om at pengene ikke egentlig er disponible, og at bel\u00f8pene vil bli rettet opp automatisk. Det h\u00f8res greit ut fra et m\u00f8terom p\u00e5 hovedkontoret. Men for dem som v\u00e5kner til dobbel trygd p\u00e5 konto, og som kanskje allerede \u00e9n gang har opplevd krav om tilbakebetaling, er dette langt fra udramatisk.<\/p>\n<p>For folk med grei l\u00f8nn og bufferkonto er en slik feil mest en kuriositet. For en minstepensjonist eller uf\u00f8retrygdet, er synet av 50.000 eller 70.000 kroner p\u00e5 konto b\u00e5de fristende og skremmende. Mange lever med konstant \u00f8konomisk stress og usikkerhet, og de forholder seg til det de ser: Saldoen. N\u00e5r systemet svikter, er det de svakeste som m\u00e5 ta st\u00f8yten \u2013 i form av uro, skam og frykt for \u00e5 gj\u00f8re noe galt.<\/p>\n<p>Noen vil bli fristet til \u00e5 bruke litt. Andre t\u00f8r knapt \u00e5 r\u00f8re kortet. Hvis de tr\u00e5r feil, er det de selv som f\u00e5r regningen. De som allerede har opplevd tilbakebetalingskrav, vet hvor tungt det er \u00e5 havne i minus.<\/p>\n<p><b>En julegave som aldri var deres<\/b><\/p>\n<p>Dette handler ikke bare om en bug i et datasystem. Det handler om hvor mye risiko en storbank mener det er greit \u00e5 velte over p\u00e5 mennesker som allerede balanserer p\u00e5 kanten hver eneste m\u00e5ned. N\u00e5r lignende feil skjer to ganger p\u00e5 kort tid, og hver gang rammer de samme s\u00e5rbare gruppene, er det ikke lenger snakk om et uhell \u2013 det er et systemproblem.<\/p>\n<p>Desember er et pengesluk for alle, men uendelig mye dyrere for dem som har minst. Mange planlegger hele m\u00e5neden rundt den ene dagen Nav-pengene faktisk kommer inn. Da er det brutalt \u00e5 bli presentert for en saldo som ser ut som redningen, men som i realiteten er en felle.<\/p>\n<p>Det g\u00e5r an \u00e5 gj\u00f8re IT-feil uten at det blir en skandale. Men da m\u00e5 man ta fullt ansvar, v\u00e6re \u00e5pen om hva som har skjedd, og sette inn tiltak som faktisk hindrer gjentakelser. Det minste man kan kreve av DNB n\u00e5, er at denne typen svikt ikke f\u00e5r skje en tredje gang. Banken har mer enn nok ressurser til \u00e5 v\u00e6re feilfri akkurat i h\u00e5ndteringen av trygd og pensjon. De svakeste i samfunnet v\u00e5rt burde slippe \u00e5 v\u00e5kne til en julegave som aldri var deres.<\/p>\n<p><a class=\"group clear-both w-full !no-underline my-8 sm:my-12 bg-stone-50 dark:bg-brandStone-700 dark:text-brandNeutral-100 flex items-stretch flex-nowrap\" href=\"https:\/\/www.digi.no\/artikler\/kommentar-en-nasjon-av-microsoft-avhengige\/563855\" rel=\"nofollow noopener\" target=\"_blank\"><img decoding=\"async\" class=\" object-cover h-full w-full transition-transform duration-700 ease-in-out group-hover:scale-[1.05] will-change-transform\" src=\"https:\/\/www.europesays.com\/no\/wp-content\/uploads\/2025\/12\/IMG_3853.jpg\"  alt=\"Statens egen digitaliseringsstrategi legger vekt p\u00e5 fleksibilitet og sikkerhet. Likevel har mange bundet seg hardt til\u00a0Microsoft, skriver Digis kommentator. Bildet er fra Microsofts lokaler i Bj\u00f8rvika i Oslo. \" loading=\"lazy\"\/><\/p>\n<p>Kommentar<\/p>\n<p class=\"group-hover:underline text-brandNeutral-900 dark:text-brandNeutral-100 mt-2 text-lg sm:text-2xl leading-6 sm:leading-7 font-serif font-light\">N\u00e5r man st\u00e5r der med skjegget i datasenteret og ikke kommer ut, er det allerede for sent<\/p>\n<p><\/a><\/p>\n","protected":false},"excerpt":{"rendered":"Denne kommentaren gir uttrykk for skribentens meninger. \u00abJeg hadde 70.000 kroner for mye p\u00e5 konto i morges, men&hellip;\n","protected":false},"author":2,"featured_media":111898,"comment_status":"","ping_status":"","sticky":false,"template":"","format":"standard","meta":{"footnotes":""},"categories":[5],"tags":[20,21,5434,24,25,15,19,565,22,23,17,18,652,13,30,28,29,14,16,26,27],"class_list":{"0":"post-111897","1":"post","2":"type-post","3":"status-publish","4":"format-standard","5":"has-post-thumbnail","7":"category-overskrifter","8":"tag-breaking-news","9":"tag-breakingnews","10":"tag-dnb","11":"tag-featured-news","12":"tag-featurednews","13":"tag-headlines","14":"tag-hovedoppslag","15":"tag-it","16":"tag-latest-news","17":"tag-latestnews","18":"tag-main-news","19":"tag-mainnews","20":"tag-nav","21":"tag-news","22":"tag-no","23":"tag-norge","24":"tag-norway","25":"tag-nyheter","26":"tag-overskrifter","27":"tag-top-stories","28":"tag-topstories"},"share_on_mastodon":{"url":"https:\/\/pubeurope.com\/@no\/115710866632158790","error":""},"_links":{"self":[{"href":"https:\/\/www.europesays.com\/no\/wp-json\/wp\/v2\/posts\/111897","targetHints":{"allow":["GET"]}}],"collection":[{"href":"https:\/\/www.europesays.com\/no\/wp-json\/wp\/v2\/posts"}],"about":[{"href":"https:\/\/www.europesays.com\/no\/wp-json\/wp\/v2\/types\/post"}],"author":[{"embeddable":true,"href":"https:\/\/www.europesays.com\/no\/wp-json\/wp\/v2\/users\/2"}],"replies":[{"embeddable":true,"href":"https:\/\/www.europesays.com\/no\/wp-json\/wp\/v2\/comments?post=111897"}],"version-history":[{"count":0,"href":"https:\/\/www.europesays.com\/no\/wp-json\/wp\/v2\/posts\/111897\/revisions"}],"wp:featuredmedia":[{"embeddable":true,"href":"https:\/\/www.europesays.com\/no\/wp-json\/wp\/v2\/media\/111898"}],"wp:attachment":[{"href":"https:\/\/www.europesays.com\/no\/wp-json\/wp\/v2\/media?parent=111897"}],"wp:term":[{"taxonomy":"category","embeddable":true,"href":"https:\/\/www.europesays.com\/no\/wp-json\/wp\/v2\/categories?post=111897"},{"taxonomy":"post_tag","embeddable":true,"href":"https:\/\/www.europesays.com\/no\/wp-json\/wp\/v2\/tags?post=111897"}],"curies":[{"name":"wp","href":"https:\/\/api.w.org\/{rel}","templated":true}]}}