{"id":111903,"date":"2025-12-13T06:48:11","date_gmt":"2025-12-13T06:48:11","guid":{"rendered":"https:\/\/www.europesays.com\/no\/111903\/"},"modified":"2025-12-13T06:48:11","modified_gmt":"2025-12-13T06:48:11","slug":"brann-i-omsorgsbolig-en-omkom-dagbladet","status":"publish","type":"post","link":"https:\/\/www.europesays.com\/no\/111903\/","title":{"rendered":"Brann i omsorgsbolig: \u00c9n omkom &#8211; Dagbladet"},"content":{"rendered":"<ol>\n<li><a href=\"https:\/\/news.google.com\/rss\/articles\/CBMie0FVX3lxTE4wZGJYM3NkR1lvdHo1ZUF0b3Bkbndjd2R6ckhreXpRX2F6UkE3YV9QTENiTlJVSjByakdBM3J6SVRDcnBCX0JxZUF6NF9UdlZWYUZuTzRzTmNYSW5DdXN0MXZBYlB1allmV2RRLXd1M1VDWGt3bEh1LTRjUQ?oc=5\" target=\"_blank\" rel=\"nofollow noopener\">Brann i omsorgsbolig: \u00c9n omkom<\/a>&nbsp;&nbsp;Dagbladet<\/li>\n<li><a href=\"https:\/\/news.google.com\/rss\/articles\/CBMibEFVX3lxTFBORzFzdlVTek5rTHVQZXBXZ0dvLXFqVGtFSVYydUlqMzdUMGc0dGh3WEZTQU9HcWp2ZzI2YlhaRE9pZkx2dnRESFVtUlRseW8xb3NaSWF2Wld5NUFNTUNPNWVZZDF3Wkc1eGt2MA?oc=5\" target=\"_blank\" rel=\"nofollow noopener\">Brann i omsorgsbolig i Rana i Nordland &#8211; \u00e9n person omkom<\/a>&nbsp;&nbsp;VG<\/li>\n<li><a href=\"https:\/\/news.google.com\/rss\/articles\/CBMihgFBVV95cUxOVkFkWTR4NjJweXhwenV1U19wQVJld0xsSi03VTdNa3hPNnF6MG5MTW9Ba2xYVFhBTlZoN2R3WXBraUdMQ2VRMGNTN1NscjZGNVNsTzhyc21xNE0xVHhpVkxKZFlFWDQ0T25KX2pzYXNKbEt5Z2pQN1NRckJ4Y29IZ3FIVzcyUQ?oc=5\" target=\"_blank\" rel=\"nofollow noopener\">Mindre\u00e5rig omkom etter brann i omsorgsbolig<\/a>&nbsp;&nbsp;NRK<\/li>\n<li><a href=\"https:\/\/news.google.com\/rss\/articles\/CBMikAFBVV95cUxNaFRtX2cxdkFMMWN2Zjg0VlRnbnJwTk9TTmtJeERWSGpOX2ozdEJEREdVbXJ4TVZYbFEzSG1vN3NtTXp6MnJ5VXJtMzBlZ0tJbWhiM1BUSzFpRFVJcmFKU0tLTjBsZE1ncU9YeV90MmdPTXQxaWxTWEE5b0RuZlZjRlVuMll2VkFwY2VvQ01FcXI?oc=5\" target=\"_blank\" rel=\"nofollow noopener\">Brann i omsorgsbolig i Rana \u2013 brannen under kontroll<\/a>&nbsp;&nbsp;TV2.no<\/li>\n<li><a href=\"https:\/\/news.google.com\/rss\/articles\/CBMihAFBVV95cUxPWmt6dWZHdlotYmFCY2poU2d5aWtHc2I2ajFaSEJxb1M0NFFNbWc0WmtnclZfWF9XM2JxV3JVV0RDSlNnNWFhMTRBc2N6NzhmYjlSTFJSYjBVSkowOWZfRnNDaEozeGxNODVhZXBfbzhkLWJKSmxPZ0hIUURjOXF0emVGZzI?oc=5\" target=\"_blank\" rel=\"nofollow noopener\">Brann, Rana | Mindre\u00e5rig gutt funnet omkommet p\u00e5 branntomta p\u00e5 Gruben<\/a>&nbsp;&nbsp;Rana Blad<\/li>\n<\/ol>\n","protected":false},"excerpt":{"rendered":"Brann i omsorgsbolig: \u00c9n omkom&nbsp;&nbsp;Dagbladet Brann i omsorgsbolig i Rana i Nordland &#8211; \u00e9n person omkom&nbsp;&nbsp;VG Mindre\u00e5rig omkom&hellip;\n","protected":false},"author":2,"featured_media":765,"comment_status":"","ping_status":"","sticky":false,"template":"","format":"standard","meta":{"footnotes":""},"categories":[5],"tags":[20,21,24,25,15,19,2539,22,23,17,18,13,30,28,29,14,16,26,27],"class_list":{"0":"post-111903","1":"post","2":"type-post","3":"status-publish","4":"format-standard","5":"has-post-thumbnail","7":"category-overskrifter","8":"tag-breaking-news","9":"tag-breakingnews","10":"tag-featured-news","11":"tag-featurednews","12":"tag-headlines","13":"tag-hovedoppslag","14":"tag-innenriks","15":"tag-latest-news","16":"tag-latestnews","17":"tag-main-news","18":"tag-mainnews","19":"tag-news","20":"tag-no","21":"tag-norge","22":"tag-norway","23":"tag-nyheter","24":"tag-overskrifter","25":"tag-top-stories","26":"tag-topstories"},"share_on_mastodon":{"url":"https:\/\/pubeurope.com\/@no\/115710925619779153","error":""},"_links":{"self":[{"href":"https:\/\/www.europesays.com\/no\/wp-json\/wp\/v2\/posts\/111903","targetHints":{"allow":["GET"]}}],"collection":[{"href":"https:\/\/www.europesays.com\/no\/wp-json\/wp\/v2\/posts"}],"about":[{"href":"https:\/\/www.europesays.com\/no\/wp-json\/wp\/v2\/types\/post"}],"author":[{"embeddable":true,"href":"https:\/\/www.europesays.com\/no\/wp-json\/wp\/v2\/users\/2"}],"replies":[{"embeddable":true,"href":"https:\/\/www.europesays.com\/no\/wp-json\/wp\/v2\/comments?post=111903"}],"version-history":[{"count":0,"href":"https:\/\/www.europesays.com\/no\/wp-json\/wp\/v2\/posts\/111903\/revisions"}],"wp:featuredmedia":[{"embeddable":true,"href":"https:\/\/www.europesays.com\/no\/wp-json\/wp\/v2\/media\/765"}],"wp:attachment":[{"href":"https:\/\/www.europesays.com\/no\/wp-json\/wp\/v2\/media?parent=111903"}],"wp:term":[{"taxonomy":"category","embeddable":true,"href":"https:\/\/www.europesays.com\/no\/wp-json\/wp\/v2\/categories?post=111903"},{"taxonomy":"post_tag","embeddable":true,"href":"https:\/\/www.europesays.com\/no\/wp-json\/wp\/v2\/tags?post=111903"}],"curies":[{"name":"wp","href":"https:\/\/api.w.org\/{rel}","templated":true}]}}