{"id":111904,"date":"2025-12-13T06:49:20","date_gmt":"2025-12-13T06:49:20","guid":{"rendered":"https:\/\/www.europesays.com\/no\/111904\/"},"modified":"2025-12-13T06:49:20","modified_gmt":"2025-12-13T06:49:20","slug":"skiskytter-sturla-holm-laegreid-28-har-et-lidenskapelig-forhold-til-musikk","status":"publish","type":"post","link":"https:\/\/www.europesays.com\/no\/111904\/","title":{"rendered":"Skiskytter Sturla Holm L\u00e6greid (28) har et lidenskapelig forhold til musikk."},"content":{"rendered":"<p class=\"bold m-bold\" data-lab-font_weight=\"bold\">OSLO (TV 2): Han mangler OL-gullet, men ikke gitarer. Sturla Holm L\u00e6greid er klar p\u00e5 at musikken bare blir viktigere og viktigere fremover.<\/p>\n<p>        <img class=\"image__img lazyload\" itemprop=\"image\" title=\"Foto: Mathias Moen \/ TV 2\" alt=\" Foto: Mathias Moen \/ TV 2\" width=\"675\" height=\"540\" bad-src=\"https:\/\/www.europesays.com\/no\/wp-content\/uploads\/2025\/12\/18153030.webp\" fetchpriority=\"auto\" \/><\/p>\n<p>         Foto: Mathias Moen \/ TV 2<\/p>\n<p>Leiligheten hans, en halv sprintdistanse fra nasjonalanlegget i Holmenkollen, er full av dem.\u00a0<\/p>\n<p>Inne i det provisoriske musikkstudioet st\u00e5r gitarene tett i tett \u2013 litt som skiskytterpublikumet i verdenscupen.<\/p>\n<p>Selv i v\u00e5penkofferten er det plass til en gitar. Slik at han kan ta seg en trall p\u00e5 reise.<\/p>\n<p>28-\u00e5ringen har pr\u00f8vd ut piano, bandy, taekwondo og fotball. Men det er noe eget med gitarer.\u00a0<\/p>\n<p class=\"bold m-bold italic m-italic\" data-lab-font_weight=\"bold\" data-lab-italic=\"italic\">Se skiskyting fra Hochfilzen p\u00e5 TV 2 Direkte og <a href=\"https:\/\/play.tv2.no\/sport\/vintersport\/v-cup-skiskyting-6we41eyw\/jaktstart-menn-hochfilzen-q8g4n7dp\" rel=\"nofollow noopener\" target=\"_blank\">TV 2 Play,<\/a> l\u00f8rdag fra klokka 11.00.\u00a0<\/p>\n<p>        <img class=\"image__img lazyload\" itemprop=\"image\" title=\"Foto: Mathias Moen \/ TV 2\" alt=\" Foto: Mathias Moen \/ TV 2\" width=\"675\" height=\"527\" bad-src=\"https:\/\/www.europesays.com\/no\/wp-content\/uploads\/2025\/12\/18196381.webp\" fetchpriority=\"auto\" \/><\/p>\n<p>         Foto: Mathias Moen \/ TV 2<\/p>\n<p>Den ene ble kj\u00f8pt p\u00e5 finn.no, den andre har han laget selv, mens han brukte konfirmasjonspengene p\u00e5 en kassegitar som st\u00e5r trygt plassert innerst i klesskapet.<\/p>\n<p>Vi teller over ti ulike gitarer som bor sammen med skiskytteresset.<\/p>\n<p>Sammen utgj\u00f8r de arsenalet i L\u00e6greids samling.<\/p>\n<p class=\"italic m-italic\" data-lab-italic=\"italic\">\u2013 Hvor mye penger har du brukt p\u00e5 gitar?<\/p>\n<p>\u2013 Jeg har brukt mer og mer, innr\u00f8mmer han.\u00a0<\/p>\n<p> Gitar-lidenskapen startet som seks\u00e5ring. Med Deep Purples\u00a0\u00abSmoke on the Water\u00bb p\u00e5\u00a0Guitar Hero. <\/p>\n<p>        <img class=\"image__img lazyload\" itemprop=\"image\" title=\"Foto: TORE GURIBY \/ BUDSTIKKA\" alt=\"KJENNER DU HAM IGJEN? Sturla Holm L\u00e6greid var vokalist og gitarist i bandet Black Diamond som 13-\u00e5ring. Foto: TORE GURIBY \/ BUDSTIKKA\" width=\"675\" height=\"480\" bad-src=\"https:\/\/www.europesays.com\/no\/wp-content\/uploads\/2025\/12\/18155078.webp\" fetchpriority=\"auto\" \/><\/p>\n<p>      KJENNER DU HAM IGJEN? Sturla Holm L\u00e6greid var vokalist og gitarist i bandet Black Diamond som 13-\u00e5ring.<br \/>\n         Foto: TORE GURIBY \/ BUDSTIKKA<\/p>\n<p>L\u00e6greid forteller at han har vokst opp med et n\u00f8kternt syn p\u00e5 penger. Men noe endret seg da han begynte \u00e5 vinne.\u00a0<\/p>\n<p>\u2013 Jeg ble litt p\u00e5virket av de andre gutta p\u00e5 landslaget og kj\u00f8pte meg en fin klokke. Men det er ikke klokker som er interessant, det er gitarer. Jeg kan vel ikke bruke mer penger p\u00e5 klokker? <\/p>\n<p>\u2013 Det gir meg ikke glede \u00e5 ha mindre i l\u00e5n og penger st\u00e5ende p\u00e5 bok. \u00c5 ha objekter gir meg glede. N\u00e5 er jeg veldig materialistisk, da, innr\u00f8mmer L\u00e6greid.\u00a0<\/p>\n<p> Se mer fra jamsessionen med Skjelb\u00e6k &amp; Sturla her: <\/p>\n<p> Nachspieleksperten L\u00e6greid \u2013 tittelen kom etter minikonserten i egen stue med l\u00e5ter som \u00abTo fulle menn\u00bb, \u00abWonderfall\u00bb, \u00abDon&#8217;t Look Back In Anger\u00bb og \u00abIdyll\u00bb \u2013\u00a0 er klar p\u00e5 hva musikk betyr for ham.\u00a0<\/p>\n<p>        <img class=\"image__img lazyload\" itemprop=\"image\" title=\"Foto: Mathias Moen \/ TV 2\" alt=\" Foto: Mathias Moen \/ TV 2\" width=\"675\" height=\"608\" bad-src=\"https:\/\/www.europesays.com\/no\/wp-content\/uploads\/2025\/12\/18152904.webp\" fetchpriority=\"auto\" \/><\/p>\n<p>         Foto: Mathias Moen \/ TV 2<\/p>\n<p>\u2013 Musikken hjelper meg med \u00e5 tenke p\u00e5 andre ting. \u00c5 ikke bli for oppslukt i skiskyting. Siden det tar s\u00e5 mye tid. Jeg kan glemme alt annet og bare forsvinne i en ny verden.\u00a0<\/p>\n<p>Da TV 2 spurte L\u00e6greid i januar hva nytt\u00e5rsforsettet for 2025 var, l\u00f8d svaret:<\/p>\n<p>\u2013 Jeg \u00f8nsker \u00e5 lage mer musikk. N\u00e5r \u00e5ret er omme m\u00e5 jeg ha et album p\u00e5 plass.\u00a0<\/p>\n<p>Nesten et \u00e5r senere, sier han:<\/p>\n<p>\u2013 Jeg kan ikke nedprioritere trening for \u00e5 satse p\u00e5 en ikke-eksisterende musikk-karriere. Men en eller annen gang kommer albumet.<\/p>\n<p>        <img class=\"image__img lazyload\" itemprop=\"image\" title=\"Foto: Mathias Moen \/ TV 2\" alt=\" Foto: Mathias Moen \/ TV 2\" width=\"675\" height=\"561\" bad-src=\"https:\/\/www.europesays.com\/no\/wp-content\/uploads\/2025\/12\/18152916.webp\" fetchpriority=\"auto\" \/><\/p>\n<p>         Foto: Mathias Moen \/ TV 2<\/p>\n<p>P\u00e5 soverommet st\u00e5r det en gitar, et piano og et par Fischer-ski med \u00abJTB\u00bb p\u00e5.\u00a0<\/p>\n<p>JTB st\u00e5r for Johannes Thingnes B\u00f8. Han la opp sist sesong, og er borte fra sirkuset.\u00a0<\/p>\n<p>\u2013 P\u00e5 Blinkfestivalen var jeg spydspissen. F\u00f8r har jeg kunnet ta litt av skyggen til Johannes og gjemme meg litt, sier L\u00e6greid.<\/p>\n<p>        <img class=\"image__img lazyload\" itemprop=\"image\" title=\"Foto: Erik Edland \/ TV 2\" alt=\" Foto: Erik Edland \/ TV 2\" width=\"675\" height=\"574\" bad-src=\"https:\/\/www.europesays.com\/no\/wp-content\/uploads\/2025\/12\/18152987.webp\" fetchpriority=\"auto\" \/><\/p>\n<p>         Foto: Erik Edland \/ TV 2<\/p>\n<p>\u2013 Jeg har alltid hatt lyst til \u00e5 v\u00e6re en rockestjerne i fokus. N\u00e5 blir jeg jo det, men jeg kan ikke v\u00e6re det hele tiden. Jeg har lyst til \u00e5 forsvinne litt \u00f2g. Inn i min verden hvor det ikke er kameraer og publikum og alle skal f\u00f8lge med hva jeg gj\u00f8r.\u00a0<\/p>\n<p>        Fakta: L\u00e6greids meritter<\/p>\n<p>Verdenscupseire: 16<\/p>\n<p>F\u00f8rste verdenscupseier: 28. november 2020<\/p>\n<p>VM-medaljer: 14 (sju gull)<\/p>\n<p>OL-medaljer: 1 (gull, stafett, 2022)<\/p>\n<p>Et par armlengders avstand fra sofaen st\u00e5r det synlige beviset p\u00e5 at b\u00e6ringen var verdens beste skiskytter forrige sesong.\u00a0<\/p>\n<p>        <img class=\"image__img lazyload\" itemprop=\"image\" title=\"Foto: Mathias Moen \/ TV 2\" alt=\"KULA: Forrige sesongs verdenscuptrof\u00e9 har f\u00e5tt hedersplassen i stua. Foto: Mathias Moen \/ TV 2\" width=\"675\" height=\"655\" bad-src=\"https:\/\/www.europesays.com\/no\/wp-content\/uploads\/2025\/12\/18150921.webp\" fetchpriority=\"auto\" \/><\/p>\n<p>      KULA: Forrige sesongs verdenscuptrof\u00e9 har f\u00e5tt hedersplassen i stua.<br \/>\n         Foto: Mathias Moen \/ TV 2<\/p>\n<p>Seks dager f\u00f8r koronapandemien br\u00f8t ut i Norge, debuterte L\u00e6greid i verdenscupen med en 13.-plass i Nove Mesto.\u00a0<\/p>\n<p>Siden har det blitt 16 verdenscupseire, 14 VM-medaljer og ett OL-gull p\u00e5 stafett.<\/p>\n<p>Men en individuell OL-medalje mangler.\u00a0<\/p>\n<p>\u2013 Jeg har ikke s\u00e5 mange OL jeg kan v\u00e6re med p\u00e5.\u00a0Det blir spesielt. Jeg tror at jeg aldri kunne v\u00e6rt bedre forberedt, enn jeg er n\u00e5. Men det er ogs\u00e5 litt skummelt \u00e5 si. <\/p>\n<p>        <img class=\"image__img lazyload\" itemprop=\"image\" title=\"Foto: Mathias Moen \/ TV 2\" alt=\" Foto: Mathias Moen \/ TV 2\" width=\"675\" height=\"534\" bad-src=\"https:\/\/www.europesays.com\/no\/wp-content\/uploads\/2025\/12\/18156082.webp\" fetchpriority=\"auto\" \/><\/p>\n<p>         Foto: Mathias Moen \/ TV 2<\/p>\n<p>L\u00e6greid har for lengst snakket seg varm:<\/p>\n<p>\u2013 Jeg skal legge meg p\u00e5 samme list som Tarjei (B\u00f8, journ.anm.). Han sa alltid: \u00abSkal du ha en bra karriere, m\u00e5 du ha individuell OL-medalje\u00bb.<\/p>\n<p>\u2013 Men det er jo ikke bare det. Jeg skal ha gull. <\/p>\n","protected":false},"excerpt":{"rendered":"OSLO (TV 2): Han mangler OL-gullet, men ikke gitarer. Sturla Holm L\u00e6greid er klar p\u00e5 at musikken bare&hellip;\n","protected":false},"author":2,"featured_media":111905,"comment_status":"","ping_status":"","sticky":false,"template":"","format":"standard","meta":{"footnotes":""},"categories":[59],"tags":[30,28,29,83,82],"class_list":{"0":"post-111904","1":"post","2":"type-post","3":"status-publish","4":"format-standard","5":"has-post-thumbnail","7":"category-sport","8":"tag-no","9":"tag-norge","10":"tag-norway","11":"tag-sport","12":"tag-sports"},"share_on_mastodon":{"url":"https:\/\/pubeurope.com\/@no\/115710929330739419","error":""},"_links":{"self":[{"href":"https:\/\/www.europesays.com\/no\/wp-json\/wp\/v2\/posts\/111904","targetHints":{"allow":["GET"]}}],"collection":[{"href":"https:\/\/www.europesays.com\/no\/wp-json\/wp\/v2\/posts"}],"about":[{"href":"https:\/\/www.europesays.com\/no\/wp-json\/wp\/v2\/types\/post"}],"author":[{"embeddable":true,"href":"https:\/\/www.europesays.com\/no\/wp-json\/wp\/v2\/users\/2"}],"replies":[{"embeddable":true,"href":"https:\/\/www.europesays.com\/no\/wp-json\/wp\/v2\/comments?post=111904"}],"version-history":[{"count":0,"href":"https:\/\/www.europesays.com\/no\/wp-json\/wp\/v2\/posts\/111904\/revisions"}],"wp:featuredmedia":[{"embeddable":true,"href":"https:\/\/www.europesays.com\/no\/wp-json\/wp\/v2\/media\/111905"}],"wp:attachment":[{"href":"https:\/\/www.europesays.com\/no\/wp-json\/wp\/v2\/media?parent=111904"}],"wp:term":[{"taxonomy":"category","embeddable":true,"href":"https:\/\/www.europesays.com\/no\/wp-json\/wp\/v2\/categories?post=111904"},{"taxonomy":"post_tag","embeddable":true,"href":"https:\/\/www.europesays.com\/no\/wp-json\/wp\/v2\/tags?post=111904"}],"curies":[{"name":"wp","href":"https:\/\/api.w.org\/{rel}","templated":true}]}}