{"id":111914,"date":"2025-12-13T07:18:13","date_gmt":"2025-12-13T07:18:13","guid":{"rendered":"https:\/\/www.europesays.com\/no\/111914\/"},"modified":"2025-12-13T07:18:13","modified_gmt":"2025-12-13T07:18:13","slug":"naeroysund-rorvik-mann-pagrepet-etter-voldshendelse","status":"publish","type":"post","link":"https:\/\/www.europesays.com\/no\/111914\/","title":{"rendered":"N\u00e6r\u00f8ysund, R\u00f8rvik | Mann p\u00e5grepet etter voldshendelse"},"content":{"rendered":"\n<p>En mann i 40-\u00e5rene ble bortvist fra R\u00f8rvik sentrum natt til l\u00f8rdag etter \u00e5 ha v\u00e6rt involvert i et slagsm\u00e5l ved et utested.<\/p>\n<p>\u2013 Ingen ble skadet, bekrefter politiets operasjonsleder Ellen Maria Brende.<\/p>\n<p>Meldingen kom inn til politiet klokken 01.34. Da var det hissig stemning mellom partene, og politiet rykket ut. Da politiet kom til stedet var det rolig.<\/p>\n<p>Mann p\u00e5grepet etter voldshendelse<\/p>\n<p>Politiet fikk klokken 02.28 melding om en voldshendelse utenfor et utested i Nordre gate i Trondheim sentrum. En mann i 30-\u00e5rene ble utsatt for slag og spark, og ble kj\u00f8rt til St. Olavs Hospital for behandling.<\/p>\n<p>\u2013 Fire menn er innbrakt til arresten og en mann er p\u00e5grepet etter voldshendelsen, opplyser Brende.<\/p>\n<p>Den forn\u00e6rmede mannen var bevisst da han ble kj\u00f8rt til sykehuset.<\/p>\n<p>Halvannen time tidligere fikk politiet melding om en annen voldshendelse p\u00e5 Solsiden i Trondheim. En mann i 30-\u00e5rene ble bortvist etter \u00e5 ha sl\u00e5tt en mann i 20-\u00e5rene i ansiktet.<\/p>\n<p>Den forn\u00e6rmede hadde ikke behov for helsehjelp etter hendelsen, og det var han selv som meldte fra til operasjonssentralen. Politiet har tatt avh\u00f8r og oppretter sak.<\/p>\n<p>Kolliderte med lastebil p\u00e5 E6<\/p>\n<p>Fredag kveld ble det meldt om en trafikkulykke p\u00e5 E6 nord for Berk\u00e5k sentrum. Ulykken skal ha skjedd i forbindelse med en forbikj\u00f8ring.<\/p>\n<p>\u2013 Personbilen har truffet autovernet og deretter en lastebil som kom kj\u00f8rende i motg\u00e5ende felt, forklarer Brende.<\/p>\n<p>Meldingen kom inn til 110-sentralen som e-call klokken 22.50. En person ble kj\u00f8rt til legevakt i taxi. Politiet oppretter sak.<\/p>\n<p>Regn og sludd<\/p>\n<p>L\u00f8rdag ser ut til \u00e5 bli en mild vinterdag p\u00e5 Innherred, if\u00f8lge meteorologene. Her er Yrs tekstvarsel for Tr\u00f8ndelag:<\/p>\n<p>\u00abS\u00f8r og s\u00f8r\u00f8st stiv kuling utsatte steder, fra morgentimene periodevis liten kuling fra omkring s\u00f8r. Fram til om formiddagen skyet, regn. Sludd eller sn\u00f8 i indre str\u00f8k. Ellers for det meste delvis skyet, oppholdsv\u00e6r.\u00bb<\/p>\n<p>P\u00e5 T-A.no<\/p>\n<p>P\u00e5 Tr\u00f8nder-Avisas nettutgave kan du i dag lese om Marion som m\u00e5tte ha med seg bev\u00e6pnet politi i butikken. \u2013 Jeg kunne ikke fatte at han kunne v\u00e6re s\u00e5 ondskapsfull, sier hun:<\/p>\n<p>  <a href=\"https:\/\/www.t-a.no\/5-116-2271662\" class=\"related-teaser has-image default-feature-teaser article--c-eRUmMG article--c-eRUmMG-jKCPdD-design-default\" rel=\"nofollow noopener\" target=\"_blank\"><\/p>\n<p>    <img decoding=\"async\" loading=\"lazy\"  src=\"https:\/\/www.europesays.com\/no\/wp-content\/uploads\/2025\/12\/JAmarion-langli01.jpg\" alt=\"\" class=\"brick-c-cFOWSL\" style=\"\"\/><\/p>\n<p>\n            Les ogs\u00e5<\/p>\n<p>              Bodde sammen med sin egen stalker\n        <\/p>\n<p>  <\/a><\/p>\n<p>Du kan ogs\u00e5 teste dine lokalkunnskaper i ukas utgave av stedsquizen.<\/p>\n<p>  <a href=\"https:\/\/www.t-a.no\/5-116-2269693\" class=\"related-teaser has-image default-feature-teaser article--c-eRUmMG article--c-eRUmMG-jKCPdD-design-default\" rel=\"nofollow noopener\" target=\"_blank\"><\/p>\n<p>    <img decoding=\"async\" loading=\"lazy\"  src=\"https:\/\/www.europesays.com\/no\/wp-content\/uploads\/2025\/12\/quizzzen01.jpg\" alt=\"\" class=\"brick-c-cFOWSL\" style=\"\"\/><\/p>\n<p>\n            Les ogs\u00e5<\/p>\n<p>              QUIZ: Hvor godt kjent er du p\u00e5 Innherred?\n        <\/p>\n<p>  <\/a><\/p>\n<p><b>Her er nattens viktigste nyheter, if\u00f8lge NTB:<\/b><\/p>\n<p><b>Mindre\u00e5rig gutt omkom i brann i Rana<\/b><\/p>\n<p>En mindre\u00e5rig gutt ble i natt funnet omkommet etter en brann i en kombinert omsorgs- og eldrebolig i Rana fredag kveld. Gutten bodde i omsorgsboligen, og de p\u00e5r\u00f8rende er varslet, opplyser Nordland politidistrikt.<\/p>\n<p>Totalt 24 personer ble evakuert fra bygningen etter at det ble meldt om full fyr og kraftig r\u00f8ykutvikling like etter klokken 20. Brannmannskapene fikk kontroll p\u00e5 brannen ved 22-tiden, men gutten ble funnet omkommet kort tid senere.<\/p>\n<p>Politiet etterforsker den tragiske hendelsen videre og jobber ut fra ulike hypoteser om hvordan brannen startet.<\/p>\n<p><b>Trump avviser at nye Epstein-bilder er problematiske<\/b><\/p>\n<p>Demokrater i Kongressen publiserte fredag 19 nye bilder fra Jeffrey Epsteins eiendom, der Donald Trump og andre mektige personer er avbildet. Trump avviser at bildene er noe stort problem, og sier at \u00aballe kjente den mannen\u00bb og at hundrevis av mennesker har tatt bilder med Epstein.<\/p>\n<p>Bildene er blant 95.000 bilder som kongressens kontrollkomit\u00e9 har f\u00e5tt fra Epsteins bo. Andre kjente personer p\u00e5 bildene inkluderer Bill Clinton, Steve Bannon, prins Andrew, Bill Gates og Richard Branson. Demokraten Robert Garcia sier det er p\u00e5 tide \u00e5 avslutte Det hvite hus&#8217; fors\u00f8k p\u00e5 \u00e5 dekke over saken.<\/p>\n<p>Epstein tok sitt eget liv i fengsel i 2019 mens han ventet p\u00e5 rettssak for menneskehandel. Trump og Epsteins vennskap er godt kjent, men Trump har aldri v\u00e6rt anklaget for noe kriminelt i forbindelse med Epstein-saken og avviser alle p\u00e5stander om det.<\/p>\n<p><b>Trumps Ukraina-utsending m\u00f8ter Zelenskyj i Berlin<\/b><\/p>\n<p>USAs Ukraina-utsending Steve Witkoff reiser til Berlin i helgen for \u00e5 m\u00f8te Volodymyr Zelenskyj og flere europeiske ledere, opplyser Det hvite hus. President Donald Trumps svigers\u00f8nn Jared Kushner skal ogs\u00e5 delta p\u00e5 turen, if\u00f8lge en informert tjenestemann.<\/p>\n<p>Witkoff skal m\u00f8te representanter fra Frankrike, Storbritannia og Tyskland s\u00f8ndag og mandag. Valget om \u00e5 sende Witkoff, som har ledet forhandlinger mellom Ukraina og Russland, viser at USA \u00f8nsker \u00e5 tette avstanden mellom seg og Ukraina om punktene i den foresl\u00e5tte fredsplanen.<\/p>\n<p>Wall Street Journal melder at Frankrikes president Emmanuel Macron, Storbritannias statsminister Keir Starmer og Tysklands forbundskansler Friedrich Merz ogs\u00e5 ventes \u00e5 delta. Det hvite hus sa torsdag at Trump bare ville sende en offisiell delegat dersom han mente det var god nok fremdrift i fredssamtalene.<\/p>\n<p><b>Enebolig i Sandefjord totalskadet i brann<\/b><\/p>\n<p>En enebolig i Sandefjord ble totalskadet i en brann natt til l\u00f8rdag. Politiet hadde ved 5.30-tiden ikke f\u00e5tt kontakt med personen som er registrert p\u00e5 adressen.<\/p>\n<p>Det var full fyr i det gamle trehuset da n\u00f8detatene kom fram. Brannmannskapene jobbet ved 4.40-tiden med \u00e5 slukke brannen, mens politiet fortsatt fors\u00f8kte \u00e5 finne ut hvor beboeren kunne v\u00e6re.<\/p>\n<p><b>IHF-president uteblir fra VM-finalen<\/b><\/p>\n<p>President Dr. Hassan Moustafa (81) i Det internasjonale h\u00e5ndballforbundet (IHF) kommer ikke til VM-finalen i Rotterdam likevel, melder dansk TV 2. IHF opplyser i en e-post at egypteren m\u00e5 prioritere IHF-kongressen i Egypt, som starter 19. desember.<\/p>\n<p>\u00c5rsaken er utfordringer med \u00e5 organisere kongressen, s\u00e6rlig visumprosedyrer. Over 30 visums\u00f8knader mangler fortsatt sikkerhetsgodkjenning. IHF skriver at det er beklagelig \u00e5 g\u00e5 glipp av VM, men at kongressen ogs\u00e5 er sv\u00e6rt viktig.<\/p>\n<p>Moustafa, som har v\u00e6rt IHF-president siden 2000, ligger if\u00f8lge flere medier godt an til gjenvalg. I \u00e5r m\u00f8ter han for f\u00f8rste gang p\u00e5 16 \u00e5r motstand, med tre andre kandidater som stiller til valg.<\/p>\n<p><b>Nordkoreanske soldater ryddet miner i Kursk<\/b><\/p>\n<p>Nord-Koreas leder Kim Jong-un bekrefter at landet sendte soldater for \u00e5 rydde miner i Kursk-regionen i Russland i \u00e5r, melder statlige nordkoreanske medier. Uttalelsen er en sjelden innr\u00f8mmelse fra nordkoreanske myndigheter om soldatenes oppgaver under krigen i Ukraina.<\/p>\n<p>I en hyllest til et ingeni\u00f8rregiment som har kommet hjem, sier Kim at soldatene skrev brev til hjemstedene sine i pausene mellom mineryddingen, if\u00f8lge nyhetsbyr\u00e5et KCNA. Flere tusen nordkoreanske soldater bidro til \u00e5 stoppe en ukrainsk offensiv i Kursk-regionen forrige vinter.<\/p>\n","protected":false},"excerpt":{"rendered":"En mann i 40-\u00e5rene ble bortvist fra R\u00f8rvik sentrum natt til l\u00f8rdag etter \u00e5 ha v\u00e6rt involvert i&hellip;\n","protected":false},"author":2,"featured_media":3842,"comment_status":"","ping_status":"","sticky":false,"template":"","format":"standard","meta":{"footnotes":""},"categories":[10],"tags":[36,20,21,24,25,15,22,23,739,7863,13,30,28,29,14,16,10526,1510,26,27,596,553],"class_list":{"0":"post-111914","1":"post","2":"type-post","3":"status-publish","4":"format-standard","5":"has-post-thumbnail","7":"category-norge","8":"tag-art","9":"tag-breaking-news","10":"tag-breakingnews","11":"tag-featured-news","12":"tag-featurednews","13":"tag-headlines","14":"tag-latest-news","15":"tag-latestnews","16":"tag-morgenrapport","17":"tag-naeroysund","18":"tag-news","19":"tag-no","20":"tag-norge","21":"tag-norway","22":"tag-nyheter","23":"tag-overskrifter","24":"tag-rorvik","25":"tag-story","26":"tag-top-stories","27":"tag-topstories","28":"tag-trondheim","29":"tag-vaer"},"share_on_mastodon":{"url":"https:\/\/pubeurope.com\/@no\/115711044186902558","error":""},"_links":{"self":[{"href":"https:\/\/www.europesays.com\/no\/wp-json\/wp\/v2\/posts\/111914","targetHints":{"allow":["GET"]}}],"collection":[{"href":"https:\/\/www.europesays.com\/no\/wp-json\/wp\/v2\/posts"}],"about":[{"href":"https:\/\/www.europesays.com\/no\/wp-json\/wp\/v2\/types\/post"}],"author":[{"embeddable":true,"href":"https:\/\/www.europesays.com\/no\/wp-json\/wp\/v2\/users\/2"}],"replies":[{"embeddable":true,"href":"https:\/\/www.europesays.com\/no\/wp-json\/wp\/v2\/comments?post=111914"}],"version-history":[{"count":0,"href":"https:\/\/www.europesays.com\/no\/wp-json\/wp\/v2\/posts\/111914\/revisions"}],"wp:featuredmedia":[{"embeddable":true,"href":"https:\/\/www.europesays.com\/no\/wp-json\/wp\/v2\/media\/3842"}],"wp:attachment":[{"href":"https:\/\/www.europesays.com\/no\/wp-json\/wp\/v2\/media?parent=111914"}],"wp:term":[{"taxonomy":"category","embeddable":true,"href":"https:\/\/www.europesays.com\/no\/wp-json\/wp\/v2\/categories?post=111914"},{"taxonomy":"post_tag","embeddable":true,"href":"https:\/\/www.europesays.com\/no\/wp-json\/wp\/v2\/tags?post=111914"}],"curies":[{"name":"wp","href":"https:\/\/api.w.org\/{rel}","templated":true}]}}