{"id":111919,"date":"2025-12-13T07:25:13","date_gmt":"2025-12-13T07:25:13","guid":{"rendered":"https:\/\/www.europesays.com\/no\/111919\/"},"modified":"2025-12-13T07:25:13","modified_gmt":"2025-12-13T07:25:13","slug":"politi-nordland-politidistrikt-ungdommer-raserte-hotell-skader-i-flere-etasjer","status":"publish","type":"post","link":"https:\/\/www.europesays.com\/no\/111919\/","title":{"rendered":"Politi, Nordland Politidistrikt | Ungdommer raserte hotell: \u2013 Skader i flere etasjer"},"content":{"rendered":"\n<p>Julebordsesongen er i full gang, men fra Lofoten er det natt til l\u00f8rdag det ikke kommet meldinger fra politiet om st\u00f8rre hendelser.<\/p>\n<p>Men i resten av distriktet har politiet hatt mye \u00e5 gj\u00f8re.<\/p>\n<p>I Narvik ble en bil stoppet etter mistanke om kj\u00f8ring i rusp\u00e5virket tilstand. Den kvinnelige sj\u00e5f\u00f8ren bl\u00e5ste over lovlig verdi og fikk f\u00f8rerkortet beslaglagt p\u00e5 stedet.<\/p>\n<p>Br\u00e5k p\u00e5 julebord<\/p>\n<p>I Leirfjord p\u00e5 Helgeland rykket politiet ut etter melding om br\u00e5k.<\/p>\n<p>\u2013 Det skal ha oppst\u00e5tt basketak etter noen uenigheter ved et julebord. Ingen alvorlige personskader skal ha oppst\u00e5tt. Forholdet vil bli anmeldt og politiet avslutter p\u00e5 stedet, opplyser operasjonsleder Thomas Jarn\u00e6s Coe.<\/p>\n<p>I Bod\u00f8 ble en mann satt i arrest.<\/p>\n<p>\u2013 Politiet har innbrakt en person etter at vedkommende slo til en vekter ved et utested. Mannen slo seg til motverge da politiet tok kontakt med han. Vedkommende ble p\u00e5satt h\u00e5ndjern i basketaket og kj\u00f8rt inn i arresten. Han vil bli anmeldt for forholdet, heter det fra operasjonslederen.<\/p>\n<p>Politiet rykket ut etter melding om slagsm\u00e5l p\u00e5 et hotell i Bod\u00f8.<\/p>\n<p>\u2013 Slagsm\u00e5let var opph\u00f8rt da politiet ankom stedet. Politiet har sikret videooverv\u00e5king fra omr\u00e5det og f\u00f8lger opp de forn\u00e6rmede. Det skal ikke v\u00e6re noen skader p\u00e5 de involverte, melder politiet.<\/p>\n<p>P\u00e5 Gruben omkom en mindre\u00e5rig etter en brann.<\/p>\n<p>  <a href=\"https:\/\/www.lofotposten.no\/5-29-1259921\" class=\"related-teaser default-story-teaser article--c-eRUmMG article--c-eRUmMG-jKCPdD-design-default article--c-eRUmMG-kpKLOW-cv\" rel=\"nofollow noopener\" target=\"_blank\"><\/p>\n<p>\n            Les ogs\u00e5<\/p>\n<p>              Mindre\u00e5rig omkom i brann\n        <\/p>\n<p>  <\/a><br \/>\n  Raserte hotell<\/p>\n<p>Fredag kveld fikk politiet melding om br\u00e5k og h\u00e6rverk p\u00e5 et hotell i Harstad.<\/p>\n<p>\u2013 Politiet tilkalt etter skadeverk p\u00e5 et av byens hoteller. Det meldes om knust inventar i flere etasjer. samt en TV som er kastet ut av vindu i 4. etasje. Det har v\u00e6rt fest p\u00e5 minst to rom, heter det meldingen fra politiet klokken 22.07.<\/p>\n<p>Klokken 01.27 natt til l\u00f8rdag melder politiet at det totalt er 5 personer som er involvert i hendelsen.<\/p>\n<p>\u2013 Alle er under 18 \u00e5r. 2 personer blir anmeldt for skadeverk. Politiet har v\u00e6rt i kontakt med verger til alle personene, opplyser operasjonsleder Robin \u00c5sberg Lindberg ved Troms politidistrikt.<\/p>\n","protected":false},"excerpt":{"rendered":"Julebordsesongen er i full gang, men fra Lofoten er det natt til l\u00f8rdag det ikke kommet meldinger fra&hellip;\n","protected":false},"author":2,"featured_media":9634,"comment_status":"","ping_status":"","sticky":false,"template":"","format":"standard","meta":{"footnotes":""},"categories":[10],"tags":[36,20,21,24,25,15,22,23,13,30,3657,28,29,14,16,254,1510,26,27,1625],"class_list":{"0":"post-111919","1":"post","2":"type-post","3":"status-publish","4":"format-standard","5":"has-post-thumbnail","7":"category-norge","8":"tag-art","9":"tag-breaking-news","10":"tag-breakingnews","11":"tag-featured-news","12":"tag-featurednews","13":"tag-headlines","14":"tag-latest-news","15":"tag-latestnews","16":"tag-news","17":"tag-no","18":"tag-nordland-politidistrikt","19":"tag-norge","20":"tag-norway","21":"tag-nyheter","22":"tag-overskrifter","23":"tag-politi","24":"tag-story","25":"tag-top-stories","26":"tag-topstories","27":"tag-troms-politidistrikt"},"share_on_mastodon":{"url":"https:\/\/pubeurope.com\/@no\/115711070860820103","error":""},"_links":{"self":[{"href":"https:\/\/www.europesays.com\/no\/wp-json\/wp\/v2\/posts\/111919","targetHints":{"allow":["GET"]}}],"collection":[{"href":"https:\/\/www.europesays.com\/no\/wp-json\/wp\/v2\/posts"}],"about":[{"href":"https:\/\/www.europesays.com\/no\/wp-json\/wp\/v2\/types\/post"}],"author":[{"embeddable":true,"href":"https:\/\/www.europesays.com\/no\/wp-json\/wp\/v2\/users\/2"}],"replies":[{"embeddable":true,"href":"https:\/\/www.europesays.com\/no\/wp-json\/wp\/v2\/comments?post=111919"}],"version-history":[{"count":0,"href":"https:\/\/www.europesays.com\/no\/wp-json\/wp\/v2\/posts\/111919\/revisions"}],"wp:featuredmedia":[{"embeddable":true,"href":"https:\/\/www.europesays.com\/no\/wp-json\/wp\/v2\/media\/9634"}],"wp:attachment":[{"href":"https:\/\/www.europesays.com\/no\/wp-json\/wp\/v2\/media?parent=111919"}],"wp:term":[{"taxonomy":"category","embeddable":true,"href":"https:\/\/www.europesays.com\/no\/wp-json\/wp\/v2\/categories?post=111919"},{"taxonomy":"post_tag","embeddable":true,"href":"https:\/\/www.europesays.com\/no\/wp-json\/wp\/v2\/tags?post=111919"}],"curies":[{"name":"wp","href":"https:\/\/api.w.org\/{rel}","templated":true}]}}