{"id":111927,"date":"2025-12-13T07:47:06","date_gmt":"2025-12-13T07:47:06","guid":{"rendered":"https:\/\/www.europesays.com\/no\/111927\/"},"modified":"2025-12-13T07:47:06","modified_gmt":"2025-12-13T07:47:06","slug":"rekordmange-desertorer-fra-den-ukrainske-haeren","status":"publish","type":"post","link":"https:\/\/www.europesays.com\/no\/111927\/","title":{"rendered":"Rekordmange desert\u00f8rer fra den ukrainske h\u00e6ren"},"content":{"rendered":"<p>    Det er \u00e5pnet mer enn 310.000 straffesaker mot ukrainske soldater som har forlatt tjenesten uten lov. Bare i oktober i \u00e5r skal 21.602 soldater ha stukket fra h\u00e6ren.<\/p>\n<p>\n        \u00c9n soldat forlater den ukrainske h\u00e6ren omtrent hvert andre minutt.<br \/>\n        Shutterstock\/NTB\n    <\/p>\n<p>Den ukrainske p\u00e5talemyndigheten registrerte\u00a021.602 tilfeller av ulovlig frav\u00e6r og desertering i oktober 2025\u00a0\u2013 det h\u00f8yeste tallet siden fullskala\u00adkrigen startet. Det melder det danske allmennkringkastingsselskapet <a href=\"https:\/\/www.dr.dk\/nyheder\/udland\/oktober-satte-rekord-i-antallet-af-desertoerer-fra-den-ukrainske-haer\" target=\"_blank\" rel=\"nofollow noopener\">DR<\/a>, som viser til nye tall publisert av den ukrainske nettavisen Novoe Vremja (<a href=\"https:\/\/nv.ua\/ukr\/ukraine\/events\/szch-ta-dezertirstvo-ofis-genprokurora-zayaviv-pro-rekordne-zrostannya-sprav-u-2025-roci-50559391.html\" target=\"_blank\" rel=\"nofollow noopener\">NV<\/a>).<\/p>\n<p>Tallene er hentet fra\u00a0Ukrainas riksadvokatembete, som i en skriftlig redegj\u00f8relse til NV beskriver en kraftig \u00f8kning i saker der soldater forlater tjenesten uten tillatelse.\u00a0<\/p>\n<p class=\"font-weight-bold m-font-weight-bold\" data-lab-font_weight=\"font-weight-bold\">Les ogs\u00e5: <a href=\"https:\/\/www.abcnyheter.no\/nyheter\/ber-storbritannia-forberede-seg-raskt-pa-stor-krig-mot-russland\/1328500\" rel=\"nofollow noopener\" target=\"_blank\">Ber Storbritannia forberede seg p\u00e5 stor-krig mot Russland<\/a><\/p>\n<p>Over 311.000 straffesaker siden 2022<\/p>\n<p>If\u00f8lge riksadvokatembetet er det fra januar 2022 til og med oktober 2025 registrert om lag\u00a0255.000 straffesaker\u00a0for ulovlig frav\u00e6r \u2013 definert som at en soldat\u00a0forlater sin milit\u00e6re avdeling eller tjenestested uten lovlig grunn. Og: Rundt 56.200 straffesaker\u00a0for\u00a0desertering.<\/p>\n<p>Til sammen utgj\u00f8r dette\u00a0311.327 straffesaker\u00a0p\u00e5 under fire \u00e5r.<\/p>\n<p>NV understreker at dette er\u00a0registrerte saker, ikke dommer. Mange av sakene blir aldri f\u00f8rt for retten.<\/p>\n<p>2025: Flere saker enn de tre f\u00f8rste krigs\u00e5rene til sammen<\/p>\n<p>Statistikken som riksadvokaten har sendt til NV, viser at 2025 skiller seg klart ut:\u00a0<\/p>\n<p>Ulovlig frav\u00e6r<\/p>\n<p>        <a itemprop=\"url\" class=\"\" href=\"https:\/\/www.abcnyheter.no\/nyheter\/tidligere-nato-topp-rob-bauer-ber-europa-omstille-seg-raskere\/1327017\" data-k5a-url=\"https:\/\/www.abcnyheter.no\/a\/1327017\" rel=\"nofollow noopener\" target=\"_blank\"><\/p>\n<p>            \u2013 Ekstremt alvorlig sikkerhetsscenario<\/p>\n<p itemprop=\"section\" class=\"section\" data-tag=\"nyheter\">nyheter<\/p>\n<p>        <\/a><\/p>\n<p>Desertering<\/p>\n<p>Dermed er det\u00a0registrert flere saker p\u00e5 de ti f\u00f8rste m\u00e5nedene av 2025 enn i hele perioden 2022\u20132024 til sammen.<\/p>\n<p>Oktober: 21.602 soldater skal ha forlatt h\u00e6ren<\/p>\n<p>        <a itemprop=\"url\" class=\"\" href=\"https:\/\/www.abcnyheter.no\/nyheter\/dansk-etterretning-russland-mer-truende-mot-nato-land\/1326790\" data-k5a-url=\"https:\/\/www.abcnyheter.no\/a\/1326790\" rel=\"nofollow noopener\" target=\"_blank\"><\/p>\n<p>            Dansk etterretning: Russland mer truende mot Nato-land<\/p>\n<p itemprop=\"section\" class=\"section\" data-tag=\"nyheter\">nyheter<\/p>\n<p>        <\/a><\/p>\n<p>Oktober 2025 \u00a0peker seg ut som en rekordm\u00e5ned.<\/p>\n<p>If\u00f8lge NV viser riksadvokatens tall at\u00a021.602 soldater forlot sine enheter i l\u00f8pet av oktober, gjennom enten ulovlig frav\u00e6r eller desertering.<\/p>\n<p>Den ukrainske journalisten Igor Lutsenko\u00a0kommenterer tallene i NV. Han poengterer at tallene betyr at\u00a0\u00e9n soldat forlater h\u00e6ren omtrent hvert andre minutt. Lutsenko kaller utviklingen \u00abproblem nummer \u00e9n for landet\u00bb.\u00a0<\/p>\n<p>Tallene gir et nytt innblikk i\u00a0slitasjen p\u00e5 de ukrainske styrkene\u00a0etter snart fire \u00e5r med fullskala krig.<\/p>\n<p>\u00abDet er psykisk hardt. Kampvilje kan ikke vare evig\u00bb, kommenterer r\u00e5dgiver Mikhailo Podoljak overfor DR.<\/p>\n<p class=\"font-weight-bold m-font-weight-bold\" data-lab-font_weight=\"font-weight-bold\">Norsk toppdiplomat: <a href=\"https:\/\/www.abcnyheter.no\/nyheter\/norsk-toppdiplomat-valg-i-ukraina-er-en-illusjon\/1328159\" rel=\"nofollow noopener\" target=\"_blank\">Valg i Ukraina er en illusjon<\/a><\/p>\n","protected":false},"excerpt":{"rendered":"Det er \u00e5pnet mer enn 310.000 straffesaker mot ukrainske soldater som har forlatt tjenesten uten lov. Bare i&hellip;\n","protected":false},"author":2,"featured_media":111928,"comment_status":"","ping_status":"","sticky":false,"template":"","format":"standard","meta":{"footnotes":""},"categories":[12],"tags":[20,21,24,25,15,22,23,13,30,28,29,14,16,26,27,42,43,44,45],"class_list":{"0":"post-111927","1":"post","2":"type-post","3":"status-publish","4":"format-standard","5":"has-post-thumbnail","7":"category-verden","8":"tag-breaking-news","9":"tag-breakingnews","10":"tag-featured-news","11":"tag-featurednews","12":"tag-headlines","13":"tag-latest-news","14":"tag-latestnews","15":"tag-news","16":"tag-no","17":"tag-norge","18":"tag-norway","19":"tag-nyheter","20":"tag-overskrifter","21":"tag-top-stories","22":"tag-topstories","23":"tag-verden","24":"tag-world","25":"tag-world-news","26":"tag-worldnews"},"share_on_mastodon":{"url":"https:\/\/pubeurope.com\/@no\/115711157748920244","error":""},"_links":{"self":[{"href":"https:\/\/www.europesays.com\/no\/wp-json\/wp\/v2\/posts\/111927","targetHints":{"allow":["GET"]}}],"collection":[{"href":"https:\/\/www.europesays.com\/no\/wp-json\/wp\/v2\/posts"}],"about":[{"href":"https:\/\/www.europesays.com\/no\/wp-json\/wp\/v2\/types\/post"}],"author":[{"embeddable":true,"href":"https:\/\/www.europesays.com\/no\/wp-json\/wp\/v2\/users\/2"}],"replies":[{"embeddable":true,"href":"https:\/\/www.europesays.com\/no\/wp-json\/wp\/v2\/comments?post=111927"}],"version-history":[{"count":0,"href":"https:\/\/www.europesays.com\/no\/wp-json\/wp\/v2\/posts\/111927\/revisions"}],"wp:featuredmedia":[{"embeddable":true,"href":"https:\/\/www.europesays.com\/no\/wp-json\/wp\/v2\/media\/111928"}],"wp:attachment":[{"href":"https:\/\/www.europesays.com\/no\/wp-json\/wp\/v2\/media?parent=111927"}],"wp:term":[{"taxonomy":"category","embeddable":true,"href":"https:\/\/www.europesays.com\/no\/wp-json\/wp\/v2\/categories?post=111927"},{"taxonomy":"post_tag","embeddable":true,"href":"https:\/\/www.europesays.com\/no\/wp-json\/wp\/v2\/tags?post=111927"}],"curies":[{"name":"wp","href":"https:\/\/api.w.org\/{rel}","templated":true}]}}