{"id":111929,"date":"2025-12-13T07:48:22","date_gmt":"2025-12-13T07:48:22","guid":{"rendered":"https:\/\/www.europesays.com\/no\/111929\/"},"modified":"2025-12-13T07:48:22","modified_gmt":"2025-12-13T07:48:22","slug":"mystisk-kidnapping-kobles-til-granatangrepene","status":"publish","type":"post","link":"https:\/\/www.europesays.com\/no\/111929\/","title":{"rendered":"Mystisk kidnapping kobles til granat\u00adangrepene"},"content":{"rendered":"<p>   <strong class=\"_strong_o9xde_25\">I midten av september ble politiet kjent med et bilde som f\u00f8rte til full alarm.<\/strong><\/p>\n<p class=\"_paragraph_o9xde_4 _paragraph_xtcu6_10 layout-component text-serif-m layout-normal text-serif-m layout-padded\">Bildet viste en 24 \u00e5r gammel norsk-vietnamesisk mann p\u00e5 et bad, delvis avkledd, blodig i ansiktet \u2013 og med et t\u00f8ystykke i munnen, if\u00f8lge etterforskningen.<\/p>\n<p class=\"_paragraph_o9xde_4 _paragraph_xtcu6_10 layout-component text-serif-m layout-normal text-serif-m layout-padded\">Mannen skal ha blitt kidnappet fra Norge til Danmark. Men fire dager senere fant politiet ham hjemme hos familien i Oslo.<\/p>\n<p class=\"_paragraph_o9xde_4 _paragraph_xtcu6_10 layout-component text-serif-m layout-normal text-serif-m layout-padded\">Og.<\/p>\n<p class=\"_paragraph_o9xde_4 _paragraph_xtcu6_10 layout-component text-serif-m layout-normal text-serif-m layout-padded\">Politiet fant ingen synlige skader, f\u00e5r VG opplyst.<\/p>\n<p class=\"_paragraph_o9xde_4 _paragraph_xtcu6_10 layout-component text-serif-m layout-normal text-serif-m layout-padded\"><strong class=\"_strong_o9xde_25\">Hvordan var det mulig?<\/strong><\/p>\n<p class=\"_paragraph_o9xde_4 _paragraph_xtcu6_10 layout-component text-serif-m layout-normal text-serif-m layout-padded\">Grove trusler, en leilighet i Oslo, pengekrav i millionklassen \u2013 og merkelige taxiturer over landegrensene.<\/p>\n<p class=\"_paragraph_o9xde_4 _paragraph_xtcu6_10 layout-component text-serif-m layout-normal text-serif-m layout-padded\">VG kan n\u00e5 fortelle nye detaljer fra politiets etterforskning av kidnappingssaken i Oslo i midten av september \u2013 en sak som knyttes til granatangrepet mot en neglsalong i Pilestredet og en restaurant p\u00e5 Str\u00f8mmen i Akershus.<\/p>\n<p class=\"_paragraph_o9xde_4 _paragraph_xtcu6_10 layout-component text-serif-m layout-normal text-serif-m layout-padded\"><strong class=\"_strong_o9xde_25\">Alle som er siktet i saken nekter straffskyld. Les kommentarer fra forsvarerne deres lenger ned i saken.<\/strong><\/p>\n<p><img alt=\"Foto: Tore Kristiansen \/ VG\" class=\"_image_qp4xg_65 layout-component layout-normal\" data-fullscreen- data-track-element-type=\"Article image fullscreen\" data-track-name=\"ImageFullscreen\" decoding=\"async\" loading=\"lazy\" height=\"2032\" itemprop=\"image\"  src=\"https:\/\/www.europesays.com\/no\/wp-content\/uploads\/2025\/12\/33e7f5d8-e418-4240-b5e8-5cb95dc759d5\"  style=\"object-position:0% 0%\" width=\"1524\"\/>Foto: Tore Kristiansen \/ VG<img alt=\"Foto: Tore Kristiansen \/ VG\" class=\"_image_qp4xg_65 layout-component layout-wide\" data-fullscreen- data-track-element-type=\"Article image fullscreen\" data-track-name=\"ImageFullscreen\" decoding=\"async\" loading=\"lazy\" height=\"1935\" itemprop=\"image\"  src=\"https:\/\/www.europesays.com\/no\/wp-content\/uploads\/2025\/12\/e75bacf2-7106-4982-a145-947c98e4d798\"  style=\"object-position:0% 0%\" width=\"2579\"\/>Foto: Tore Kristiansen \/ VG<img alt=\"Foto: Tore Kristiansen \/ VG\" class=\"_image_qp4xg_65 layout-component layout-wide\" data-fullscreen- data-track-element-type=\"Article image fullscreen\" data-track-name=\"ImageFullscreen\" decoding=\"async\" loading=\"lazy\" height=\"1935\" itemprop=\"image\"  src=\"https:\/\/www.europesays.com\/no\/wp-content\/uploads\/2025\/12\/e75bacf2-7106-4982-a145-947c98e4d798\"  style=\"object-position:0% 0%\" width=\"2579\"\/>Foto: Tore Kristiansen \/ VG<\/p>\n<p class=\"_paragraph_o9xde_4 _paragraph_xtcu6_10 layout-component text-serif-m layout-normal text-serif-m layout-padded\">15. september<br \/>Om ettermiddagen mandag 15. september skal to straffed\u00f8mte menn i Oslo ha kommunisert med hverandre over en applikasjon p\u00e5 mobiltelefonen. Begge opererte under hvert sitt kallenavn.<\/p>\n<p><img decoding=\"async\" alt=\"Bilde av Mann (28)\" class=\"_image_ygndg_42\" height=\"40\" itemprop=\"image\" loading=\"lazy\"  src=\"https:\/\/www.europesays.com\/no\/wp-content\/uploads\/2025\/12\/92a6a787-961c-4ed8-b78e-ab64959121de\"  width=\"40\"\/><strong class=\"_name_ygndg_51 title-serif-xs\">Mann (28)<\/strong><\/p>\n<p class=\"_paragraph_o9xde_4 text-sans-m _description_ygndg_56\">Utpekt som hovedmann. Siktet for grov frihetsber\u00f8velse.<\/p>\n<p><img decoding=\"async\" alt=\"Bilde av Mann (18)\" class=\"_image_ygndg_42\" height=\"40\" itemprop=\"image\" loading=\"lazy\"  src=\"https:\/\/www.europesays.com\/no\/wp-content\/uploads\/2025\/12\/5a9a380d-d1cd-4f14-a119-966ef2186210\"  width=\"40\"\/><strong class=\"_name_ygndg_51 title-serif-xs\">Mann (18)<\/strong><\/p>\n<p class=\"_paragraph_o9xde_4 text-sans-m _description_ygndg_56\">Siktet for grov frihetsber\u00f8velse.<\/p>\n<p class=\"_paragraph_o9xde_4 _paragraph_xtcu6_10 layout-component text-serif-m layout-normal text-serif-m layout-padded\">En viktig beskjed skal ha blitt formidlet: \u00abTa kontakt med sj\u00e5f\u00f8ren.\u00bb<\/p>\n<p class=\"_paragraph_o9xde_4 _paragraph_xtcu6_10 layout-component text-serif-m layout-normal text-serif-m layout-padded\">De to straffed\u00f8mte mennene skal ogs\u00e5 ha avtalt at de skulle m\u00f8tes etterp\u00e5 \u2013 i omr\u00e5det ved Lindeberg \u00f8st i Oslo.<\/p>\n<p class=\"_paragraph_o9xde_4 _paragraph_xtcu6_10 layout-component text-serif-m layout-normal text-serif-m layout-padded\"><strong class=\"_strong_o9xde_25\">Hva p\u00f8nsket de p\u00e5?<\/strong><\/p>\n<p class=\"_paragraph_o9xde_4 _paragraph_xtcu6_10 layout-component text-serif-m layout-normal text-serif-m layout-padded\"><strong class=\"_strong_o9xde_25\">Og hvorfor skulle en sj\u00e5f\u00f8r kontaktes?<\/strong><\/p>\n<p class=\"_paragraph_o9xde_4 _paragraph_xtcu6_10 layout-component text-serif-m layout-normal text-serif-m layout-padded\">Klokken n\u00e6rmet seg 20.00. Den 24 \u00e5r gamle norsk-vietnameseren befant seg i bilen sin et sted i Oslo, n\u00e6rmere bestemt i en BMW.<\/p>\n<p><img decoding=\"async\" alt=\"Bilde av Norsk-vietnameser (24)\" class=\"_image_ygndg_42\" height=\"40\" itemprop=\"image\" loading=\"lazy\"  src=\"https:\/\/www.europesays.com\/no\/wp-content\/uploads\/2025\/12\/c5642009-135f-4697-ac2e-1758b670eea7\"  width=\"40\"\/><strong class=\"_name_ygndg_51 title-serif-xs\">Norsk-vietnameser (24)<\/strong><\/p>\n<p class=\"_paragraph_o9xde_4 text-sans-m _description_ygndg_56\">Forn\u00e6rmet<\/p>\n<p class=\"_paragraph_o9xde_4 _paragraph_xtcu6_10 layout-component text-serif-m layout-normal text-serif-m layout-padded\">N\u00e5 ble han kontaktet av en av de straffed\u00f8mte mennene \u2013 med beskjed om \u00e5 kj\u00f8re til en konkret snuplass p\u00e5 Lindeberg\u00e5sen, f\u00e5r VG opplyst.<\/p>\n<p class=\"_paragraph_o9xde_4 _paragraph_xtcu6_10 layout-component text-serif-m layout-normal text-serif-m layout-padded\">Klokken hadde passert 20.30 da to biler m\u00f8tes: BMW-en til den norsk-vietnamesiske mannen og en taxi av bilmerket NIO.<\/p>\n<p class=\"_paragraph_o9xde_4 _paragraph_xtcu6_10 layout-component text-serif-m layout-normal text-serif-m layout-padded\">BMW-en ble parkert, og satt igjen ul\u00e5st.<\/p>\n<p class=\"_paragraph_o9xde_4 _paragraph_xtcu6_10 layout-component text-serif-m layout-normal text-serif-m layout-padded\">Totalt fire menn befant seg n\u00e5 i taxien: Taxisj\u00e5f\u00f8ren, de to straffed\u00f8mte mennene og den norsk-vietnamesiske mannen, f\u00e5r VG opplyst.<\/p>\n<p><img decoding=\"async\" alt=\"Bilde av Taxisj\u00e5f\u00f8r (29)\" class=\"_image_ygndg_42\" height=\"40\" itemprop=\"image\" loading=\"lazy\"  src=\"https:\/\/www.europesays.com\/no\/wp-content\/uploads\/2025\/12\/8212989f-24f7-4d67-a401-9e4bfc63fe48\"  width=\"40\"\/><strong class=\"_name_ygndg_51 title-serif-xs\">Taxisj\u00e5f\u00f8r (29)<\/strong><\/p>\n<p class=\"_paragraph_o9xde_4 text-sans-m _description_ygndg_56\">Siktet for grov frihetsber\u00f8velse<\/p>\n<p class=\"_paragraph_o9xde_4 _paragraph_xtcu6_10 layout-component text-serif-m layout-normal text-serif-m layout-padded\">\u2013 Han har inng\u00e5tt i hendelsesforl\u00f8pet, men ikke medvirket til noen kidnapping. Det er ogs\u00e5 uklart om det i det hele tatt er tale om en kidnapping, sier taxisj\u00e5f\u00f8rens forsvarer, advokat Bendik Falch-Koslung, til VG.<\/p>\n<p>    &#13;<br \/>\n      &#13;<br \/>\n&#13;<br \/>\n      &#13;<br \/>\n&#13;<br \/>\n      &#13;<br \/>\n      &#13;<br \/>\n          Sammen kj\u00f8rte de fire f\u00f8rst forbi Tusenfryd, gjennom Oslofjord-tunnellen og&#13;<br \/>\n          videre til Hurumlandet. Klokken n\u00e6rmet seg midnatt.&#13;<br \/>\n        &#13;<br \/>\n      &#13;<br \/>\n&#13;<br \/>\n      &#13;<br \/>\n&#13;<br \/>\n      &#13;<\/p>\n<p class=\"_paragraph_o9xde_4 _paragraph_xtcu6_10 layout-component text-serif-m layout-normal text-serif-m layout-padded\">S\u00e5 stoppet taxien.<\/p>\n<p class=\"_paragraph_o9xde_4 _paragraph_xtcu6_10 layout-component text-serif-m layout-normal text-serif-m layout-padded\">Ut av bilen gikk de to straffed\u00f8mte mennene og den norsk-vietnamesiske mannen, if\u00f8lge VGs opplysninger.<\/p>\n<p class=\"_paragraph_o9xde_4 _paragraph_xtcu6_10 layout-component text-serif-m layout-normal text-serif-m layout-padded\">Inne i bilen fant taxisj\u00e5f\u00f8ren frem mobiltelefonen sin \u2013 og skrudde p\u00e5 videofunksjonen.<\/p>\n<p class=\"_paragraph_o9xde_4 _paragraph_xtcu6_10 layout-component text-serif-m layout-normal text-serif-m layout-padded\">Fra f\u00f8rersetet filmet han den norsk-vietnamesiske mannen som n\u00e5 sto p\u00e5 kne, delvis avkledd og med en pistollignende gjenstand rettet mot hodet, if\u00f8lge VGs opplysninger.<\/p>\n<p class=\"_paragraph_o9xde_4 _paragraph_xtcu6_10 layout-component text-serif-m layout-normal text-serif-m layout-padded\">Videoen som senere har blitt en del av politiets etterforskning, ble ogs\u00e5 delt med andre \u2013 deriblant familie og bekjente til den norsk-vietnamesiske mannen, f\u00e5r VG opplyst.<\/p>\n<p class=\"_paragraph_o9xde_4 _paragraph_xtcu6_10 layout-component text-serif-m layout-normal text-serif-m layout-padded\">Et av flere ubesvarte sp\u00f8rsm\u00e5l i saken er hvordan norsk-vietnameseren bare kort tid etter den truende scenen kunne ta kontakt med en kvinne.<\/p>\n<p class=\"_paragraph_o9xde_4 _paragraph_xtcu6_10 layout-component text-serif-m layout-normal text-serif-m layout-padded\">Fra Hurumlandet ringte han en kvinne \u2013 som skal ha v\u00e6rt urolig for ham, if\u00f8lge etterforskningen. Kvinnen, som gjenkjente en av de straffed\u00f8mte mennene, delte sin bekymring om frihetsber\u00f8velse med s\u00f8steren.<\/p>\n<p class=\"_paragraph_o9xde_4 _paragraph_xtcu6_10 layout-component text-serif-m layout-normal text-serif-m layout-padded\">Mannen som ble identifisert var en 28 \u00e5r gammel norsk statsborger fra Oslo \u2013 med bakgrunn fra Irak.<\/p>\n<p class=\"_paragraph_o9xde_4 _paragraph_xtcu6_10 layout-component text-serif-m layout-normal text-serif-m layout-padded\">Klokken passerte midnatt, men kvinnen som ble kontaktet fikk ikke sove.\u00a0<\/p>\n<p class=\"_paragraph_o9xde_4 _paragraph_xtcu6_10 layout-component text-serif-m layout-normal text-serif-m layout-padded\">Og snart skulle hun bli enda mer urolig.<\/p>\n<p class=\"_paragraph_o9xde_4 _paragraph_xtcu6_10 layout-component text-serif-m layout-normal text-serif-m layout-padded\">Fra taxien, som n\u00e5 beveget seg nordover fra Hurumlanden, fikk hun en ny telefon fra den norsk-vietnamesiske mannen. N\u00e5 fortalte han om kidnapping, f\u00e5r VG opplyst.<\/p>\n<p class=\"_paragraph_o9xde_4 _paragraph_xtcu6_10 layout-component text-serif-m layout-normal text-serif-m layout-padded\">Kvinnen fikk ogs\u00e5 opplysninger fra en bekjent om at to familiemedlemmer av den norsk-vietnamesiske mannen hadde mottatt en video der han ble truet med pistol, if\u00f8lge VGs opplysninger.<\/p>\n<p class=\"_paragraph_o9xde_4 _paragraph_xtcu6_10 layout-component text-serif-m layout-normal text-serif-m layout-padded\">I tillegg skal kvinnen ha f\u00e5tt vite at det var rettet et pengekrav p\u00e5 to millioner kroner mot storebroren hans.<\/p>\n<p class=\"_paragraph_o9xde_4 _paragraph_xtcu6_10 layout-component text-serif-m layout-normal text-serif-m layout-padded\">N\u00e5 ble politiet varslet.<\/p>\n<p class=\"_paragraph_o9xde_4 _paragraph_xtcu6_10 layout-component text-serif-m layout-normal text-serif-m layout-padded\">Og kort tid senere ble den forlatte BMW-en funnet ved snuplassen p\u00e5 Lindeberg\u00e5sen.<\/p>\n<p class=\"_paragraph_o9xde_4 _paragraph_xtcu6_10 layout-component text-serif-m layout-normal text-serif-m layout-padded\"><strong class=\"_strong_o9xde_25\">Men hvor var taxien?<\/strong><\/p>\n<p class=\"_paragraph_o9xde_4 _paragraph_xtcu6_10 layout-component text-serif-m layout-normal text-serif-m layout-padded\"><strong class=\"_strong_o9xde_25\">Og de fire mennene?<\/strong><\/p>\n<p>&#13;<br \/>\n      &#13;<br \/>\n&#13;<br \/>\n      &#13;<br \/>\n&#13;<br \/>\n      &#13;<br \/>\n      &#13;<br \/>\n          I l\u00f8pet av natt til tirsdag 16. september rullet taxien inn i et&#13;<br \/>\n          boligomr\u00e5de p\u00e5 Vestli i Oslo.&#13;<br \/>\n        &#13;<br \/>\n      &#13;<br \/>\n&#13;<br \/>\n      &#13;<br \/>\n&#13;<br \/>\n      &#13;<\/p>\n<p class=\"_paragraph_o9xde_4 _paragraph_xtcu6_10 layout-component text-serif-m layout-normal text-serif-m layout-padded\">16. september<br \/>En bekjent av den utpekte hovedmannen ga de fire husly over natten.<\/p>\n<p><img decoding=\"async\" alt=\"Bilde av Mann (29)\" class=\"_image_ygndg_42\" height=\"40\" itemprop=\"image\" loading=\"lazy\"  src=\"https:\/\/www.europesays.com\/no\/wp-content\/uploads\/2025\/12\/5a9a380d-d1cd-4f14-a119-966ef2186210\"  width=\"40\"\/><strong class=\"_name_ygndg_51 title-serif-xs\">Mann (29)<\/strong><\/p>\n<p class=\"_paragraph_o9xde_4 text-sans-m _description_ygndg_56\">Bekjent av hovedmannen. Siktet for grov frihetsber\u00f8velse.<\/p>\n<p class=\"_paragraph_o9xde_4 _paragraph_xtcu6_10 layout-component text-serif-m layout-normal text-serif-m layout-padded\">Men det var noe den utpekte hovedmannen ikke visste. Han var under oppsikt.<\/p>\n<p class=\"_paragraph_o9xde_4 _paragraph_xtcu6_10 layout-component text-serif-m layout-normal text-serif-m layout-padded\">Politiet fulgte alle hans bevegelser da han forlot leiligheten dagen etter.<\/p>\n<p><img alt=\"Foto: J\u00f8rgen Braastad \/ VG\" class=\"_image_qp4xg_65 layout-component layout-normal\" data-fullscreen- data-track-element-type=\"Article image fullscreen\" data-track-name=\"ImageFullscreen\" decoding=\"async\" loading=\"lazy\" height=\"8192\" itemprop=\"image\"  src=\"https:\/\/www.europesays.com\/no\/wp-content\/uploads\/2025\/12\/2260ea21-e834-4d18-82ae-3c7fd579530d\"  style=\"object-position:0% 0%\" width=\"5464\"\/>Foto: J\u00f8rgen Braastad \/ VG<img alt=\"Foto: J\u00f8rgen Braastad \/ VG\" class=\"_image_qp4xg_65 layout-component layout-wide\" data-fullscreen- data-track-element-type=\"Article image fullscreen\" data-track-name=\"ImageFullscreen\" decoding=\"async\" loading=\"lazy\" height=\"5087\" itemprop=\"image\"  src=\"https:\/\/www.europesays.com\/no\/wp-content\/uploads\/2025\/12\/aa0a5b81-a2c3-4905-8dc4-7c983b1f7020\"  style=\"object-position:0% 0%\" width=\"6783\"\/>Foto: J\u00f8rgen Braastad \/ VG<img alt=\"Foto: J\u00f8rgen Braastad \/ VG\" class=\"_image_qp4xg_65 layout-component layout-wide\" data-fullscreen- data-track-element-type=\"Article image fullscreen\" data-track-name=\"ImageFullscreen\" decoding=\"async\" loading=\"lazy\" height=\"5087\" itemprop=\"image\"  src=\"https:\/\/www.europesays.com\/no\/wp-content\/uploads\/2025\/12\/aa0a5b81-a2c3-4905-8dc4-7c983b1f7020\"  style=\"object-position:0% 0%\" width=\"6783\"\/>Foto: J\u00f8rgen Braastad \/ VG<\/p>\n<p class=\"_paragraph_o9xde_4 _paragraph_xtcu6_10 layout-component text-serif-m layout-normal text-serif-m layout-padded\">Og i Oslo sentrum ble han p\u00e5grepet og siktet for grov frihetsber\u00f8velse.<\/p>\n<p class=\"_paragraph_o9xde_4 _paragraph_xtcu6_10 layout-component text-serif-m layout-normal text-serif-m layout-padded\"><strong class=\"_strong_o9xde_25\">Men hvor var den norsk-vietnamesiske mannen?<\/strong><\/p>\n<p> &#13;<br \/>\n      &#13;<br \/>\n&#13;<br \/>\n      &#13;<br \/>\n&#13;<br \/>\n      &#13;<br \/>\n      &#13;<br \/>\n          Om ettermiddagen 16. september skal de fire mennene som var igjen i&#13;<br \/>\n          leiligheten p\u00e5 Vestli ha krysset grensen til Sverige.&#13;<br \/>\n        &#13;<br \/>\n        &#13;<br \/>\n      &#13;<br \/>\n&#13;<br \/>\n      &#13;<br \/>\n&#13;<br \/>\n      &#13;<\/p>\n<p class=\"_paragraph_o9xde_4 _paragraph_xtcu6_10 layout-component text-serif-m layout-normal text-serif-m layout-padded\"> VG er kjent med at politiet har sikret seg bilder fra Svinesund, som viser taxien ved grenseovergangen.<\/p>\n<p class=\"_paragraph_o9xde_4 _paragraph_xtcu6_10 layout-component text-serif-m layout-normal text-serif-m layout-padded\">Politiet skal ogs\u00e5 sitte p\u00e5 overv\u00e5kningsbilder av at de fire mennene som overnattet p\u00e5 Vestli stopper ved en McDonalds-restaurant i Sverige.<\/p>\n<p><img alt=\"Foto: Wikimedia Commons\" class=\"_image_qp4xg_65 layout-component layout-normal\" data-fullscreen- data-track-element-type=\"Article image fullscreen\" data-track-name=\"ImageFullscreen\" decoding=\"async\" loading=\"lazy\" height=\"2210\" itemprop=\"image\"  src=\"https:\/\/www.europesays.com\/no\/wp-content\/uploads\/2025\/12\/7a19411f-c955-4b52-a9da-a72a1ac899ad\"  style=\"object-position:0% 0%\" width=\"1657\"\/>Foto: Wikimedia Commons<img alt=\"Foto: Wikimedia Commons\" class=\"_image_qp4xg_65 layout-component layout-wide\" data-fullscreen- data-track-element-type=\"Article image fullscreen\" data-track-name=\"ImageFullscreen\" decoding=\"async\" loading=\"lazy\" height=\"2669\" itemprop=\"image\"  src=\"https:\/\/www.europesays.com\/no\/wp-content\/uploads\/2025\/12\/5dd9ca0c-85fb-4d78-bc61-31153fc3d4dc\"  style=\"object-position:0% 0%\" width=\"3559\"\/>Foto: Wikimedia Commons<img alt=\"Foto: Wikimedia Commons\" class=\"_image_qp4xg_65 layout-component layout-wide\" data-fullscreen- data-track-element-type=\"Article image fullscreen\" data-track-name=\"ImageFullscreen\" decoding=\"async\" loading=\"lazy\" height=\"2669\" itemprop=\"image\"  src=\"https:\/\/www.europesays.com\/no\/wp-content\/uploads\/2025\/12\/5dd9ca0c-85fb-4d78-bc61-31153fc3d4dc\"  style=\"object-position:0% 0%\" width=\"3559\"\/>Foto: Wikimedia Commons<\/p>\n<p class=\"_paragraph_o9xde_4 _paragraph_xtcu6_10 layout-component text-serif-m layout-normal text-serif-m layout-padded\">Parallelt med taxituren ble familien til den norsk-vietnamesiske mannen avh\u00f8rt av politiet, deriblant storebroren. I tillegg ble leiligheten til den siktede antatte hovedmannen i Oslo ransaket, uten at det skal ha gitt politiet noe mer informasjon, f\u00e5r VG opplyst.<\/p>\n<p> &#13;<br \/>\n      &#13;<br \/>\n&#13;<br \/>\n      &#13;<br \/>\n&#13;<br \/>\n      &#13;<br \/>\n      &#13;<br \/>\n          I l\u00f8pet av natt til onsdag 17. september skal taxien ha ankommet et&#13;<br \/>\n          konkret hotell i den danske hovedstaden.&#13;<br \/>\n        &#13;<br \/>\n       &#13;<br \/>\n      &#13;<br \/>\n&#13;<br \/>\n      &#13;<br \/>\n&#13;<br \/>\n      &#13;<\/p>\n<p class=\"_paragraph_o9xde_4 _paragraph_xtcu6_10 layout-component text-serif-m layout-normal text-serif-m layout-padded\">17. september<br \/>Sj\u00e5f\u00f8ren fikk betalt noen tusenlapper for turen og dro tilbake til Norge, f\u00e5r VG opplyst.<\/p>\n<p class=\"_paragraph_o9xde_4 _paragraph_xtcu6_10 layout-component text-serif-m layout-normal text-serif-m layout-padded\">Hjemme ventet politiet. Og sj\u00e5f\u00f8ren ble p\u00e5grepet.<\/p>\n<p class=\"_paragraph_o9xde_4 _paragraph_xtcu6_10 layout-component text-serif-m layout-normal text-serif-m layout-padded\">If\u00f8lge VGs opplysninger har taxisj\u00e5f\u00f8ren forklart at han kun hadde kj\u00f8rt kunder til K\u00f8benhavn \u2013 og stilte seg uforst\u00e5ende til anklagen om kidnapping.<\/p>\n<p class=\"_paragraph_o9xde_4 _paragraph_xtcu6_10 layout-component text-serif-m layout-normal text-serif-m layout-padded\">Men da politiet saumfarte mobiltelefonen hans, fant de videoen av den norsk-vietnamesiske mannen i knest\u00e5ende, delvis avkledd og med en pistollignende gjenstand mot hodet.<\/p>\n<p class=\"_paragraph_o9xde_4 _paragraph_xtcu6_10 layout-component text-serif-m layout-normal text-serif-m layout-padded\">Politiet har senere hentet ut mye informasjon fra taxien, som blant annet var utstyrt med GPS, kamerafunksjon og lyd.<\/p>\n<p class=\"_paragraph_o9xde_4 _paragraph_xtcu6_10 layout-component text-serif-m layout-normal text-serif-m layout-padded\">P\u00e5 den m\u00e5ten har de blant annet f\u00e5tt en klar oppfatning av hvor taxien har beveget seg \u2013 hele veien fra Lindeberg\u00e5sen til K\u00f8benhavn, f\u00e5r VG opplyst.<\/p>\n<p class=\"_paragraph_o9xde_4 _paragraph_xtcu6_10 layout-component text-serif-m layout-normal text-serif-m layout-padded\">18. september<br \/>I l\u00f8pet av torsdag 18. september<strong class=\"_strong_o9xde_25\"> <\/strong>fikk politiet ogs\u00e5 tilgang p\u00e5 kommunikasjon som tydet p\u00e5 at pengekravet mot storebroren til den norsk-vietnamesiske mannen hadde steget, fra to millioner kroner til mellom 15-20 millioner kroner, f\u00e5r VG opplyst.<\/p>\n<p class=\"_paragraph_o9xde_4 _paragraph_xtcu6_10 layout-component text-serif-m layout-normal text-serif-m layout-padded\">Politiet fikk i tillegg andre opplysninger:<\/p>\n<ul class=\"_list_o9xde_3 _list_xtcu6_9 _unordered_o9xde_106 layout-component text-serif-m layout-normal text-serif-m layout-padded\">\n<li class=\"_item_o9xde_30\">Svensker kunne v\u00e6re involvert.<\/li>\n<li class=\"_item_o9xde_30\">Storebroren skal ha f\u00e5tt et nytt trusselbilde der lillebroren sitter delvis avkledd p\u00e5 et bad, noe blodig i ansiktet og med et t\u00f8ystykke i munnen som var knyttet bak hodet.<\/li>\n<li class=\"_item_o9xde_30\">Den utpekte hovedmannen og en mann i 20-\u00e5rene fra Oslo, som politiet mener fulgte den p\u00e5st\u00e5tte frihetsber\u00f8velsen p\u00e5 avstand fra Norge til Danmark, if\u00f8lge VGs opplysninger.<\/li>\n<\/ul>\n<p class=\"_paragraph_o9xde_4 _paragraph_xtcu6_10 layout-component text-serif-m layout-normal text-serif-m layout-padded\">Politiet har fors\u00f8kt \u00e5 identifisere det aktuelle badet fra trusselbildet og v\u00e6rt p\u00e5 flere steder i b\u00e5de Norge, Sverige og Danmark, f\u00e5r VG opplyst.<\/p>\n<p class=\"_paragraph_o9xde_4 _paragraph_xtcu6_10 layout-component text-serif-m layout-normal text-serif-m layout-padded\">19. september<br \/>Om morgenen fredag 19. september har det g\u00e5tt over 80 timer siden taxituren fra Lindeberg\u00e5sen i Oslo.<\/p>\n<p class=\"_paragraph_o9xde_4 _paragraph_xtcu6_10 layout-component text-serif-m layout-normal text-serif-m layout-padded\">N\u00e5 var de tre gjenv\u00e6rende snart p\u00e5 vei tilbake til Norge fra Danmark, etter en tur innom et kj\u00f8pesenter i K\u00f8benhavn, if\u00f8lge VGs opplysninger.<\/p>\n<p>  &#13;<br \/>\n      &#13;<br \/>\n&#13;<br \/>\n      &#13;<br \/>\n&#13;<br \/>\n      &#13;<br \/>\n          Politiet mener de tok taxi tilbake ogs\u00e5 \u2013 helt frem til Oslo sentrum.&#13;<br \/>\n        &#13;<br \/>\n      &#13;<br \/>\n&#13;<br \/>\n&#13;<br \/>\n      &#13;<\/p>\n<p class=\"_paragraph_o9xde_4 _paragraph_xtcu6_10 layout-component text-serif-m layout-normal text-serif-m layout-padded\">Bakgrunnen for dette var et gjenglemt pass i taxibilen, f\u00e5r VG opplyst.<\/p>\n<p class=\"_paragraph_o9xde_4 _paragraph_xtcu6_10 layout-component text-serif-m layout-normal text-serif-m layout-padded\">Den danske taxisj\u00e5f\u00f8ren leverte passet til en politimann ved Sentrum politistasjon.<\/p>\n<p class=\"_paragraph_o9xde_4 _paragraph_xtcu6_10 layout-component text-serif-m layout-normal text-serif-m layout-padded\">Men p\u00e5 dette tidspunktet visste ikke politimannen om de siste dagers hendelser, if\u00f8lge VGs opplysninger.<\/p>\n<p class=\"_paragraph_o9xde_4 _paragraph_xtcu6_10 layout-component text-serif-m layout-normal text-serif-m layout-padded\">Dette skulle imidlertid endre seg.<\/p>\n<p class=\"_paragraph_o9xde_4 _paragraph_xtcu6_10 layout-component text-serif-m layout-normal text-serif-m layout-padded\">Tilbake i Oslo skilte mennene fra den danske taxien lag.<\/p>\n<p class=\"_paragraph_o9xde_4 _paragraph_xtcu6_10 layout-component text-serif-m layout-normal text-serif-m layout-padded\">Politiet var n\u00e5 ved leiligheten p\u00e5 Vestli og gjennomf\u00f8rte ransaking. Mens dette p\u00e5gikk dukket ogs\u00e5 mannen som bodde der opp; Vestli-mannen.<\/p>\n<p class=\"_paragraph_o9xde_4 _paragraph_xtcu6_10 layout-component text-serif-m layout-normal text-serif-m layout-padded\">Han skal ha forklart politiet at han og den norsk-vietnamesiske mannen hadde blitt kidnappet, at de klarte \u00e5 r\u00f8mme og krysset grensen hjem til fots, f\u00e5r VG opplyst.<\/p>\n<p class=\"_paragraph_o9xde_4 _paragraph_xtcu6_10 layout-component text-serif-m layout-normal text-serif-m layout-padded\">I tillegg skal han ha forklart at de begge ble fratatt mobiltelefoner \u2013 noe politiet har funnet lite troverdig, da begge er avbildet med telefon i Sverige eller Danmark, if\u00f8lge VGs opplysninger.<\/p>\n<p class=\"_paragraph_o9xde_4 _paragraph_xtcu6_10 layout-component text-serif-m layout-normal text-serif-m layout-padded\">Han skal ikke ha sagt noe om hvor den norsk-vietnamesiske mannen befant seg, men forklarte at han var i god behold.<\/p>\n<p class=\"_paragraph_o9xde_4 _paragraph_xtcu6_10 layout-component text-serif-m layout-normal text-serif-m layout-padded\">S\u00e5 ble ogs\u00e5 Vestli-mannen p\u00e5grepet og siktet for grov frihetsber\u00f8velse.<\/p>\n<p class=\"_paragraph_o9xde_4 _paragraph_xtcu6_10 layout-component text-serif-m layout-normal text-serif-m layout-padded\">\u2013 Han har valgt \u00e5 benytte seg av sin rett som siktet og ikke avgitt forklaring i saken, sier Vestli-mannens forsvarer, advokat Inam Ali, til VG.<\/p>\n<p><img decoding=\"async\" alt=\"Bilde av Inam Ali\" class=\"_image_ygndg_42\" height=\"40\" itemprop=\"image\" loading=\"lazy\"  src=\"https:\/\/www.europesays.com\/no\/wp-content\/uploads\/2025\/12\/e32a5f31-d9de-4fa9-876b-be1263009a4b\"  width=\"40\"\/><strong class=\"_name_ygndg_51 title-serif-xs\">Inam Ali<\/strong><\/p>\n<p class=\"_paragraph_o9xde_4 text-sans-m _description_ygndg_56\">Forsvarer til Vestli-mannen<\/p>\n<p class=\"_paragraph_o9xde_4 _paragraph_xtcu6_10 layout-component text-serif-m layout-normal text-serif-m layout-padded\">Etter p\u00e5gripelsen ved leiligheten p\u00e5 Vestli dro politiet hjem til familien til den norsk-vietnamesiske mannen.<\/p>\n<p class=\"_paragraph_o9xde_4 _paragraph_xtcu6_10 layout-component text-serif-m layout-normal text-serif-m layout-padded\">Da politiet kom frem, tok de seg inn i boligen og fant forn\u00e6rmede, f\u00e5r VG opplyst.<\/p>\n<p class=\"_paragraph_o9xde_4 _paragraph_xtcu6_10 layout-component text-serif-m layout-normal text-serif-m layout-padded\">Hverken familien eller ham selv skal ha gitt beskjed til politiet om at han var kommet tilbake.<\/p>\n<p class=\"_paragraph_o9xde_4 _paragraph_xtcu6_10 layout-component text-serif-m layout-normal text-serif-m layout-padded\">N\u00e5 gjennomf\u00f8rte politiet den visuelle unders\u00f8kelsen etter eventuelle skader. Resultatet f\u00f8rte til sp\u00f8rsm\u00e5l.<\/p>\n<p class=\"_paragraph_o9xde_4 _paragraph_xtcu6_10 layout-component text-serif-m layout-normal text-serif-m layout-padded\">If\u00f8lge trusselbildet som familien hadde mottatt, fremsto han skadet \u2013 men politiet fant ingen tegn til ytre skader, f\u00e5r VG opplyst.<\/p>\n<p class=\"_paragraph_o9xde_4 _paragraph_xtcu6_10 layout-component text-serif-m layout-normal text-serif-m layout-padded\">20. september<br \/>Dagen etter var kvinnen i kontakt med politiet p\u00e5 nytt.<\/p>\n<p class=\"_paragraph_o9xde_4 _paragraph_xtcu6_10 layout-component text-serif-m layout-normal text-serif-m layout-padded\">Kalenderen viste l\u00f8rdag 20. september. Dialogen handlet om en trusselmelding som VG har omtalt tidligere:<\/p>\n<p class=\"message\">&#13;<br \/>\n           Dette er Fox som tar kontakt&#13;\n        <\/p>\n<p class=\"_paragraph_o9xde_4 _paragraph_xtcu6_10 layout-component text-serif-m layout-normal text-serif-m layout-padded\">Meldingen var rettet mot den norsk-vietnamesiske mannen, storebroren hans og et familiemedlem.<\/p>\n<p class=\"_paragraph_o9xde_4 _paragraph_xtcu6_10 layout-component text-serif-m layout-normal text-serif-m layout-padded\">I meldingen sto det at prisen for \u00e5 f\u00e5 mannen fri er 1,5 millioner euro.<\/p>\n<p class=\"message\">&#13;<br \/>\n           Dere har to dager. Vi tar klokker, krypto, kontanter\u00bb, st\u00e5r det i meldingen.&#13;\n        <\/p>\n<p class=\"_paragraph_o9xde_4 _paragraph_xtcu6_10 layout-component text-serif-m layout-normal text-serif-m layout-padded\">Flere ganger ble det advart mot \u00e5 kontakte politiet \u2013 og det ble understreket at tystere vil bli drept.<\/p>\n<p class=\"message\">&#13;<br \/>\n           Hvis dere fortsetter dette spillet, vil jeg ta alle familiene deres, \u00e9n etter \u00e9n&#13;\n        <\/p>\n<p class=\"_paragraph_o9xde_4 _paragraph_xtcu6_10 layout-component text-serif-m layout-normal text-serif-m layout-padded\">I meldingen ble det gjentatt at avsenderen var villig til \u00e5 g\u00e5 etter folk i familiene til de tre norsk-vietnamesiske mennene.<\/p>\n<p class=\"message\">&#13;<br \/>\n           Betal, ikke spill flere spill eller prat.&#13;\n        <\/p>\n<p class=\"message\">&#13;<br \/>\n        Hvis det skjer noe mer med politiet, er en av familiemedlemmene deres ferdige.&#13;\n            <\/p>\n<p class=\"_paragraph_o9xde_4 _paragraph_xtcu6_10 layout-component text-serif-m layout-normal text-serif-m layout-padded\">Meldingen er signert med Fox og en reveemoji \u2013 som skal v\u00e6re signaturen til den svensk-kurdiske Foxtrot-gjenglederen Rawa Majid (39), ogs\u00e5 kjent som \u00abDen kurdiske reven\u00bb.<\/p>\n<p><img decoding=\"async\" alt=\"Bilde av Rawa Majid\" class=\"_image_ygndg_42\" height=\"40\" itemprop=\"image\" loading=\"lazy\"  src=\"https:\/\/www.europesays.com\/no\/wp-content\/uploads\/2025\/12\/3f6ef8b3-49e4-4e80-925d-88e9c17af567\"  width=\"40\"\/><strong class=\"_name_ygndg_51 title-serif-xs\">Rawa Majid<\/strong><\/p>\n<p class=\"_paragraph_o9xde_4 text-sans-m _description_ygndg_56\">Foxtrot-gjengleder<\/p>\n<p class=\"_paragraph_o9xde_4 _paragraph_xtcu6_10 layout-component text-serif-m layout-normal text-serif-m layout-padded\">\u2013 Etterforskningen p\u00e5g\u00e5r for fullt, sier politiadvokat Sonika Sharma-Sundheim i Oslo politidistrikt til VG.<\/p>\n<p class=\"_paragraph_o9xde_4 _paragraph_xtcu6_10 layout-component text-serif-m layout-normal text-serif-m layout-padded\">Politiadvokaten \u00f8nsker ikke \u00e5 kommentere saken ytterligere.<\/p>\n<p><img decoding=\"async\" alt=\"Bilde av Sonika Sharma-Sundheim\" class=\"_image_ygndg_42\" height=\"40\" itemprop=\"image\" loading=\"lazy\"  src=\"https:\/\/www.europesays.com\/no\/wp-content\/uploads\/2025\/12\/01cba842-715c-4494-8de8-1aa6d65c8415\"  width=\"40\"\/><strong class=\"_name_ygndg_51 title-serif-xs\">Sonika Sharma-Sundheim<\/strong><\/p>\n<p class=\"_paragraph_o9xde_4 text-sans-m _description_ygndg_56\">Politiadvokat i Oslo politidistrikt<\/p>\n<p class=\"_paragraph_o9xde_4 _paragraph_xtcu6_10 layout-component text-serif-m layout-normal text-serif-m layout-padded\">Noen dager etter at politiet ble gjort oppmerksom p\u00e5 trusselmeldingen, smalt det i Pilestredet i Oslo.<\/p>\n<p class=\"_paragraph_o9xde_4 _paragraph_xtcu6_10 layout-component text-serif-m layout-normal text-serif-m layout-padded\">To mindre\u00e5rige gutter kastet en granat mot en neglsalong, som knyttes til et familiemedlem av de tre norsk-vietnamesiske mennene som var navngitt i meldingen.<\/p>\n<p><img alt=\"Foto: Gabriel Aas Sk\u00e5levik \/ VG\" class=\"_image_qp4xg_65 layout-component layout-normal\" data-fullscreen- data-track-element-type=\"Article image fullscreen\" data-track-name=\"ImageFullscreen\" decoding=\"async\" loading=\"lazy\" height=\"2496\" itemprop=\"image\"  src=\"https:\/\/www.europesays.com\/no\/wp-content\/uploads\/2025\/12\/a6173e17-2dc1-465d-84b6-28529504a974\"  style=\"object-position:0% 0%\" width=\"1872\"\/>Foto: Gabriel Aas Sk\u00e5levik \/ VG<img alt=\"Foto: Gabriel Aas Sk\u00e5levik \/ VG\" class=\"_image_qp4xg_65 layout-component layout-wide\" data-fullscreen- data-track-element-type=\"Article image fullscreen\" data-track-name=\"ImageFullscreen\" decoding=\"async\" loading=\"lazy\" height=\"2496\" itemprop=\"image\"  src=\"https:\/\/www.europesays.com\/no\/wp-content\/uploads\/2025\/12\/158c25dd-9f42-41f1-9295-96fa89eda8f4\"  style=\"object-position:0% 0%\" width=\"3328\"\/>Foto: Gabriel Aas Sk\u00e5levik \/ VG<img alt=\"Foto: Gabriel Aas Sk\u00e5levik \/ VG\" class=\"_image_qp4xg_65 layout-component layout-wide\" data-fullscreen- data-track-element-type=\"Article image fullscreen\" data-track-name=\"ImageFullscreen\" decoding=\"async\" loading=\"lazy\" height=\"2496\" itemprop=\"image\"  src=\"https:\/\/www.europesays.com\/no\/wp-content\/uploads\/2025\/12\/158c25dd-9f42-41f1-9295-96fa89eda8f4\"  style=\"object-position:0% 0%\" width=\"3328\"\/>Foto: Gabriel Aas Sk\u00e5levik \/ VG<\/p>\n<p class=\"_paragraph_o9xde_4 _paragraph_xtcu6_10 layout-component text-serif-m layout-normal text-serif-m layout-padded\">De to unge guttene skal ha p\u00e5tatt seg oppdraget, som knyttes til den svenske kriminelle gjengen Foxtrot, if\u00f8lge politiet.<\/p>\n<p class=\"_paragraph_o9xde_4 _paragraph_xtcu6_10 layout-component text-serif-m layout-normal text-serif-m layout-padded\">Disse oppdragene blir annonser i sosiale medier \u2013 og VG er kjent med at politiet fanget opp budskapet, men at de ikke visste noe om tid eller sted.<\/p>\n<p class=\"_paragraph_o9xde_4 _paragraph_xtcu6_10 layout-component text-serif-m layout-normal text-serif-m layout-padded\">Et par uker senere smalt det igjen. Denne gangen mot en sushirestaurant p\u00e5 Str\u00f8mmen p\u00e5 Romerike. Og i likhet med neglsalongen, s\u00e5 knyttes ogs\u00e5 restauranten til familien til de tre norsk-vietnamesiske mennene.<\/p>\n<p><img alt=\"Foto: Tore Kristiansen \/ VG\" class=\"_image_qp4xg_65 layout-component layout-normal\" data-fullscreen- data-track-element-type=\"Article image fullscreen\" data-track-name=\"ImageFullscreen\" decoding=\"async\" loading=\"lazy\" height=\"2483\" itemprop=\"image\"  src=\"https:\/\/www.europesays.com\/no\/wp-content\/uploads\/2025\/12\/95d94060-bb8a-4863-b0db-988f5ce0a0f5\"  style=\"object-position:0% 0%\" width=\"1862\"\/>Foto: Tore Kristiansen \/ VG<img alt=\"Foto: Tore Kristiansen \/ VG\" class=\"_image_qp4xg_65 layout-component layout-wide\" data-fullscreen- data-track-element-type=\"Article image fullscreen\" data-track-name=\"ImageFullscreen\" decoding=\"async\" loading=\"lazy\" height=\"2496\" itemprop=\"image\"  src=\"https:\/\/www.europesays.com\/no\/wp-content\/uploads\/2025\/12\/fdab01f4-ab1a-48a9-a480-f87b24fbd2c1\"  style=\"object-position:0% 0%\" width=\"3328\"\/>Foto: Tore Kristiansen \/ VG<img alt=\"Foto: Tore Kristiansen \/ VG\" class=\"_image_qp4xg_65 layout-component layout-wide\" data-fullscreen- data-track-element-type=\"Article image fullscreen\" data-track-name=\"ImageFullscreen\" decoding=\"async\" loading=\"lazy\" height=\"2496\" itemprop=\"image\"  src=\"https:\/\/www.europesays.com\/no\/wp-content\/uploads\/2025\/12\/fdab01f4-ab1a-48a9-a480-f87b24fbd2c1\"  style=\"object-position:0% 0%\" width=\"3328\"\/>Foto: Tore Kristiansen \/ VG<\/p>\n<p class=\"_paragraph_o9xde_4 _paragraph_xtcu6_10 layout-component text-serif-m layout-normal text-serif-m layout-padded\">Tre gutter p\u00e5 15 og 16 \u00e5r er siktet for \u00e5 ha deltatt i angrepet.<\/p>\n<p class=\"_paragraph_o9xde_4 _paragraph_xtcu6_10 layout-component text-serif-m layout-normal text-serif-m layout-padded\">Politiet har satt inn store ressurser for \u00e5 oppklare saken, men s\u00e5 langt har f\u00e5 eller ingen av de involverte \u00f8nsket \u00e5 forklare seg om saken, deriblant den forn\u00e6rmede norsk-vietnamesiske mannen.<\/p>\n<p>Dette sier <br \/>forsvarerne\u2013 En ordin\u00e6r drosjesj\u00e5f\u00f8r<\/p>\n<p class=\"_paragraph_o9xde_4 _paragraph_xtcu6_10 layout-component text-serif-m layout-normal text-serif-m layout-padded\">\u2013 Min klient har gitt omfattende, detaljerte og etter min oppfatning troverdige forklaringer til politiet. P\u00e5 forh\u00e5nd hadde min klient ingen relasjon til de siktede eller den forn\u00e6rmede. Min klient er en ordin\u00e6r drosjesj\u00e5f\u00f8r og familiefar. Han tilh\u00f8rer ikke noe kriminelt milj\u00f8. Han erkjenner ikke straffeskyld etter siktelsen og etter min vurdering er mistankegrunnlaget mot ham svekket, sier taxisj\u00e5f\u00f8rens forsvarer, advokat Bendik Balch-Koslung til VG.<\/p>\n<p><img decoding=\"async\" alt=\"Bilde av Bendik Falch-Koslung\" class=\"_image_ygndg_42\" height=\"40\" itemprop=\"image\" loading=\"lazy\"  src=\"https:\/\/www.europesays.com\/no\/wp-content\/uploads\/2025\/12\/cf0ec72a-98a3-4c60-9f9d-6b467d2788c9\"  width=\"40\"\/><strong class=\"_name_ygndg_51 title-serif-xs\">Bendik Falch-Koslung<\/strong><\/p>\n<p class=\"_paragraph_o9xde_4 text-sans-m _description_ygndg_56\">Forsvarer til taxisj\u00e5f\u00f8ren <\/p>\n<p>\u2013 F\u00f8lger n\u00f8ye med<\/p>\n<p class=\"_paragraph_o9xde_4 _paragraph_xtcu6_10 layout-component text-serif-m layout-normal text-serif-m layout-padded\">\u2013 Min klient nekter straffeskyld. Jeg f\u00f8lger n\u00f8ye med p\u00e5 utviklingen i etterforskningen og kan ikke se at mistankegrunnlaget er styrket. Utover det \u00f8nsker jeg ikke \u00e5 kommentere opplysningene som fremkommer, sier Vestli-mannens forsvarer, advokat Inam Ali, til VG.<\/p>\n<p><img decoding=\"async\" alt=\"Bilde av Inam Ali\" class=\"_image_ygndg_42\" height=\"40\" itemprop=\"image\" loading=\"lazy\"  src=\"https:\/\/www.europesays.com\/no\/wp-content\/uploads\/2025\/12\/e32a5f31-d9de-4fa9-876b-be1263009a4b\"  width=\"40\"\/><strong class=\"_name_ygndg_51 title-serif-xs\">Inam Ali<\/strong><\/p>\n<p class=\"_paragraph_o9xde_4 text-sans-m _description_ygndg_56\">Forsvarer til Vestli-mannen<\/p>\n<p>\u2013 Ikke forklart seg<\/p>\n<p class=\"_paragraph_o9xde_4 _paragraph_xtcu6_10 layout-component text-serif-m layout-normal text-serif-m layout-padded\">\u2013 Fortsatt gjenst\u00e5r det \u00e5 se om det har skjedd en frihetsber\u00f8velse. Min klient nekter straffeskyld og har ikke forklart seg, sier forsvareren til den utpekte hovedmannen, advokat Nils Christian Nordhus, til VG.<\/p>\n<p><img decoding=\"async\" alt=\"Bilde av Nils Christian Nordhus\" class=\"_image_ygndg_42\" height=\"40\" itemprop=\"image\" loading=\"lazy\"  src=\"https:\/\/www.europesays.com\/no\/wp-content\/uploads\/2025\/12\/aa4e2175-9b04-4725-bb21-4d2d07c9e695\"  width=\"40\"\/><strong class=\"_name_ygndg_51 title-serif-xs\">Nils Christian Nordhus<\/strong><\/p>\n<p class=\"_paragraph_o9xde_4 text-sans-m _description_ygndg_56\">Forsvarer til utpekt hovedmann<\/p>\n<p>\u2013 Klienten nekter straffskyld<\/p>\n<p class=\"_paragraph_o9xde_4 _paragraph_xtcu6_10 layout-component text-serif-m layout-normal text-serif-m layout-padded\">\u2013 Det er ikke \u00f8nske om \u00e5 kommentere konkrete saksopplysninger. Klient nekter straffeskyld, sier forsvareren til Oslo-mannen i 20-\u00e5rene, advokat Daniel Storrvik, til VG.<\/p>\n<p><img decoding=\"async\" alt=\"Bilde av Daniel Storrvik\" class=\"_image_ygndg_42\" height=\"40\" itemprop=\"image\" loading=\"lazy\"  src=\"https:\/\/www.europesays.com\/no\/wp-content\/uploads\/2025\/12\/972745c1-eb1c-4424-8527-8d0c5538b160\"  width=\"40\"\/><strong class=\"_name_ygndg_51 title-serif-xs\">Daniel Storrvik<\/strong><\/p>\n<p class=\"_paragraph_o9xde_4 text-sans-m _description_ygndg_56\">Forsvarer<\/p>\n<p>Kan ikke kommentere<\/p>\n<p class=\"_paragraph_o9xde_4 _paragraph_xtcu6_10 layout-component text-serif-m layout-normal text-serif-m layout-padded\">\u2013 Saken er klausulert slik at jeg verken kan bekrefte eller avkrefte opplysninger VG sitter med. Jeg har ikke mulighet til \u00e5 diskutere saken med klienten, sier forsvareren til en straffed\u00f8mt mann (18), advokat Tor-Even Gjendem, til VG.<\/p>\n<p class=\"_paragraph_o9xde_4 _paragraph_xtcu6_10 layout-component text-serif-m layout-normal text-serif-m layout-padded\">\u2013  Dette er sv\u00e6rt uheldig, og gj\u00f8r det ogs\u00e5 avh\u00f8r utilr\u00e5delig i tr\u00e5d med de etiske retningslinjer for forsvarere.<\/p>\n<p class=\"_paragraph_o9xde_4 _paragraph_xtcu6_10 layout-component text-serif-m layout-normal text-serif-m layout-padded\">Gjendem p\u00e5peker at han m\u00e5 signere en p\u00e5lagt taushetsplikt for \u00e5 f\u00e5 tilgang p\u00e5 dokumentene fra politiet og at han derfor ikke har mulighet til \u00e5 kommentere saken ytterligere.<\/p>\n<p class=\"_paragraph_o9xde_4 _paragraph_xtcu6_10 layout-component text-serif-m layout-normal text-serif-m layout-padded\">\u2013 Politiet f\u00e5r derfor monopol p\u00e5 hvordan de vil fremstille en sak, uten mulighet til korrigering, sier han.<\/p>\n<p><img decoding=\"async\" alt=\"Bilde av Tor-Even Gjendem\" class=\"_image_ygndg_42\" height=\"40\" itemprop=\"image\" loading=\"lazy\"  src=\"https:\/\/www.europesays.com\/no\/wp-content\/uploads\/2025\/12\/dd06bfc0-f4d6-464a-a13d-5008acfab981\"  width=\"40\"\/><strong class=\"_name_ygndg_51 title-serif-xs\">Tor-Even Gjendem<\/strong><\/p>\n<p class=\"_paragraph_o9xde_4 text-sans-m _description_ygndg_56\">Forsvarer til straffed\u00f8mt mann (18)<\/p>\n<p>Taus<\/p>\n<p class=\"_paragraph_o9xde_4 _paragraph_xtcu6_10 layout-component text-serif-m layout-normal text-serif-m layout-padded\">\u2013 Jeg har ingen kommentar til saken, sier bistandsadvokat Espen Wangberg til VG. Han representerer den forn\u00e6rmede norsk-vietnameseren (24).<\/p>\n<p><img decoding=\"async\" alt=\"Bilde av Espen Wangberg\" class=\"_image_ygndg_42\" height=\"40\" itemprop=\"image\" loading=\"lazy\"  src=\"https:\/\/www.europesays.com\/no\/wp-content\/uploads\/2025\/12\/5e616557-5125-4c01-adff-a3ea4b8adc90\"  width=\"40\"\/><strong class=\"_name_ygndg_51 title-serif-xs\">Espen Wangberg<\/strong><\/p>\n<p class=\"_paragraph_o9xde_4 text-sans-m _description_ygndg_56\">Bistandsadvokat til den norsk-vietnamesiske mannen (24)<\/p>\n","protected":false},"excerpt":{"rendered":"I midten av september ble politiet kjent med et bilde som f\u00f8rte til full alarm. Bildet viste en&hellip;\n","protected":false},"author":2,"featured_media":111930,"comment_status":"","ping_status":"","sticky":false,"template":"","format":"standard","meta":{"footnotes":""},"categories":[10],"tags":[20,21,24,25,15,148,22,23,13,30,28,29,14,16,26,27],"class_list":{"0":"post-111929","1":"post","2":"type-post","3":"status-publish","4":"format-standard","5":"has-post-thumbnail","7":"category-norge","8":"tag-breaking-news","9":"tag-breakingnews","10":"tag-featured-news","11":"tag-featurednews","12":"tag-headlines","13":"tag-kriminalitet","14":"tag-latest-news","15":"tag-latestnews","16":"tag-news","17":"tag-no","18":"tag-norge","19":"tag-norway","20":"tag-nyheter","21":"tag-overskrifter","22":"tag-top-stories","23":"tag-topstories"},"share_on_mastodon":{"url":"https:\/\/pubeurope.com\/@no\/115711162255095889","error":""},"_links":{"self":[{"href":"https:\/\/www.europesays.com\/no\/wp-json\/wp\/v2\/posts\/111929","targetHints":{"allow":["GET"]}}],"collection":[{"href":"https:\/\/www.europesays.com\/no\/wp-json\/wp\/v2\/posts"}],"about":[{"href":"https:\/\/www.europesays.com\/no\/wp-json\/wp\/v2\/types\/post"}],"author":[{"embeddable":true,"href":"https:\/\/www.europesays.com\/no\/wp-json\/wp\/v2\/users\/2"}],"replies":[{"embeddable":true,"href":"https:\/\/www.europesays.com\/no\/wp-json\/wp\/v2\/comments?post=111929"}],"version-history":[{"count":0,"href":"https:\/\/www.europesays.com\/no\/wp-json\/wp\/v2\/posts\/111929\/revisions"}],"wp:featuredmedia":[{"embeddable":true,"href":"https:\/\/www.europesays.com\/no\/wp-json\/wp\/v2\/media\/111930"}],"wp:attachment":[{"href":"https:\/\/www.europesays.com\/no\/wp-json\/wp\/v2\/media?parent=111929"}],"wp:term":[{"taxonomy":"category","embeddable":true,"href":"https:\/\/www.europesays.com\/no\/wp-json\/wp\/v2\/categories?post=111929"},{"taxonomy":"post_tag","embeddable":true,"href":"https:\/\/www.europesays.com\/no\/wp-json\/wp\/v2\/tags?post=111929"}],"curies":[{"name":"wp","href":"https:\/\/api.w.org\/{rel}","templated":true}]}}