{"id":111931,"date":"2025-12-13T07:51:10","date_gmt":"2025-12-13T07:51:10","guid":{"rendered":"https:\/\/www.europesays.com\/no\/111931\/"},"modified":"2025-12-13T07:51:10","modified_gmt":"2025-12-13T07:51:10","slug":"vil-gi-henne-avslutningsfest-i-norge","status":"publish","type":"post","link":"https:\/\/www.europesays.com\/no\/111931\/","title":{"rendered":"Vil gi henne avslutningsfest i Norge"},"content":{"rendered":"\n<p class=\"_lead_o9xde_2 _lead_xtcu6_50 layout-component text-serif-m layout-normal text-serif-l layout-component layout-wide layout-padded _wide_17hqh_1 layout-padded\">Hun koste seg med datteren for aller f\u00f8rste gang i mesterskap. VM-finalen blir ganske sikkert ikke Katrine Lundes siste landskamp.<\/p>\n<p><img alt=\" Foto: Bj\u00f8rn S. Delebekk \/ VG\" class=\"_image_qp4xg_65 layout-component layout-wide\" data-fullscreen- data-track-element-type=\"Article image fullscreen\" data-track-name=\"ImageFullscreen\" fetchpriority=\"high\" decoding=\"sync\" loading=\"eager\" height=\"2984\" itemprop=\"image\"  src=\"https:\/\/www.europesays.com\/no\/wp-content\/uploads\/2025\/12\/6df50c0c-2f7c-4d7b-bf51-04bfcec3f5f9\"  style=\"object-position:0% 0%\" width=\"4480\"\/> Foto: Bj\u00f8rn S. Delebekk \/ VGRapporterer fra Rotterdam Oppdatert l\u00f8rdag 13. desember kl. 08:18    <\/p>\n<ul class=\"_list_o9xde_3 _list_64s2r_85 _unordered_o9xde_106 text-sans-m\">\n<li class=\"_item_o9xde_30\">Katrine Lunde avslutter karrieren i mesterskap med VM-finalen mot Tyskland.<\/li>\n<li class=\"_item_o9xde_30\">Landslagssjef Ole Gustav Gjekstad h\u00e5per p\u00e5 en avslutningskamp for henne i Norge i mars.<\/li>\n<li class=\"_item_o9xde_30\">Lunde spilte en viktig rolle i seieren mot Nederland i semifinalen.<\/li>\n<li class=\"_item_o9xde_30\">Etter kampen var det et r\u00f8rende \u00f8yeblikk mellom Lunde og datteren Atina, som er med p\u00e5 sitt f\u00f8rste mesterskap.<\/li>\n<\/ul>\n<p>Vis mer <\/p>\n<p class=\"_paragraph_o9xde_4 _paragraph_xtcu6_10 layout-component text-serif-m layout-normal text-serif-m layout-padded\">45-\u00e5ringen avslutter s\u00f8ndag karrieren for Norge i mesterskap med VM-finalen med sin landskamp nummer 388.<\/p>\n<p class=\"_paragraph_o9xde_4 _paragraph_xtcu6_10 layout-component text-serif-m layout-normal text-serif-m layout-padded\">Landslagssjef Ole Gustav Gjekstad vil gjerne gi rekordkeeperen en flott avslutning med en landskamp hjemme i Norge.<\/p>\n<p class=\"_paragraph_o9xde_4 _paragraph_xtcu6_10 layout-component text-serif-m layout-normal text-serif-m layout-padded\">I begynnelsen av mars kommer Polen p\u00e5 bes\u00f8k i Euro CupEuro CupSpilels mellom nasjoner som allerede er klare for neste \u00e5rs EM..<\/p>\n<p class=\"_paragraph_o9xde_4 _paragraph_xtcu6_10 layout-component text-serif-m layout-normal text-serif-m layout-padded\">\u2013 Det er ikke gitt at VM-finalen blir hennes siste landskamp. Jeg h\u00e5per vi f\u00e5r til en fin avslutning i Norge, sier Gjekstad.<\/p>\n<p><img alt=\"Foto: Bj\u00f8rn S. Delebekk \/ VG\" class=\"_image_qp4xg_65 layout-component layout-normal\" data-fullscreen- data-track-element-type=\"Article image fullscreen\" data-track-name=\"ImageFullscreen\" decoding=\"async\" loading=\"lazy\" height=\"3592\" itemprop=\"image\"  src=\"https:\/\/www.europesays.com\/no\/wp-content\/uploads\/2025\/12\/9677153c-1c3e-4423-9e45-a7f7d635c1d4\"  style=\"object-position:0% 0%\" width=\"5392\"\/>Foto: Bj\u00f8rn S. Delebekk \/ VG<\/p>\n<p class=\"_paragraph_o9xde_4 _paragraph_xtcu6_10 layout-component text-serif-m layout-normal text-serif-m layout-padded\"><strong class=\"_strong_o9xde_25\">Katrine Lunde sier det samme f\u00f8r VM-finalen Norge-Tyskland (s\u00f8ndag kl. 17.30 TV 3\/ Viaplay).<\/strong><\/p>\n<p class=\"_paragraph_o9xde_4 _paragraph_xtcu6_10 layout-component text-serif-m layout-normal text-serif-m layout-padded\">\u2013 Det blir min siste kamp i mesterskap, men vi vet ikke om det er min siste landskamp, sier hun med et smil.<\/p>\n<p class=\"_paragraph_o9xde_4 _paragraph_xtcu6_10 layout-component text-serif-m layout-normal text-serif-m layout-padded\">Redningsprosenten var p\u00e5 moderate 30. Men Lundes ni redninger kom stort sett p\u00e5 de riktige tidspunktet. Hun bidro godt til Norges soleklare seier p\u00e5 10 m\u00e5l mot Nederland.<\/p>\n<p class=\"_paragraph_o9xde_4 _paragraph_xtcu6_10 layout-component text-serif-m layout-normal text-serif-m layout-padded\">\u2013 Det blir litt tr\u00f8bbel fordi Nederland er gode. Men bra fysikk og mange l\u00f8p. Men vi har god dekning p\u00e5 alle posisjoner og m\u00e5 bruke det for alt vi kan, beskriver Lunde som i likhet med Nora M\u00f8rk, Henny Reistad, Veronica Kristiansen og flere andre norske spillere aldri har tapt for nederlenderne i mesterskap.<\/p>\n<p class=\"_paragraph_o9xde_4 _paragraph_xtcu6_10 layout-component text-serif-m layout-normal text-serif-m layout-padded\"><strong class=\"_strong_o9xde_25\">N\u00e5 venter Tyskland for f\u00f8rste gang for Norge i en VM, EM eller OL-finale.<\/strong><\/p>\n<p class=\"_paragraph_o9xde_4 _paragraph_xtcu6_10 layout-component text-serif-m layout-normal text-serif-m layout-padded\">\u2013 Jeg gleder meg fantastisk. Jeg regner med at det blir en t\u00f8ff kamp, sier Katrine Lunde.<\/p>\n<p class=\"_paragraph_o9xde_4 _paragraph_xtcu6_10 layout-component text-serif-m layout-normal text-serif-m layout-padded\">Utenfor banen er det mykt for alltid profesjonelle Lunde.<\/p>\n<p><img alt=\"Foto: Bj\u00f8rn S. Delebekk \/ VG\" class=\"_image_qp4xg_65 layout-component layout-normal\" data-fullscreen- data-track-element-type=\"Article image fullscreen\" data-track-name=\"ImageFullscreen\" decoding=\"async\" loading=\"lazy\" height=\"4272\" itemprop=\"image\"  src=\"https:\/\/www.europesays.com\/no\/wp-content\/uploads\/2025\/12\/cd3a035d-6738-4125-b9d0-20de1204e151\"  style=\"object-position:0% 0%\" width=\"6400\"\/>Foto: Bj\u00f8rn S. Delebekk \/ VG<\/p>\n<p class=\"_paragraph_o9xde_4 _paragraph_xtcu6_10 layout-component text-serif-m layout-normal text-serif-m layout-padded\">Etter kampen koblet mor og datter seg raskt p\u00e5 hver andre. Atina kom med mormor Solfrid til Nederland torsdag. Norge har hatt med seg mange barn de 10 siste \u00e5rene, men dette er f\u00f8rste gang Atina Lunde Trajkovic er mamma n\u00e5r det st\u00e5r medaljer p\u00e5 spill for Norge.<\/p>\n<p class=\"_paragraph_o9xde_4 _paragraph_xtcu6_10 layout-component text-serif-m layout-normal text-serif-m layout-padded\">\u2013 Det er veldig koselig. Det er stort og spesielt n\u00e5r det er siste helgen, sier mamma til VG. Hun visste ikke hvor datteren satt under kampen.<\/p>\n<p class=\"_paragraph_o9xde_4 _paragraph_xtcu6_10 layout-component text-serif-m layout-normal text-serif-m layout-padded\">\u2013 Jeg m\u00e5 holde fokuset, sier hun.<\/p>\n<p class=\"_paragraph_o9xde_4 _paragraph_xtcu6_10 layout-component text-serif-m layout-normal text-serif-m layout-padded\"><strong class=\"_strong_o9xde_25\">Atina ble med p\u00e5 lite VG-intervju n\u00e5r det n\u00e6rmet seg leggetid etter VM-semifinalen.<\/strong><\/p>\n<p class=\"_paragraph_o9xde_4 _paragraph_xtcu6_10 layout-component text-serif-m layout-normal text-serif-m layout-padded\">\u2013 Hva synes du om mamma?<\/p>\n<p class=\"_paragraph_o9xde_4 _paragraph_xtcu6_10 layout-component text-serif-m layout-normal text-serif-m layout-padded\">\u2013 Bra!<\/p>\n<p class=\"_paragraph_o9xde_4 _paragraph_xtcu6_10 layout-component text-serif-m layout-normal text-serif-m layout-padded\">\u2013 Er det morsomt \u00e5 endelig v\u00e6re med i VM?<\/p>\n<p class=\"_paragraph_o9xde_4 _paragraph_xtcu6_10 layout-component text-serif-m layout-normal text-serif-m layout-padded\">\u2013 Ja.<\/p>\n<p class=\"_paragraph_o9xde_4 _paragraph_xtcu6_10 layout-component text-serif-m layout-normal text-serif-m layout-padded\">\u2013 Er du lei deg for at mamma ikke skal spille mesterskap mer?<\/p>\n<p class=\"_paragraph_o9xde_4 _paragraph_xtcu6_10 layout-component text-serif-m layout-normal text-serif-m layout-padded\">\u2013 Jeg har jo lyst til at hun skal v\u00e6re hjemme da.<\/p>\n<p class=\"_paragraph_o9xde_4 _paragraph_xtcu6_10 layout-component text-serif-m layout-normal text-serif-m layout-padded\">\u2013 \u00c5 bake pepperkaker?<\/p>\n<p class=\"_paragraph_o9xde_4 _paragraph_xtcu6_10 layout-component text-serif-m layout-normal text-serif-m layout-padded\">\u2013 Jaaa, svarer mor og datter i kor.<\/p>\n<p class=\"_paragraph_o9xde_4 _paragraph_xtcu6_10 layout-component text-serif-m layout-normal text-serif-m layout-padded\">\u2013 Det er veldig hyggelig med Atina. Hun er veldig glad for \u00e5 se henne, sier Ole Gustav Gjekstad.<\/p>\n<p class=\"_paragraph_o9xde_4 _paragraph_xtcu6_10 layout-component text-serif-m layout-normal text-serif-m layout-padded\">\u2013 Hva betyr det for Katrine \u00e5 ha datteren her?<\/p>\n<p class=\"_paragraph_o9xde_4 _paragraph_xtcu6_10 layout-component text-serif-m layout-normal text-serif-m layout-padded\">\u2013 Det er veldig bra for begge. Atina vil at hun skal spille videre, ler landslagssjefen.<\/p>\n","protected":false},"excerpt":{"rendered":"Hun koste seg med datteren for aller f\u00f8rste gang i mesterskap. VM-finalen blir ganske sikkert ikke Katrine Lundes&hellip;\n","protected":false},"author":2,"featured_media":111932,"comment_status":"","ping_status":"","sticky":false,"template":"","format":"standard","meta":{"footnotes":""},"categories":[59],"tags":[105,9443,1526,1528,30,28,29,1527,83,82],"class_list":{"0":"post-111931","1":"post","2":"type-post","3":"status-publish","4":"format-standard","5":"has-post-thumbnail","7":"category-sport","8":"tag-handball","9":"tag-handball-vm","10":"tag-katrine-lunde","11":"tag-kvinnelandslaget-handball","12":"tag-no","13":"tag-norge","14":"tag-norway","15":"tag-ole-gustav-gjekstad","16":"tag-sport","17":"tag-sports"},"share_on_mastodon":{"url":"https:\/\/pubeurope.com\/@no\/115711173309059456","error":""},"_links":{"self":[{"href":"https:\/\/www.europesays.com\/no\/wp-json\/wp\/v2\/posts\/111931","targetHints":{"allow":["GET"]}}],"collection":[{"href":"https:\/\/www.europesays.com\/no\/wp-json\/wp\/v2\/posts"}],"about":[{"href":"https:\/\/www.europesays.com\/no\/wp-json\/wp\/v2\/types\/post"}],"author":[{"embeddable":true,"href":"https:\/\/www.europesays.com\/no\/wp-json\/wp\/v2\/users\/2"}],"replies":[{"embeddable":true,"href":"https:\/\/www.europesays.com\/no\/wp-json\/wp\/v2\/comments?post=111931"}],"version-history":[{"count":0,"href":"https:\/\/www.europesays.com\/no\/wp-json\/wp\/v2\/posts\/111931\/revisions"}],"wp:featuredmedia":[{"embeddable":true,"href":"https:\/\/www.europesays.com\/no\/wp-json\/wp\/v2\/media\/111932"}],"wp:attachment":[{"href":"https:\/\/www.europesays.com\/no\/wp-json\/wp\/v2\/media?parent=111931"}],"wp:term":[{"taxonomy":"category","embeddable":true,"href":"https:\/\/www.europesays.com\/no\/wp-json\/wp\/v2\/categories?post=111931"},{"taxonomy":"post_tag","embeddable":true,"href":"https:\/\/www.europesays.com\/no\/wp-json\/wp\/v2\/tags?post=111931"}],"curies":[{"name":"wp","href":"https:\/\/api.w.org\/{rel}","templated":true}]}}