{"id":111933,"date":"2025-12-13T07:55:11","date_gmt":"2025-12-13T07:55:11","guid":{"rendered":"https:\/\/www.europesays.com\/no\/111933\/"},"modified":"2025-12-13T07:55:11","modified_gmt":"2025-12-13T07:55:11","slug":"ukraina-ukraina-krigen-trumps-ukraina-utsending-moter-zelenskyj-i-berlin","status":"publish","type":"post","link":"https:\/\/www.europesays.com\/no\/111933\/","title":{"rendered":"Ukraina, Ukraina-krigen | Trumps Ukraina-utsending m\u00f8ter Zelenskyj i Berlin"},"content":{"rendered":"\n<p>Ogs\u00e5 president Donald Trumps svigers\u00f8nn Jared Kushner skal v\u00e6re med p\u00e5 Berlin-turen, sier en tjenestemann som er informert om saken.<\/p>\n<p>P\u00e5 reisen skal Witkoff ogs\u00e5 treffe representanter fra Frankrike, Storbritannia og Tyskland p\u00e5 s\u00f8ndag og mandag, opplyser kilden. <\/p>\n<p>Valget om \u00e5 sende Witkoff, som har ledet forhandlinger mellom Ukraina og Russland, understreker at USA har et \u00f8kende behov for \u00e5 tette den gjenst\u00e5ende avstanden mellom dem og Ukraina om punktene i den foresl\u00e5tte fredsplanen. <\/p>\n<p>Wall Street Journal, som var f\u00f8rst ute med \u00e5 melde om Witkoffs reise, sier det er ventet at Frankrikes president Emmanuel Macron, Storbritannias statsminister Keir Starmer og Tysklands forbundskansler Friedrich Merz ogs\u00e5 deltar p\u00e5 m\u00f8tet i helgen.<\/p>\n<p>Torsdag sa Det hvite hus at Trump bare ville sende en offisiell delegat til m\u00f8tet dersom han mente det var god nok fremdrift i fredssamtalene.<\/p>\n<p>(\u00a9NTB)<\/p>\n","protected":false},"excerpt":{"rendered":"Ogs\u00e5 president Donald Trumps svigers\u00f8nn Jared Kushner skal v\u00e6re med p\u00e5 Berlin-turen, sier en tjenestemann som er informert&hellip;\n","protected":false},"author":2,"featured_media":111934,"comment_status":"","ping_status":"","sticky":false,"template":"","format":"standard","meta":{"footnotes":""},"categories":[12],"tags":[20,21,24,25,15,22,23,13,30,28,29,14,16,26,27,42,43,44,45],"class_list":{"0":"post-111933","1":"post","2":"type-post","3":"status-publish","4":"format-standard","5":"has-post-thumbnail","7":"category-verden","8":"tag-breaking-news","9":"tag-breakingnews","10":"tag-featured-news","11":"tag-featurednews","12":"tag-headlines","13":"tag-latest-news","14":"tag-latestnews","15":"tag-news","16":"tag-no","17":"tag-norge","18":"tag-norway","19":"tag-nyheter","20":"tag-overskrifter","21":"tag-top-stories","22":"tag-topstories","23":"tag-verden","24":"tag-world","25":"tag-world-news","26":"tag-worldnews"},"share_on_mastodon":{"url":"https:\/\/pubeurope.com\/@no\/115711188907770773","error":""},"_links":{"self":[{"href":"https:\/\/www.europesays.com\/no\/wp-json\/wp\/v2\/posts\/111933","targetHints":{"allow":["GET"]}}],"collection":[{"href":"https:\/\/www.europesays.com\/no\/wp-json\/wp\/v2\/posts"}],"about":[{"href":"https:\/\/www.europesays.com\/no\/wp-json\/wp\/v2\/types\/post"}],"author":[{"embeddable":true,"href":"https:\/\/www.europesays.com\/no\/wp-json\/wp\/v2\/users\/2"}],"replies":[{"embeddable":true,"href":"https:\/\/www.europesays.com\/no\/wp-json\/wp\/v2\/comments?post=111933"}],"version-history":[{"count":0,"href":"https:\/\/www.europesays.com\/no\/wp-json\/wp\/v2\/posts\/111933\/revisions"}],"wp:featuredmedia":[{"embeddable":true,"href":"https:\/\/www.europesays.com\/no\/wp-json\/wp\/v2\/media\/111934"}],"wp:attachment":[{"href":"https:\/\/www.europesays.com\/no\/wp-json\/wp\/v2\/media?parent=111933"}],"wp:term":[{"taxonomy":"category","embeddable":true,"href":"https:\/\/www.europesays.com\/no\/wp-json\/wp\/v2\/categories?post=111933"},{"taxonomy":"post_tag","embeddable":true,"href":"https:\/\/www.europesays.com\/no\/wp-json\/wp\/v2\/tags?post=111933"}],"curies":[{"name":"wp","href":"https:\/\/api.w.org\/{rel}","templated":true}]}}