{"id":111935,"date":"2025-12-13T07:56:09","date_gmt":"2025-12-13T07:56:09","guid":{"rendered":"https:\/\/www.europesays.com\/no\/111935\/"},"modified":"2025-12-13T07:56:09","modified_gmt":"2025-12-13T07:56:09","slug":"politi-rana-mindrearig-omkom-i-brannen-pa-gruben","status":"publish","type":"post","link":"https:\/\/www.europesays.com\/no\/111935\/","title":{"rendered":"Politi, Rana | Mindre\u00e5rig omkom i brannen p\u00e5 Gruben"},"content":{"rendered":"\n<p>Fredag kveld tok en omsorgsbolig p\u00e5 Gruben i Rana full fyr.<\/p>\n<p>Evakuering ble igangsatt og brannvesenet jobbet iherdig med \u00e5 f\u00e5 kontroll p\u00e5 brannen.<\/p>\n<p>Kl. 10 p\u00e5 kveden meldte Nordland politidistrikt at 24 beboere var evakuert, ogs\u00e5 ansatte, men at en person ikke var gjort rede for.<\/p>\n<p>Klokken 00:42 opplyser operasjonsleder Thomas J\u00e6rnes Coe f\u00f8lgende:<\/p>\n<p>\u2013 Etter evakueringen av beboere, ble det raskt avklart at en person ikke var gjort rede for. Dessverre har det blitt gjort funn av en omkommet person i boligen. P\u00e5r\u00f8rende er varslet og kommunens kriseteam er til stede.<\/p>\n<p>Den omkomne er en mindre\u00e5rig gutt som bodde i omsorgsboligen. Rana kommune har satt kriseteam for de p\u00e5r\u00f8rende.<\/p>\n<p>\u2013 Politiet jobber ut fra ulike hypoteser hvordan brannen har startet og etterforsker den tragiske hendelsen videre, forteller operasjonslederen.<\/p>\n<p>  <a href=\"https:\/\/www.an.no\/5-4-2294130\" class=\"related-teaser has-image default-story-teaser article--c-eRUmMG article--c-eRUmMG-jKCPdD-design-default\" rel=\"nofollow noopener\" target=\"_blank\"><\/p>\n<p>    <img decoding=\"async\" loading=\"lazy\"  src=\"https:\/\/www.europesays.com\/no\/wp-content\/uploads\/2025\/12\/1000065288.jpg\" alt=\"\" class=\"brick-c-cFOWSL\" style=\"\"\/><\/p>\n<p>\n            Les ogs\u00e5<\/p>\n<p>              Full fyr i omsorgsbolig i Rana\n        <\/p>\n<p>  <\/a><\/p>\n","protected":false},"excerpt":{"rendered":"Fredag kveld tok en omsorgsbolig p\u00e5 Gruben i Rana full fyr. Evakuering ble igangsatt og brannvesenet jobbet iherdig&hellip;\n","protected":false},"author":2,"featured_media":4285,"comment_status":"","ping_status":"","sticky":false,"template":"","format":"standard","meta":{"footnotes":""},"categories":[10],"tags":[36,367,20,21,24,25,11557,15,22,23,13,30,28,29,14,16,254,1360,1510,26,27],"class_list":{"0":"post-111935","1":"post","2":"type-post","3":"status-publish","4":"format-standard","5":"has-post-thumbnail","7":"category-norge","8":"tag-art","9":"tag-brann","10":"tag-breaking-news","11":"tag-breakingnews","12":"tag-featured-news","13":"tag-featurednews","14":"tag-gruben","15":"tag-headlines","16":"tag-latest-news","17":"tag-latestnews","18":"tag-news","19":"tag-no","20":"tag-norge","21":"tag-norway","22":"tag-nyheter","23":"tag-overskrifter","24":"tag-politi","25":"tag-rana","26":"tag-story","27":"tag-top-stories","28":"tag-topstories"},"share_on_mastodon":{"url":"https:\/\/pubeurope.com\/@no\/115711192990254326","error":""},"_links":{"self":[{"href":"https:\/\/www.europesays.com\/no\/wp-json\/wp\/v2\/posts\/111935","targetHints":{"allow":["GET"]}}],"collection":[{"href":"https:\/\/www.europesays.com\/no\/wp-json\/wp\/v2\/posts"}],"about":[{"href":"https:\/\/www.europesays.com\/no\/wp-json\/wp\/v2\/types\/post"}],"author":[{"embeddable":true,"href":"https:\/\/www.europesays.com\/no\/wp-json\/wp\/v2\/users\/2"}],"replies":[{"embeddable":true,"href":"https:\/\/www.europesays.com\/no\/wp-json\/wp\/v2\/comments?post=111935"}],"version-history":[{"count":0,"href":"https:\/\/www.europesays.com\/no\/wp-json\/wp\/v2\/posts\/111935\/revisions"}],"wp:featuredmedia":[{"embeddable":true,"href":"https:\/\/www.europesays.com\/no\/wp-json\/wp\/v2\/media\/4285"}],"wp:attachment":[{"href":"https:\/\/www.europesays.com\/no\/wp-json\/wp\/v2\/media?parent=111935"}],"wp:term":[{"taxonomy":"category","embeddable":true,"href":"https:\/\/www.europesays.com\/no\/wp-json\/wp\/v2\/categories?post=111935"},{"taxonomy":"post_tag","embeddable":true,"href":"https:\/\/www.europesays.com\/no\/wp-json\/wp\/v2\/tags?post=111935"}],"curies":[{"name":"wp","href":"https:\/\/api.w.org\/{rel}","templated":true}]}}