{"id":111953,"date":"2025-12-13T08:27:10","date_gmt":"2025-12-13T08:27:10","guid":{"rendered":"https:\/\/www.europesays.com\/no\/111953\/"},"modified":"2025-12-13T08:27:10","modified_gmt":"2025-12-13T08:27:10","slug":"premier-league-rykter-premier-league-lordagens-premier-league-rykter-5","status":"publish","type":"post","link":"https:\/\/www.europesays.com\/no\/111953\/","title":{"rendered":"Premier League-rykter, Premier League | L\u00f8rdagens Premier League-rykter"},"content":{"rendered":"\n<p>Crystal Palace har satt Tottenham-vingen Brennan Johnson p\u00e5 \u00f8nskelisten foran januarvinduet, melder The Telegraph.<\/p>\n<p>London-klubben har ogs\u00e5 rettet blikket mot Bayern M\u00fcnchen og h\u00f8yrebacken Sacha Boey, if\u00f8lge overgangseksperten Fabrizio Romano.<\/p>\n<p>Tottenham er beredt til \u00e5 sprenge sin egen l\u00f8nnsstruktur for \u00e5 sikre seg Antoine Semenyo, melder BBC.<\/p>\n<p>Den ghanesiske kantspilleren fra Bournemouth er ogs\u00e5 ettertraktet av b\u00e5de Manchester City og Liverpool.<\/p>\n<p>London-klubben Chelsea har n\u00e5 posisjonert seg som favoritt til \u00e5 sikre seg AZ Alkmaars midtbanespiller Kees Smit, melder The I.<\/p>\n<p>Den 19 \u00e5r gamle nederlenderen har allerede rukket \u00e5 spille for landslaget, og har tiltrukket seg interesse fra flere Premier League-klubber.<\/p>\n<p>    Vil du se neste video?<\/p>\n<p>    <a href=\"https:\/\/www.nettavisen.no\/nyheter\/ny-donal-trump-blemme-dumskalle\/v\/5-95-2774170\" class=\"recommend-poster\" data-adp-clicklabel=\"video-recommend\" data-adp-clickvalue=\"poster\" rel=\"nofollow noopener\" target=\"_blank\"><br \/>\n      <img decoding=\"async\" width=\"200\" height=\"200\" loading=\"lazy\" src=\"https:\/\/www.europesays.com\/no\/wp-content\/uploads\/2025\/12\/Trump+og+mobil+til+cue.jpg\" alt=\"\" class=\"brick-c-cFOWSL\" style=\"--brick-image-ratio: 200 \/ 200;\"\/><\/p>\n<p>Ny Trump-blemme: \u2013 Dumskalle0:57<\/p>\n<p>    <\/a><\/p>\n<p>        Det har v\u00e6rt mye snakk om barer og pubber skal f\u00e5 servere \u00f8l etter kl. 03:00 under fotball-VM, siden flere kamper skal spilles etter dette tidspunktet. TV-profil og tidl. fotballproff Erik Thorstvedt har en klar mening om temaet.<\/p>\n<p>Chelsea og Manchester United har samtidig intensivert jakten p\u00e5 en annen ung midtbanespiller.<\/p>\n<p>If\u00f8lge Football Insider \u00f8nsker begge klubbene \u00e5 hente Noah Sadiki fra Sunderland.<\/p>\n<p>Newcastle retter blikket mot den franske forsvarsspilleren Dayann Methalie, if\u00f8lge Football Insider.<\/p>\n<p>Den 19 \u00e5r gamle stopperen spiller for Toulouse og har vekket interesse hos Premier League-klubben. Interessen for unggutten kan f\u00e5 konsekvenser for Fabian Sch\u00e4r.<\/p>\n<p>Den sveitsiske forsvareren er 33 \u00e5r og har en avtale som g\u00e5r ut til sommeren.<\/p>\n<p>En annen spiller som kan v\u00e6re p\u00e5 vei bort fra Premier League er Niclas F\u00fcllkrug.<\/p>\n<p>Den tyske landslagsspissen \u00f8nsker \u00e5 forlate West Ham, skriver Gazzetta dello Sport. AC Milan ser p\u00e5 Fullkrug som et alternativ i januarvinduet.<\/p>\n","protected":false},"excerpt":{"rendered":"Crystal Palace har satt Tottenham-vingen Brennan Johnson p\u00e5 \u00f8nskelisten foran januarvinduet, melder The Telegraph. London-klubben har ogs\u00e5 rettet&hellip;\n","protected":false},"author":2,"featured_media":111954,"comment_status":"","ping_status":"","sticky":false,"template":"","format":"standard","meta":{"footnotes":""},"categories":[59],"tags":[30,28,29,83,82],"class_list":{"0":"post-111953","1":"post","2":"type-post","3":"status-publish","4":"format-standard","5":"has-post-thumbnail","7":"category-sport","8":"tag-no","9":"tag-norge","10":"tag-norway","11":"tag-sport","12":"tag-sports"},"share_on_mastodon":{"url":"https:\/\/pubeurope.com\/@no\/115711314983847452","error":""},"_links":{"self":[{"href":"https:\/\/www.europesays.com\/no\/wp-json\/wp\/v2\/posts\/111953","targetHints":{"allow":["GET"]}}],"collection":[{"href":"https:\/\/www.europesays.com\/no\/wp-json\/wp\/v2\/posts"}],"about":[{"href":"https:\/\/www.europesays.com\/no\/wp-json\/wp\/v2\/types\/post"}],"author":[{"embeddable":true,"href":"https:\/\/www.europesays.com\/no\/wp-json\/wp\/v2\/users\/2"}],"replies":[{"embeddable":true,"href":"https:\/\/www.europesays.com\/no\/wp-json\/wp\/v2\/comments?post=111953"}],"version-history":[{"count":0,"href":"https:\/\/www.europesays.com\/no\/wp-json\/wp\/v2\/posts\/111953\/revisions"}],"wp:featuredmedia":[{"embeddable":true,"href":"https:\/\/www.europesays.com\/no\/wp-json\/wp\/v2\/media\/111954"}],"wp:attachment":[{"href":"https:\/\/www.europesays.com\/no\/wp-json\/wp\/v2\/media?parent=111953"}],"wp:term":[{"taxonomy":"category","embeddable":true,"href":"https:\/\/www.europesays.com\/no\/wp-json\/wp\/v2\/categories?post=111953"},{"taxonomy":"post_tag","embeddable":true,"href":"https:\/\/www.europesays.com\/no\/wp-json\/wp\/v2\/tags?post=111953"}],"curies":[{"name":"wp","href":"https:\/\/api.w.org\/{rel}","templated":true}]}}