{"id":111955,"date":"2025-12-13T08:28:09","date_gmt":"2025-12-13T08:28:09","guid":{"rendered":"https:\/\/www.europesays.com\/no\/111955\/"},"modified":"2025-12-13T08:28:09","modified_gmt":"2025-12-13T08:28:09","slug":"komiker-amy-schumer-skiller-seg","status":"publish","type":"post","link":"https:\/\/www.europesays.com\/no\/111955\/","title":{"rendered":"Komiker Amy Schumer skiller seg"},"content":{"rendered":"\n<p class=\"_lead_o9xde_2 _lead_xtcu6_50 layout-component text-serif-m layout-normal text-serif-l layout-component layout-wide layout-padded _wide_17hqh_1 layout-padded\">Avviser at bruddet har sammenheng med vekttap etter rykter i pressen. <\/p>\n<p><img alt=\"STJERNEPAR: Amy Schumer (44) og Chris Fischer (45) har v\u00e6rt gift i syv \u00e5r.  Foto: Evan Agostini \/ AP \/ NTB\" class=\"_image_qp4xg_65 layout-component layout-wide\" data-fullscreen- data-track-element-type=\"Article image fullscreen\" data-track-name=\"ImageFullscreen\" fetchpriority=\"high\" decoding=\"sync\" loading=\"eager\" height=\"3500\" itemprop=\"image\"  src=\"https:\/\/www.europesays.com\/no\/wp-content\/uploads\/2025\/12\/223a8aae-2d61-41b0-99c7-3eeef928f029\"  style=\"object-position:0% 0%\" width=\"2800\"\/>STJERNEPAR: Amy Schumer (44) og Chris Fischer (45) har v\u00e6rt gift i syv \u00e5r.  Foto: Evan Agostini \/ AP \/ NTB<\/p>\n<ul aria-hidden=\"true\" class=\"_images_ntbth_112\">\n<li><a class=\"_link_ntbth_117\" href=\"https:\/\/www.vg.no\/forfatter\/anne-sofie-roennfeldt\" style=\"z-index:1\" title=\"Anne Sofie R\u00f8nnfeldt\" rel=\"nofollow noopener\" target=\"_blank\"><img alt=\"Bilde av Anne Sofie R\u00f8nnfeldt\" class=\"_image_ntbth_93\" fetchpriority=\"low\" loading=\"lazy\" decoding=\"async\" itemprop=\"image\"  src=\"https:\/\/www.europesays.com\/no\/wp-content\/uploads\/2025\/12\/1765614489_968_4634311d-064a-4086-be75-18a6e8a88835\"  width=\"480\"\/><\/a><\/li>\n<\/ul>\n<p> Oppdatert l\u00f8rdag 13. desember kl. 09:06     <\/p>\n<p class=\"_paragraph_o9xde_4 _paragraph_xtcu6_10 layout-component text-serif-m layout-normal text-serif-m layout-padded\">I et innlegg p\u00e5 Instagram skriver <a href=\"https:\/\/www.vg.no\/tag\/amy-schumer?utm_source=vg-article&amp;utm_medium=auto-tagger&amp;utm_campaign=XMwLvb\" class=\"_link_o9xde_39\" rel=\"nofollow noopener\" target=\"_blank\">Amy Schumer<\/a> at hun og kokken Chris Fischer g\u00e5r hvert til sitt.<\/p>\n<p class=\"_paragraph_o9xde_4 _paragraph_xtcu6_10 layout-component text-serif-m layout-normal text-serif-m layout-padded\">De to m\u00f8ttes i 2017 og har v\u00e6rt gift i syv \u00e5r.<\/p>\n<p class=\"_paragraph_o9xde_4 _paragraph_xtcu6_10 layout-component text-serif-m layout-normal text-serif-m layout-padded\">De har en seks \u00e5r gammel s\u00f8nn sammen.<\/p>\n<p class=\"_paragraph_o9xde_4 _paragraph_xtcu6_10 layout-component text-serif-m layout-normal text-serif-m layout-padded\">I innlegget skriver den Emmy-bel\u00f8nnede komikeren at hun og Fischer elsker hverandre h\u00f8yt og vil fortsette \u00e5 fokusere p\u00e5 oppdra s\u00f8nnen.<\/p>\n<p>Brukte ikke gifteringen<\/p>\n<p class=\"_paragraph_o9xde_4 _paragraph_xtcu6_10 layout-component text-serif-m layout-normal text-serif-m layout-padded\">Det har v\u00e6rt rykter rundt en mulig skillsmisse i flere uker. <\/p>\n<p class=\"_paragraph_o9xde_4 _paragraph_xtcu6_10 layout-component text-serif-m layout-normal text-serif-m layout-padded\">Spekulasjonene skal ha startet med at at Schumer ikke brukte gifteringen, slettet gamle bilder p\u00e5 Instagram og ikke ble sett sammen med Fischer p\u00e5 flere m\u00e5neder, skriver Daily Mail. <\/p>\n<p class=\"_paragraph_o9xde_4 _paragraph_xtcu6_10 layout-component text-serif-m layout-normal text-serif-m layout-padded\">I innlegget kommenterer ogs\u00e5 den Emmy-bel\u00f8nnede komikeren ryktene rundt vekttapet hennes, og avviser at det har en sammenheng med bruddet.<\/p>\n<p class=\"_paragraph_o9xde_4 _paragraph_xtcu6_10 layout-component text-serif-m layout-normal text-serif-m layout-padded\">\u2013 Blah blah blah ikke fordi jeg gikk ned noen kilo, skriver hun. <\/p>\n<p class=\"_paragraph_o9xde_4 _paragraph_xtcu6_10 layout-component text-serif-m layout-normal text-serif-m layout-padded\">Tidligere i desember skrev Schumer p\u00e5 Instagram at hun hadde g\u00e5tt ned om lag 23 kilo, og gikk ut mot en rekke <a href=\"https:\/\/www.vg.no\/rampelys\/i\/9plR4q\/amy-schumer-om-slankingen-for-aa-overleve\" data-track-element-type=\"Link\" data-track-id=\"link:9plR4q\" class=\"_link_o9xde_39\" rel=\"nofollow noopener\" target=\"_blank\">spekulasjoner<\/a> om den br\u00e5 forvandlingen: <\/p>\n<p class=\"_paragraph_o9xde_4 _paragraph_xtcu6_10 layout-component text-serif-m layout-normal text-serif-m layout-padded\">\u2013 Jeg gjorde det ikke for \u00e5 se sexy ut, selv om d\u00e9t er noe som er artig i \u00f8yeblikket. Jeg gjorde det for \u00e5 overleve, sa hun i en video og skrev videre at det var for \u00e5 overleve en syksom som gj\u00f8r ansiktet hovent.<\/p>\n<p><img alt=\"VEKTTAP: Tidligere i desember skrev Schumer p\u00e5 Instagram at hun hadde g\u00e5tt ned om lag 23 kilo.\" class=\"_image_qp4xg_65 layout-component layout-normal\" data-fullscreen- data-track-element-type=\"Article image fullscreen\" data-track-name=\"ImageFullscreen\" decoding=\"async\" loading=\"lazy\" height=\"3000\" itemprop=\"image\"  src=\"https:\/\/www.europesays.com\/no\/wp-content\/uploads\/2025\/12\/d01e572c-ed41-4958-834a-3203879562d2\"  style=\"object-position:0% 0%\" width=\"2310\"\/>VEKTTAP: Tidligere i desember skrev Schumer p\u00e5 Instagram at hun hadde g\u00e5tt ned om lag 23 kilo.<\/p>\n<p class=\"_paragraph_o9xde_4 _paragraph_xtcu6_10 layout-component text-serif-m layout-normal text-serif-m layout-padded\">Skuespilleren, som har v\u00e6rt \u00e5pen om en rekke helseutfordringer tidligere,\u00a0<a href=\"http:\/\/www.vg.no\/rampelys\/i\/8Je0aQ\/amy-schumer-avsloerer-diagnose#:~:text=Da%20Schumer%20adresserte%20temaet%20tidligere,%C2%ABet%20sl%C3%B8r%20er%20l%C3%B8ftet%C2%BB.\" data-track-element-type=\"Link\" data-track-id=\"link:8Je0aQ\" class=\"_link_o9xde_39\" rel=\"nofollow noopener\" target=\"_blank\">betrodde i fjor<\/a>\u00a0at hun ogs\u00e5 har f\u00e5tt p\u00e5vist Cushings syndrom \u2013 et syndrom som skyldes overproduksjon av hormonet kortisol.<\/p>\n<p class=\"_paragraph_o9xde_4 _paragraph_xtcu6_10 layout-component text-serif-m layout-normal text-serif-m layout-padded\">Symptomene er varierte, men \u00f8kt matlyst, s\u00e5kalt m\u00e5neansikt, r\u00f8dmusset hud, \u00f8kt h\u00e5rvekst, og bl\u00e5 flekker er mulige symptomer, skriver\u00a0<a href=\"https:\/\/nhi.no\/sykdommer\/barn\/hormonsykdommer\/cushings-syndrom\" class=\"_link_o9xde_39\" rel=\"nofollow noopener\" target=\"_blank\">Norsk Helseinformatikk<\/a>.<\/p>\n","protected":false},"excerpt":{"rendered":"Avviser at bruddet har sammenheng med vekttap etter rykter i pressen. STJERNEPAR: Amy Schumer (44) og Chris Fischer&hellip;\n","protected":false},"author":2,"featured_media":111956,"comment_status":"","ping_status":"","sticky":false,"template":"","format":"standard","meta":{"footnotes":""},"categories":[58],"tags":[8163,71,30,28,29,72],"class_list":{"0":"post-111955","1":"post","2":"type-post","3":"status-publish","4":"format-standard","5":"has-post-thumbnail","7":"category-underholdning","8":"tag-amy-schumer","9":"tag-entertainment","10":"tag-no","11":"tag-norge","12":"tag-norway","13":"tag-underholdning"},"share_on_mastodon":{"url":"https:\/\/pubeurope.com\/@no\/115711318851503449","error":""},"_links":{"self":[{"href":"https:\/\/www.europesays.com\/no\/wp-json\/wp\/v2\/posts\/111955","targetHints":{"allow":["GET"]}}],"collection":[{"href":"https:\/\/www.europesays.com\/no\/wp-json\/wp\/v2\/posts"}],"about":[{"href":"https:\/\/www.europesays.com\/no\/wp-json\/wp\/v2\/types\/post"}],"author":[{"embeddable":true,"href":"https:\/\/www.europesays.com\/no\/wp-json\/wp\/v2\/users\/2"}],"replies":[{"embeddable":true,"href":"https:\/\/www.europesays.com\/no\/wp-json\/wp\/v2\/comments?post=111955"}],"version-history":[{"count":0,"href":"https:\/\/www.europesays.com\/no\/wp-json\/wp\/v2\/posts\/111955\/revisions"}],"wp:featuredmedia":[{"embeddable":true,"href":"https:\/\/www.europesays.com\/no\/wp-json\/wp\/v2\/media\/111956"}],"wp:attachment":[{"href":"https:\/\/www.europesays.com\/no\/wp-json\/wp\/v2\/media?parent=111955"}],"wp:term":[{"taxonomy":"category","embeddable":true,"href":"https:\/\/www.europesays.com\/no\/wp-json\/wp\/v2\/categories?post=111955"},{"taxonomy":"post_tag","embeddable":true,"href":"https:\/\/www.europesays.com\/no\/wp-json\/wp\/v2\/tags?post=111955"}],"curies":[{"name":"wp","href":"https:\/\/api.w.org\/{rel}","templated":true}]}}