{"id":111957,"date":"2025-12-13T08:32:12","date_gmt":"2025-12-13T08:32:12","guid":{"rendered":"https:\/\/www.europesays.com\/no\/111957\/"},"modified":"2025-12-13T08:32:12","modified_gmt":"2025-12-13T08:32:12","slug":"nedslaende-julebeskjed-veldig-liten-sjans","status":"publish","type":"post","link":"https:\/\/www.europesays.com\/no\/111957\/","title":{"rendered":"Nedsl\u00e5ende julebeskjed: &#8211; Veldig liten sjans"},"content":{"rendered":"<p>  Det blir nok en mild f\u00f8rjulshelg i S\u00f8r-Norge. Snart kommer varmlufta nordover.<\/p>\n<p>\n    HVIT JUL I S\u00d8R-NORGE: H\u00e5pet om hvit jul henger i en syltynn tr\u00e5d om du skal feire i S\u00f8r-Norge. Her fra Bogstadveien i Oslo tredje juledag i 2015, da hovedstaden fikk et lite dryss romjulssn\u00f8. Foto: Torstein B\u00f8e \/ NTB\n  <\/p>\n<p>Det har v\u00e6rt en uvanlig mild desember n\u00e5r vi g\u00e5r inn i tredje adventshelg.\u00a0<\/p>\n<p>&#8211; For \u00d8stlandets del er den blant de mildeste vi har hatt. Fortsetter det s\u00e5nn blir det rekord, sier meteorolig Rafael Escobar L\u00f8vdahl ved Meteorologisk institutt til Dagbladet.<\/p>\n<p>Han bruker m\u00e5lestasjonen ved Blindern i Oslo, som er representativ for \u00f8stlandsomr\u00e5det, som utgangspunkt. Den mildeste desemberm\u00e5neden her ble m\u00e5lt i 2006, med en gjennomsnittstemperatur p\u00e5 2,4 grader. Hittil i desember ligger snittemperaturen p\u00e5 4 grader.<\/p>\n<p>&#8211; Den banen vi har n\u00e5 er rekordbane. Den vil ikke vare helt ut desember, da det er ting som tyder p\u00e5 at det vil bli kaldere mot slutten, men det er for tidlig \u00e5 si hvordan det ender, sier L\u00f8vdahl.<\/p>\n<p>    <a itemprop=\"url\" href=\"https:\/\/dinside.dagbladet.no\/reise\/klar-beskjed-blir-kapret-fort\/83969229\" rel=\"nofollow noopener\" target=\"_blank\"><\/p>\n<p>        <img loading=\"lazy\" decoding=\"async\" src=\"https:\/\/www.europesays.com\/no\/wp-content\/uploads\/2025\/12\/83976448.webp\" width=\"147\" height=\"98\" title=\"Nordmenn r\u00f8mmer landet: - Rekordh\u00f8y ettersp\u00f8rsel\" alt=\"\" class=\"lazyload\" style=\"--aspect-ratio-image: 1.50; \"\/><\/p>\n<p>        Nordmenn r\u00f8mmer landet: <br class=\"newline newline-desktop\"\/>&#8211; Rekordh\u00f8y ettersp\u00f8rsel<\/p>\n<p>    <\/a><\/p>\n<p>Mer av det samme\t<\/p>\n<p>Eventuelle minusgrader i S\u00f8r-Norge ventes f\u00f8rst siste uka i desember.<\/p>\n<p>F\u00f8rst kommer nok en mild og gr\u00e5 uke p\u00e5 S\u00f8r- og \u00d8stlandet &#8211; med temperaturer mellom null og ti grader p\u00e5 S\u00f8rlandet, og null og fem grader p\u00e5 \u00d8stlandet.<\/p>\n<p>Tilsvarende temperaturer blir det b\u00e5de p\u00e5 Vestlandet og i Tr\u00f8ndelag.<\/p>\n<p>To omfattende lavtrykk som kommer inn fra vest vil prege vestlandsv\u00e6ret.<\/p>\n<p>&#8211; Vestlandet f\u00e5r vind og perioder med nedb\u00f8r, mens Tr\u00f8ndelag slipper unna den verste nedb\u00f8ren, sier L\u00f8vdahl.<\/p>\n<p>        SVARER: En av Herman Flesvigs karakterer i NRKs julekalender \u00abNissene i skjul\u00bb har f\u00e5tt mye omtale. N\u00e5 svarer en av dem som blir parodiert. Video: Marthe Karlson Nielsen\/ Nora Skavhaug\/ R\u00f8d L\u00f8per<\/p>\n<p>Nord-Norge har hittil i desember v\u00e6rt kaldt flere steder, men i l\u00f8pet av de neste dagene blir temperaturene litt jevnere fordelt.\u00a0<\/p>\n<p>&#8211; Det er store forskjeller i nord, men det kan bli plussgrader, rett over null, periodevis langs kysten. Lenger inn i landet holder det seg p\u00e5 minussida.<\/p>\n<p>Usikkert julev\u00e6r\t<\/p>\n<p>Det er fortsatt usikkert hvordan \u00e5rets julev\u00e6r blir. Det avgj\u00f8res av <a href=\"https:\/\/www.dagbladet.no\/nyheter\/kan-snu-bratt\/83952483\" rel=\"nofollow noopener\" target=\"_blank\">to kraftige lavtrykk<\/a> som det fortsatt er uklart hvor plasserer seg.<\/p>\n<p>&#8211; Etter disse lavtrykkene ser vi tendenser til roligere v\u00e6r. Hvis det skjer at det dannes h\u00f8yere trykk, vil det bli kaldere i S\u00f8r-Norge, men det er veldig liten sjans for tung julesn\u00f8 p\u00e5 tr\u00e6rne, sier L\u00f8vdahl.<\/p>\n<p>    <a itemprop=\"url\" href=\"https:\/\/borsen.dagbladet.no\/nyheter\/bruker-450-000-pa-julebord\/83957279\" rel=\"nofollow noopener\" target=\"_blank\"><\/p>\n<p>        <img loading=\"lazy\" decoding=\"async\" src=\"https:\/\/www.europesays.com\/no\/wp-content\/uploads\/2025\/12\/1765614732_222_83959867.webp\" width=\"980\" height=\"441\" title=\"Bruker 450 000 p\u00e5 julebord her\" alt=\"\" class=\"lazyload\" style=\"--aspect-ratio-image: 2.22; \"\/><\/p>\n<p>        Bruker 450 000 p\u00e5 julebord her<\/p>\n<p>    <\/a><\/p>\n<p>&#8211; D\u00f8ra er ikke helt lukket for at det kan komme et lite dryss, men sjansen er st\u00f8rre for litt rim.\u00a0<\/p>\n<p>I Nord-Norge er bildet et ganske annet. Der har det allerede kommet mye sn\u00f8 mange steder.<\/p>\n<p>&#8211; Den nedb\u00f8ren som kommer i nord, n\u00e6rmer seg nok sludd etter hvert, sier meteorologen, men forsikrer at det ikke er store mengdene sludd som ventes i nord de kommende dagene.\u00a0<\/p>\n","protected":false},"excerpt":{"rendered":"Det blir nok en mild f\u00f8rjulshelg i S\u00f8r-Norge. Snart kommer varmlufta nordover. HVIT JUL I S\u00d8R-NORGE: H\u00e5pet om&hellip;\n","protected":false},"author":2,"featured_media":111958,"comment_status":"","ping_status":"","sticky":false,"template":"","format":"standard","meta":{"footnotes":""},"categories":[10],"tags":[20,21,24,25,15,2539,22,23,13,30,28,29,14,16,26,27],"class_list":{"0":"post-111957","1":"post","2":"type-post","3":"status-publish","4":"format-standard","5":"has-post-thumbnail","7":"category-norge","8":"tag-breaking-news","9":"tag-breakingnews","10":"tag-featured-news","11":"tag-featurednews","12":"tag-headlines","13":"tag-innenriks","14":"tag-latest-news","15":"tag-latestnews","16":"tag-news","17":"tag-no","18":"tag-norge","19":"tag-norway","20":"tag-nyheter","21":"tag-overskrifter","22":"tag-top-stories","23":"tag-topstories"},"share_on_mastodon":{"url":"https:\/\/pubeurope.com\/@no\/115711334578010469","error":""},"_links":{"self":[{"href":"https:\/\/www.europesays.com\/no\/wp-json\/wp\/v2\/posts\/111957","targetHints":{"allow":["GET"]}}],"collection":[{"href":"https:\/\/www.europesays.com\/no\/wp-json\/wp\/v2\/posts"}],"about":[{"href":"https:\/\/www.europesays.com\/no\/wp-json\/wp\/v2\/types\/post"}],"author":[{"embeddable":true,"href":"https:\/\/www.europesays.com\/no\/wp-json\/wp\/v2\/users\/2"}],"replies":[{"embeddable":true,"href":"https:\/\/www.europesays.com\/no\/wp-json\/wp\/v2\/comments?post=111957"}],"version-history":[{"count":0,"href":"https:\/\/www.europesays.com\/no\/wp-json\/wp\/v2\/posts\/111957\/revisions"}],"wp:featuredmedia":[{"embeddable":true,"href":"https:\/\/www.europesays.com\/no\/wp-json\/wp\/v2\/media\/111958"}],"wp:attachment":[{"href":"https:\/\/www.europesays.com\/no\/wp-json\/wp\/v2\/media?parent=111957"}],"wp:term":[{"taxonomy":"category","embeddable":true,"href":"https:\/\/www.europesays.com\/no\/wp-json\/wp\/v2\/categories?post=111957"},{"taxonomy":"post_tag","embeddable":true,"href":"https:\/\/www.europesays.com\/no\/wp-json\/wp\/v2\/tags?post=111957"}],"curies":[{"name":"wp","href":"https:\/\/api.w.org\/{rel}","templated":true}]}}