{"id":111965,"date":"2025-12-13T08:41:10","date_gmt":"2025-12-13T08:41:10","guid":{"rendered":"https:\/\/www.europesays.com\/no\/111965\/"},"modified":"2025-12-13T08:41:10","modified_gmt":"2025-12-13T08:41:10","slug":"hailee-steinfeld-og-josh-allen-venter-barn","status":"publish","type":"post","link":"https:\/\/www.europesays.com\/no\/111965\/","title":{"rendered":"Hailee Steinfeld og Josh Allen venter barn"},"content":{"rendered":"\n<p class=\"_lead_o9xde_2 _lead_xtcu6_50 layout-component text-serif-m layout-normal text-serif-l layout-component layout-wide layout-padded _wide_17hqh_1 layout-padded\">Delte nyheten med en r\u00f8rende video.<\/p>\n<p><img alt=\"Josh Allen og Hailee Steinfeld p\u00e5 NFL Honors awards show i februar.  Foto: Brynn Anderson \/ AP \/ NTB\" class=\"_image_qp4xg_65 layout-component layout-wide\" data-fullscreen- data-track-element-type=\"Article image fullscreen\" data-track-name=\"ImageFullscreen\" fetchpriority=\"high\" decoding=\"sync\" loading=\"eager\" height=\"3401\" itemprop=\"image\"  src=\"https:\/\/www.europesays.com\/no\/wp-content\/uploads\/2025\/12\/74cfb36c-b8a6-4f9a-b927-d4de8363313b\"  style=\"object-position:0% 0%\" width=\"5101\"\/>Josh Allen og Hailee Steinfeld p\u00e5 NFL Honors awards show i februar.  Foto: Brynn Anderson \/ AP \/ NTB<\/p>\n<ul aria-hidden=\"true\" class=\"_images_ntbth_112\">\n<li><a class=\"_link_ntbth_117\" href=\"https:\/\/www.vg.no\/forfatter\/andreas-almli\" style=\"z-index:1\" title=\"Andreas Almli\" rel=\"nofollow noopener\" target=\"_blank\"><img alt=\"Bilde av Andreas Almli\" class=\"_image_ntbth_93\" fetchpriority=\"low\" loading=\"lazy\" decoding=\"async\" itemprop=\"image\"  src=\"https:\/\/www.europesays.com\/no\/wp-content\/uploads\/2025\/12\/1765615269_102_375927d7-c3ac-45fd-a424-5db85cd85b8f\"  width=\"480\"\/><\/a><\/li>\n<\/ul>\n<p> Oppdatert l\u00f8rdag 13. desember kl. 09:03    <\/p>\n<ul class=\"_list_o9xde_3 _list_64s2r_85 _unordered_o9xde_106 text-sans-m\">\n<li class=\"_item_o9xde_30\">Skuespiller Hailee Steinfeld og Buffalo Bills-stjernen Josh Allen skal bli foreldre.<\/li>\n<li class=\"_item_o9xde_30\">Paret delte nyheten p\u00e5 Instagram med en r\u00f8rende video.<\/li>\n<li class=\"_item_o9xde_30\">Dette er parets f\u00f8rste barn, og Buffalo Bills har gratulert dem p\u00e5 sosiale medier.<\/li>\n<\/ul>\n<p>Vis mer <\/p>\n<p class=\"_paragraph_o9xde_4 _paragraph_xtcu6_10 layout-component text-serif-m layout-normal text-serif-m layout-padded\">Skuespiller Hailee Steinfeld (29) og Buffalo Bills-stjernen Josh Allen (29) skal bli foreldre.<\/p>\n<p class=\"_paragraph_o9xde_4 _paragraph_xtcu6_10 layout-component text-serif-m layout-normal text-serif-m layout-padded\">Det melder paret selv p\u00e5 <a href=\"https:\/\/www.instagram.com\/haileesteinfeld\/?hl=en\" class=\"_link_o9xde_39\" rel=\"nofollow noopener\" target=\"_blank\">Instagram<\/a>.<\/p>\n<p class=\"_paragraph_o9xde_4 _paragraph_xtcu6_10 layout-component text-serif-m layout-normal text-serif-m layout-padded\">I en video som paret har delt p\u00e5 sosiale medier kan man se Allen kysse magen til sin kone. Videre ser man paret st\u00e5 smilende foran kamera, hvor Steinfeld er if\u00f8rt en fleecegenser med teksten \u00abmor\u00bb p\u00e5. Mot slutten av videoen st\u00e5r de h\u00e5nd i h\u00e5nd foran en liten sn\u00f8mann.<\/p>\n<p class=\"_paragraph_o9xde_4 _paragraph_xtcu6_10 layout-component text-serif-m layout-normal text-serif-m layout-padded\">Dette skal v\u00e6re parets f\u00f8rste barn.<\/p>\n<p><img alt=\"Buffalo Bills quarterback Josh Allen under en kamp tidligere i desember.   Foto: Jeffrey T. Barnes \/ AP \/ NTB\" class=\"_image_qp4xg_65 layout-component layout-normal\" data-fullscreen- data-track-element-type=\"Article image fullscreen\" data-track-name=\"ImageFullscreen\" decoding=\"async\" loading=\"lazy\" height=\"4000\" itemprop=\"image\"  src=\"https:\/\/www.europesays.com\/no\/wp-content\/uploads\/2025\/12\/4d29cc96-ca9d-419a-9dee-85b59b373a0f\"  style=\"object-position:0% 0%\" width=\"6000\"\/>Buffalo Bills quarterback Josh Allen under en kamp tidligere i desember.   Foto: Jeffrey T. Barnes \/ AP \/ NTB<\/p>\n<p class=\"_paragraph_o9xde_4 _paragraph_xtcu6_10 layout-component text-serif-m layout-normal text-serif-m layout-padded\">Steinfeld har v\u00e6rt skuespiller og sangerinne i flere \u00e5r. 29-\u00e5ringen er blant annet kjent fra \u00abPitch Perfect\u00bb-filmene, \u00abSpider Man\u00bb og har flere kjente hits \u2013 som \u00abCapital Letters\u00bb og \u00abLet Me Go\u00bb.<\/p>\n<p class=\"_paragraph_o9xde_4 _paragraph_xtcu6_10 layout-component text-serif-m layout-normal text-serif-m layout-padded\">Allen er profesjonell fotballspiller og spiller til daglig for laget Buffalo Bills. Klubben har gratulert paret med babynyheten p\u00e5 <a href=\"https:\/\/x.com\/BuffaloBills\/status\/1999611922287567143\/photo\/3\" class=\"_link_o9xde_39\" rel=\"nofollow\">X<\/a>.<\/p>\n<p class=\"_paragraph_o9xde_4 _paragraph_xtcu6_10 layout-component text-serif-m layout-normal text-serif-m layout-padded\">Paret ble kj\u00e6rester i 2023 og forlovet seg i november 2024. I juni ga de <a href=\"https:\/\/www.vg.no\/rampelys\/i\/B0PrpQ\/hailee-steinfeld-og-josh-allen-har-giftet-seg\" data-track-element-type=\"Link\" data-track-id=\"link:B0PrpQ\" class=\"_link_o9xde_39\" rel=\"nofollow noopener\" target=\"_blank\">hverandre sitt ja i California.<\/a><\/p>\n<p class=\"_paragraph_o9xde_4 _paragraph_xtcu6_10 layout-component text-serif-m layout-normal text-serif-m layout-padded\">Steinfeld har ved flere anledninger skapt overskrifter her til lands, blant annet fordi hun er en stor beundrer av artisten Astrid Smeplass (28).<\/p>\n<p class=\"_paragraph_o9xde_4 _paragraph_xtcu6_10 layout-component text-serif-m layout-normal text-serif-m layout-padded\">I 2015 skrev VG at \u00abHailee Steinfeld elsker Astrid Smeplass&#8217; stemme og utseende\u00bb etter at de to hadde<a href=\"https:\/\/www.vg.no\/rampelys\/musikk\/i\/KwdQG\/hailee-steinfeld-elsker-astrid-smeplass-stemme-og-utseende\" data-track-element-type=\"Link\" data-track-id=\"link:KwdQG\" class=\"_link_o9xde_39\" rel=\"nofollow noopener\" target=\"_blank\"> m\u00f8tt hverandre <\/a>i Frognerparken i Oslo.<\/p>\n<ul class=\"_list_o9xde_3 _list_xtcu6_9 _unordered_o9xde_106 layout-component text-serif-m layout-normal text-serif-m layout-padded\">\n<li class=\"_item_o9xde_30\">S\u00f8ndag m\u00f8ter Allen og Buffalo Bills New England Patriots i NFL, <a href=\"https:\/\/tv.vg.no\/video\/348987\/new-england-patriots-buffalo-bills\" class=\"_link_o9xde_39\" rel=\"nofollow noopener\" target=\"_blank\">og kampen kan du se p\u00e5 VGTV<\/a><\/li>\n<\/ul>\n<p>       <script async src=\"\/\/www.instagram.com\/embed.js\"><\/script><\/p>\n","protected":false},"excerpt":{"rendered":"Delte nyheten med en r\u00f8rende video. Josh Allen og Hailee Steinfeld p\u00e5 NFL Honors awards show i februar.&hellip;\n","protected":false},"author":2,"featured_media":111966,"comment_status":"","ping_status":"","sticky":false,"template":"","format":"standard","meta":{"footnotes":""},"categories":[59],"tags":[13694,80,3291,30,28,29,83,82],"class_list":{"0":"post-111965","1":"post","2":"type-post","3":"status-publish","4":"format-standard","5":"has-post-thumbnail","7":"category-sport","8":"tag-buffalo-bills","9":"tag-hollywood","10":"tag-nfl","11":"tag-no","12":"tag-norge","13":"tag-norway","14":"tag-sport","15":"tag-sports"},"share_on_mastodon":{"url":"https:\/\/pubeurope.com\/@no\/115711370570933679","error":""},"_links":{"self":[{"href":"https:\/\/www.europesays.com\/no\/wp-json\/wp\/v2\/posts\/111965","targetHints":{"allow":["GET"]}}],"collection":[{"href":"https:\/\/www.europesays.com\/no\/wp-json\/wp\/v2\/posts"}],"about":[{"href":"https:\/\/www.europesays.com\/no\/wp-json\/wp\/v2\/types\/post"}],"author":[{"embeddable":true,"href":"https:\/\/www.europesays.com\/no\/wp-json\/wp\/v2\/users\/2"}],"replies":[{"embeddable":true,"href":"https:\/\/www.europesays.com\/no\/wp-json\/wp\/v2\/comments?post=111965"}],"version-history":[{"count":0,"href":"https:\/\/www.europesays.com\/no\/wp-json\/wp\/v2\/posts\/111965\/revisions"}],"wp:featuredmedia":[{"embeddable":true,"href":"https:\/\/www.europesays.com\/no\/wp-json\/wp\/v2\/media\/111966"}],"wp:attachment":[{"href":"https:\/\/www.europesays.com\/no\/wp-json\/wp\/v2\/media?parent=111965"}],"wp:term":[{"taxonomy":"category","embeddable":true,"href":"https:\/\/www.europesays.com\/no\/wp-json\/wp\/v2\/categories?post=111965"},{"taxonomy":"post_tag","embeddable":true,"href":"https:\/\/www.europesays.com\/no\/wp-json\/wp\/v2\/tags?post=111965"}],"curies":[{"name":"wp","href":"https:\/\/api.w.org\/{rel}","templated":true}]}}