{"id":111967,"date":"2025-12-13T08:42:20","date_gmt":"2025-12-13T08:42:20","guid":{"rendered":"https:\/\/www.europesays.com\/no\/111967\/"},"modified":"2025-12-13T08:42:20","modified_gmt":"2025-12-13T08:42:20","slug":"kultur-og-underholdning-moss-regissor-per-olav-sorensen-deler-jeg-tror-ikke-at-jeg-er-sa-spesiell","status":"publish","type":"post","link":"https:\/\/www.europesays.com\/no\/111967\/","title":{"rendered":"Kultur og underholdning, Moss | Regiss\u00f8r Per-Olav S\u00f8rensen deler: \u2013 Jeg tror ikke at jeg er s\u00e5 spesiell"},"content":{"rendered":"\n<p>N\u00e5r vi m\u00f8tes i studio, har Per-Olav S\u00f8rensen nettopp v\u00e6rt p\u00e5 foreldrenes gravsted p\u00e5 Moss kirkeg\u00e5rd. Han har pyntet med kranser og lys.<\/p>\n<p><b>\u2013 Jeg har ikke bodd i Moss p\u00e5 22 \u00e5r, men folk tror at jeg gj\u00f8r det. Til og med bekjente i Oslo tror at jeg bor her i byen.<\/b><\/p>\n<p>Per-Olav bor med sin kone og ett av barna i et hus p\u00e5 Nordstrand i Oslo, et hjem han er veldig glad i. De tre eldre barna bor for seg selv.<\/p>\n<p><b>\u2013 Det er veldig mye mennesker, pes og prestasjon p\u00e5 jobben. N\u00e5r jeg f\u00f8rst er hjemme vil jeg ha det helt rolig. Fyre i kakkelovnen, tenne stearinlys og sette p\u00e5 en analog plate. Hyggen og roen er kjempeviktig.<\/b><\/p>\n<p>Moss Avis podkast<\/p>\n<p>Per-Olav er vokst opp med mamma, pappa og tre eldre s\u00f8sken p\u00e5 H\u00f8yda, i et hus bak \u00abKarlsen-kiosken\u00bb, i dag Go&#8217;bua. Da han begynte med teater og revy i andre \u00e5ret p\u00e5 Kirkeparken videreg\u00e5ende skole, oppdaget han at han var god til \u00e5 sette sammen forestillinger slik at de fikk en god dynamikk.<\/p>\n<p><b>\u2013 Jeg var middelm\u00e5dig p\u00e5 scenen, men jeg kunne forutse n\u00e5r folk skulle le. Det ga meg selvtillit.<\/b><\/p>\n<p>Denne artikkelen er et glimt fra en episode av podkasten For et liv! Hele intervjuet med Per-Olav S\u00f8rensen kan du h\u00f8re som podkast. <\/p>\n<p>En stor tabbe<\/p>\n<p>Tidlig i karrieren fikk Per-Olav jobb i USA.<\/p>\n<p><b>\u2013 Jeg hadde ikke utdannelse og hadde ikke nok kunnskap til \u00e5 gj\u00f8re de jobbene jeg ble satt p\u00e5. Da latet jeg som at jeg kjente til b\u00f8ker jeg ikke hadde lest, og jeg jukset med egne referanser. <\/b><\/p>\n<p><b>\u2013 Det var en stor, stor tabbe. <\/b><\/p>\n<p>Han l\u00e6rte at om han skal klare \u00e5 kommunisere med publikum, s\u00e5 m\u00e5 han t\u00f8rre \u00e5 v\u00e6re tro mot den han er og hvor han har vokst opp.<\/p>\n<p><b>\u2013 Da jeg begynte \u00e5 innr\u00f8mme at jeg var han fyren fra Moss, som kunne polske lagoppstillinger fra 1982 og ikke hadde lest alt av Shakespeare \u2013 det var da jeg begynte \u00e5 kommunisere med folk. <\/b><\/p>\n<p>   <img decoding=\"async\" width=\"3648\" height=\"5472\" fetchpriority=\"low\"  loading=\"lazy\"  src=\"https:\/\/www.europesays.com\/no\/wp-content\/uploads\/2025\/12\/IMG_3715.jpg\" alt=\"\" class=\"brick-c-cFOWSL\" style=\"--brick-image-ratio: 3648 \/ 5472;\"\/><\/p>\n<p>      Per-Olav S\u00f8rensen avsl\u00f8rer i podkasten For et liv! at han helst er hjemme i huset p\u00e5 Nordstrand n\u00e5r han f\u00f8rst har fri. M\u00e5 han p\u00e5 r\u00f8d l\u00f8per, tar han ogs\u00e5 da den bl\u00e5 anorakken.<br \/>\n      Foto: Jessica Jansson Ramleth\n    <\/p>\n<p>  Stoler p\u00e5 magef\u00f8lelsen<\/p>\n<p>Per-Olav S\u00f8rensen mener at han st\u00f8rste talent er at han er \u00abaverage\u00bb. Og at hans teaterstykker og dramaserier f\u00e5r enormt mange seere nettopp p\u00e5 grunn av det.<\/p>\n<p><b>\u2013 Jeg tror ikke at jeg er s\u00e5 spesiell. Jeg tror at n\u00e5r jeg griner, s\u00e5 griner folk og n\u00e5r jeg ler, s\u00e5 ler folk.<\/b><\/p>\n<p>Hans lidenskap gj\u00f8r at han g\u00e5r inn med alt fokus han har, uansett om han skal gj\u00f8re en monolog p\u00e5 scenen i Moss eller en global TV-serie for Netflix. Og han stoler alltid p\u00e5 at magef\u00f8lelsen viser riktig retning.<\/p>\n<p><b>\u2013 Det er det som er regi. Du m\u00e5 pr\u00f8ve \u00e5 f\u00e5 kontakt med den delen av deg selv som sier \u00abja dette kunne jeg ha sett p\u00e5\u00bb. <\/b><b>Den magef\u00f8lelsen er nok fra Moss.<\/b><\/p>\n<p>I disse dager er S\u00f8rensen aktuell med sesong nummer 3 av serien \u00abHjem til jul\u00bb, og regiss\u00f8ren fra Moss er spent p\u00e5 om serien vil bli nummer \u00e9n i verden p\u00e5 Netflix \u2013 igjen. Les mer om dette her:<\/p>\n<p>  <a href=\"https:\/\/www.moss-avis.no\/5-67-2269282\" class=\"related-teaser has-image default-story-teaser article--c-eRUmMG article--c-eRUmMG-jKCPdD-design-default\" rel=\"nofollow noopener\" target=\"_blank\"><\/p>\n<p>    <img decoding=\"async\" loading=\"lazy\"  src=\"https:\/\/www.europesays.com\/no\/wp-content\/uploads\/2025\/12\/1765615334_858_IMG_3696_1.jpg\" alt=\"\" class=\"brick-c-cFOWSL\" style=\"\"\/><\/p>\n<p>\n            Les ogs\u00e5<\/p>\n<p>              N\u00e5 er ventetiden over: Endelig premiere for mer hjem til jul!\n        <\/p>\n<p>  <\/a><br \/>\n  <b>H\u00f8r hele intervjuet med Per-Olav S\u00f8rensen i Moss Avis&#8217; podkast For et liv!<\/b><\/p>\n<p>Flere podkast-episoder fra samme serie:<br \/>\n  <a href=\"https:\/\/www.moss-avis.no\/5-67-2180608\" class=\"related-teaser has-image default-feature-teaser article--c-eRUmMG article--c-eRUmMG-jKCPdD-design-default\" rel=\"nofollow noopener\" target=\"_blank\"><\/p>\n<p>    <img decoding=\"async\" loading=\"lazy\"  src=\"https:\/\/www.europesays.com\/no\/wp-content\/uploads\/2025\/12\/IMG_32112.jpg\" alt=\"\" class=\"brick-c-cFOWSL\" style=\"\"\/><\/p>\n<p>\n            Les ogs\u00e5<\/p>\n<p>              Skrinet i garasjen\n        <\/p>\n<p>  <\/a><\/p>\n<p>  <a href=\"https:\/\/www.moss-avis.no\/5-67-2042447\" class=\"related-teaser has-image default-feature-teaser article--c-eRUmMG article--c-eRUmMG-jKCPdD-design-default\" rel=\"nofollow noopener\" target=\"_blank\"><\/p>\n<p>    <img decoding=\"async\" loading=\"lazy\"  src=\"https:\/\/www.europesays.com\/no\/wp-content\/uploads\/2025\/12\/last+ned.jpg\" alt=\"\" class=\"brick-c-cFOWSL\" style=\"\"\/><\/p>\n<p>\n            Les ogs\u00e5<\/p>\n<p>              \u2013 Jeg ble glad i henne, men hun var alt for ung\n        <\/p>\n<p>  <\/a><\/p>\n<p>  <a href=\"https:\/\/www.moss-avis.no\/5-67-2039098\" class=\"related-teaser has-image default-feature-teaser article--c-eRUmMG article--c-eRUmMG-jKCPdD-design-default\" rel=\"nofollow noopener\" target=\"_blank\"><\/p>\n<p>    <img decoding=\"async\" loading=\"lazy\"  src=\"https:\/\/www.europesays.com\/no\/wp-content\/uploads\/2025\/12\/IMG_1440.jpg\" alt=\"\" class=\"brick-c-cFOWSL\" style=\"\"\/><\/p>\n<p>\n            Les ogs\u00e5<\/p>\n<p>              Ulykken i M\u00f8llebyen: \u2013 Det ble en vekker p\u00e5 hvor skj\u00f8rt livet er\n        <\/p>\n<p>  <\/a><\/p>\n<p>  <a href=\"https:\/\/www.moss-avis.no\/5-67-1926574\" class=\"related-teaser has-image default-feature-teaser article--c-eRUmMG article--c-eRUmMG-jKCPdD-design-default\" rel=\"nofollow noopener\" target=\"_blank\"><\/p>\n<p>    <img decoding=\"async\" loading=\"lazy\"  src=\"https:\/\/www.europesays.com\/no\/wp-content\/uploads\/2025\/12\/IMG_9641.jpg\" alt=\"\" class=\"brick-c-cFOWSL\" style=\"\"\/><\/p>\n<p>\n            Les ogs\u00e5<\/p>\n<p>              Alt du ikke visste om narkose: H\u00f8r helt ny episode i Moss Avis&#8217; podkast, For et liv!\n        <\/p>\n<p>  <\/a><\/p>\n<p>  <a href=\"https:\/\/www.moss-avis.no\/5-67-1918183\" class=\"related-teaser has-image default-feature-teaser article--c-eRUmMG article--c-eRUmMG-jKCPdD-design-default\" rel=\"nofollow noopener\" target=\"_blank\"><\/p>\n<p>    <img decoding=\"async\" loading=\"lazy\"  src=\"https:\/\/www.europesays.com\/no\/wp-content\/uploads\/2025\/12\/IMG_9285.png\" alt=\"\" class=\"brick-c-cFOWSL\" style=\"\"\/><\/p>\n<p>\n            Les ogs\u00e5<\/p>\n<p>              Arne endte alltid opp i fengsel: \u2013 Vi vet hva som virker, likevel velger vi \u00e5 gj\u00f8re det annerledes\n        <\/p>\n<p>  <\/a><\/p>\n<p>  <a href=\"https:\/\/www.moss-avis.no\/5-67-1882196\" class=\"related-teaser has-image default-feature-teaser article--c-eRUmMG article--c-eRUmMG-jKCPdD-design-default\" rel=\"nofollow noopener\" target=\"_blank\"><\/p>\n<p>    <img decoding=\"async\" loading=\"lazy\"  src=\"https:\/\/www.europesays.com\/no\/wp-content\/uploads\/2025\/12\/IMG_8849.png\" alt=\"\" class=\"brick-c-cFOWSL\" style=\"\"\/><\/p>\n<p>\n            Les ogs\u00e5<\/p>\n<p>              \u2013 De skulle ha meg til \u00e5 v\u00e6re s\u00e5 prektig og gudfryktig som mulig, og det er vanskelig for et lite barn\n        <\/p>\n<p>  <\/a><\/p>\n<p>  <a href=\"https:\/\/www.moss-avis.no\/5-67-1860797\" class=\"related-teaser has-image default-feature-teaser article--c-eRUmMG article--c-eRUmMG-jKCPdD-design-default\" rel=\"nofollow noopener\" target=\"_blank\"><\/p>\n<p>    <img decoding=\"async\" loading=\"lazy\"  src=\"https:\/\/www.europesays.com\/no\/wp-content\/uploads\/2025\/12\/IMG_8734.jpg\" alt=\"\" class=\"brick-c-cFOWSL\" style=\"\"\/><\/p>\n<p>\n            Les ogs\u00e5<\/p>\n<p>              \u2013 Jeg lever jo dr\u00f8mmen. Hadde barna kommet ferdige som to\u00e5ringer hadde vi hatt mange flere\n        <\/p>\n<p>  <\/a><\/p>\n<p>  <a href=\"https:\/\/www.moss-avis.no\/5-67-1850990\" class=\"related-teaser has-image default-feature-teaser article--c-eRUmMG article--c-eRUmMG-jKCPdD-design-default\" rel=\"nofollow noopener\" target=\"_blank\"><\/p>\n<p>    <img decoding=\"async\" loading=\"lazy\"  src=\"https:\/\/www.europesays.com\/no\/wp-content\/uploads\/2025\/12\/641E6C4B-B91A-4824-9026-7E988CD7E3CD.JPG\" alt=\"\" class=\"brick-c-cFOWSL\" style=\"\"\/><\/p>\n<p>\n            Les ogs\u00e5<\/p>\n<p>              \u2013 Jeg v\u00e5kner av at en lege st\u00e5r over meg og sier \u00abder holdt vi p\u00e5 \u00e5 miste deg\u00bb\n        <\/p>\n<p>  <\/a><\/p>\n<p>  <a href=\"https:\/\/www.moss-avis.no\/5-67-1830952\" class=\"related-teaser has-image default-feature-teaser article--c-eRUmMG article--c-eRUmMG-jKCPdD-design-default\" rel=\"nofollow noopener\" target=\"_blank\"><\/p>\n<p>    <img decoding=\"async\" loading=\"lazy\"  src=\"https:\/\/www.europesays.com\/no\/wp-content\/uploads\/2025\/12\/IMG_6461.jpg\" alt=\"\" class=\"brick-c-cFOWSL\" style=\"\"\/><\/p>\n<p>\n            Les ogs\u00e5<\/p>\n<p>              \u2013 Jeg har alltid tenkt at dette er min skyld. At jeg hadde lagt p\u00e5 meg og at det var min feil at beina var s\u00e5nn\n        <\/p>\n<p>  <\/a><\/p>\n<p>  <a href=\"https:\/\/www.moss-avis.no\/5-67-1794152\" class=\"related-teaser has-image default-feature-teaser article--c-eRUmMG article--c-eRUmMG-jKCPdD-design-default\" rel=\"nofollow noopener\" target=\"_blank\"><\/p>\n<p>    <img decoding=\"async\" loading=\"lazy\"  src=\"https:\/\/www.europesays.com\/no\/wp-content\/uploads\/2025\/12\/IMG_6349.jpg\" alt=\"\" class=\"brick-c-cFOWSL\" style=\"\"\/><\/p>\n<p>\n            Les ogs\u00e5<\/p>\n<p>              \u2013 Jeg har l\u00e6rt mye av \u00e5 f\u00e5 innblikk i andres verden. Kanskje mine problemer blir veldig sm\u00e5 i forhold til hva kollegaene mine har fortalt i dag\n        <\/p>\n<p>  <\/a><\/p>\n<p>  <a href=\"https:\/\/www.moss-avis.no\/5-67-1760649\" class=\"related-teaser has-image default-feature-teaser article--c-eRUmMG article--c-eRUmMG-jKCPdD-design-default\" rel=\"nofollow noopener\" target=\"_blank\"><\/p>\n<p>    <img decoding=\"async\" loading=\"lazy\"  src=\"https:\/\/www.europesays.com\/no\/wp-content\/uploads\/2025\/12\/IMG_6928.jpg\" alt=\"\" class=\"brick-c-cFOWSL\" style=\"\"\/><\/p>\n<p>\n            Les ogs\u00e5<\/p>\n<p>              \u2013 Jeg har ofret meg for s\u00e5 mange s\u00e5 lenge, hvor blir det av bel\u00f8nningen i form av at jeg er lykkelig?\n        <\/p>\n<p>  <\/a><\/p>\n<p>  <a href=\"https:\/\/www.moss-avis.no\/5-67-1732403\" class=\"related-teaser has-image default-feature-teaser article--c-eRUmMG article--c-eRUmMG-jKCPdD-design-default\" rel=\"nofollow noopener\" target=\"_blank\"><\/p>\n<p>    <img decoding=\"async\" loading=\"lazy\"  src=\"https:\/\/www.europesays.com\/no\/wp-content\/uploads\/2025\/12\/IMG_6872.jpg\" alt=\"\" class=\"brick-c-cFOWSL\" style=\"\"\/><\/p>\n<p>\n            Les ogs\u00e5<\/p>\n<p>              \u2013 Jeg hater deg i dag, i morgen og for resten av mitt liv for at du tar fra meg muligheten til \u00e5 v\u00e6re sammen med barna mine hele tiden\n        <\/p>\n<p>  <\/a><\/p>\n<p>  <a href=\"https:\/\/www.moss-avis.no\/5-67-1701105\" class=\"related-teaser has-image default-feature-teaser article--c-eRUmMG article--c-eRUmMG-jKCPdD-design-default\" rel=\"nofollow noopener\" target=\"_blank\"><\/p>\n<p>    <img decoding=\"async\" loading=\"lazy\"  src=\"https:\/\/www.europesays.com\/no\/wp-content\/uploads\/2025\/12\/IMG_6355.jpg\" alt=\"\" class=\"brick-c-cFOWSL\" style=\"\"\/><\/p>\n<p>\n            Les ogs\u00e5<\/p>\n<p>              Therese Lien (34): \u2013  Jeg var utslitt, slet med \u00e5 bevege meg og klarte ikke \u00e5 svelge\n        <\/p>\n<p>  <\/a><\/p>\n<p>  <a href=\"https:\/\/www.moss-avis.no\/5-67-1698122\" class=\"related-teaser has-image default-feature-teaser article--c-eRUmMG article--c-eRUmMG-jKCPdD-design-default\" rel=\"nofollow noopener\" target=\"_blank\"><\/p>\n<p>    <img decoding=\"async\" loading=\"lazy\"  src=\"https:\/\/www.europesays.com\/no\/wp-content\/uploads\/2025\/12\/IMG_4493.jpg\" alt=\"\" class=\"brick-c-cFOWSL\" style=\"\"\/><\/p>\n<p>\n            Les ogs\u00e5<\/p>\n<p>              \u2013 Jeg er bitter fortsatt. Jeg har et usedvanlig d\u00e5rlig forhold til faren min\n        <\/p>\n<p>  <\/a><\/p>\n<p>  <a href=\"https:\/\/www.moss-avis.no\/5-67-1695684\" class=\"related-teaser has-image default-feature-teaser article--c-eRUmMG article--c-eRUmMG-jKCPdD-design-default\" rel=\"nofollow noopener\" target=\"_blank\"><\/p>\n<p>    <img decoding=\"async\" loading=\"lazy\"  src=\"https:\/\/www.europesays.com\/no\/wp-content\/uploads\/2025\/12\/IMG_6607.jpg\" alt=\"\" class=\"brick-c-cFOWSL\" style=\"\"\/><\/p>\n<p>\n            Les ogs\u00e5<\/p>\n<p>              Alt faller p\u00e5 plass n\u00e5r \u00d8ystein sporer sine r\u00f8tter til England. Og det er ikke bare en far som venter p\u00e5 han i Liverpool\n        <\/p>\n<p>  <\/a><\/p>\n<p>  <a href=\"https:\/\/www.moss-avis.no\/5-67-1698119\" class=\"related-teaser has-image default-feature-teaser article--c-eRUmMG article--c-eRUmMG-jKCPdD-design-default\" rel=\"nofollow noopener\" target=\"_blank\"><\/p>\n<p>    <img decoding=\"async\" loading=\"lazy\"  src=\"https:\/\/www.europesays.com\/no\/wp-content\/uploads\/2025\/12\/IMG_6045.jpg\" alt=\"\" class=\"brick-c-cFOWSL\" style=\"\"\/><\/p>\n<p>\n            Les ogs\u00e5<\/p>\n<p>              \u2013 Jeg var aldri redd. Det var f\u00f8rst p\u00e5 slutten at jeg skj\u00f8nte at n\u00e5 klarer jeg det ikke\n        <\/p>\n<p>  <\/a><\/p>\n","protected":false},"excerpt":{"rendered":"N\u00e5r vi m\u00f8tes i studio, har Per-Olav S\u00f8rensen nettopp v\u00e6rt p\u00e5 foreldrenes gravsted p\u00e5 Moss kirkeg\u00e5rd. Han har&hellip;\n","protected":false},"author":2,"featured_media":111968,"comment_status":"","ping_status":"","sticky":false,"template":"","format":"standard","meta":{"footnotes":""},"categories":[58],"tags":[36,71,1839,13695,410,955,13696,116,30,28,29,14,11586,1270,72],"class_list":{"0":"post-111967","1":"post","2":"type-post","3":"status-publish","4":"format-standard","5":"has-post-thumbnail","7":"category-underholdning","8":"tag-art","9":"tag-entertainment","10":"tag-feature","11":"tag-for-et-liv-podkast","12":"tag-kultur","13":"tag-kultur-og-underholdning","14":"tag-livshistorie","15":"tag-moss","16":"tag-no","17":"tag-norge","18":"tag-norway","19":"tag-nyheter","20":"tag-per-olav-sorensen","21":"tag-podkast","22":"tag-underholdning"},"share_on_mastodon":{"url":"https:\/\/pubeurope.com\/@no\/115711374032299050","error":""},"_links":{"self":[{"href":"https:\/\/www.europesays.com\/no\/wp-json\/wp\/v2\/posts\/111967","targetHints":{"allow":["GET"]}}],"collection":[{"href":"https:\/\/www.europesays.com\/no\/wp-json\/wp\/v2\/posts"}],"about":[{"href":"https:\/\/www.europesays.com\/no\/wp-json\/wp\/v2\/types\/post"}],"author":[{"embeddable":true,"href":"https:\/\/www.europesays.com\/no\/wp-json\/wp\/v2\/users\/2"}],"replies":[{"embeddable":true,"href":"https:\/\/www.europesays.com\/no\/wp-json\/wp\/v2\/comments?post=111967"}],"version-history":[{"count":0,"href":"https:\/\/www.europesays.com\/no\/wp-json\/wp\/v2\/posts\/111967\/revisions"}],"wp:featuredmedia":[{"embeddable":true,"href":"https:\/\/www.europesays.com\/no\/wp-json\/wp\/v2\/media\/111968"}],"wp:attachment":[{"href":"https:\/\/www.europesays.com\/no\/wp-json\/wp\/v2\/media?parent=111967"}],"wp:term":[{"taxonomy":"category","embeddable":true,"href":"https:\/\/www.europesays.com\/no\/wp-json\/wp\/v2\/categories?post=111967"},{"taxonomy":"post_tag","embeddable":true,"href":"https:\/\/www.europesays.com\/no\/wp-json\/wp\/v2\/tags?post=111967"}],"curies":[{"name":"wp","href":"https:\/\/api.w.org\/{rel}","templated":true}]}}