{"id":111971,"date":"2025-12-13T08:49:37","date_gmt":"2025-12-13T08:49:37","guid":{"rendered":"https:\/\/www.europesays.com\/no\/111971\/"},"modified":"2025-12-13T08:49:37","modified_gmt":"2025-12-13T08:49:37","slug":"kritikk-mot-manchester-uniteds-ledelse-fra-scholes-og-butt","status":"publish","type":"post","link":"https:\/\/www.europesays.com\/no\/111971\/","title":{"rendered":"Kritikk mot Manchester Uniteds ledelse fra Scholes og Butt"},"content":{"rendered":"<p>        Quality Sport Images\n    <\/p>\n<p class=\"kicker t27 tm22 font-weight-bold m-font-weight-bold tertiary color_mobile_tertiary\" style=\"\">TIL FRONTALANGREP P\u00c5 UNITED-LEDELSEN:<\/p>\n<p>Paul Scholes og Nicky Butt har startet podcasten <a href=\"https:\/\/www.youtube.com\/watch?v=2iEDJPaw8k4\" rel=\"nofollow noopener\" target=\"_blank\">The Good, The Bad &amp; The Football <\/a>sammen med Paddy McGuinness.\u00a0<\/p>\n<p>I denne ukens episode kom den tidligere United-duoen med sterk kritikk av ledelsen i klubben, og tok ogs\u00e5 for seg hvordan de mener Kobbie Mainoo blir behandlet. Midtbanejuvelen har bare spilt 273 minutter denne sesongen.<\/p>\n<p>\u2013 Kobbie m\u00e5 bort. Hvis du tar av deg Manchester United-hatten, s\u00e5 sier jeg: Vi skal f\u00e5 deg ut av den fotballklubben. Du trenger ikke \u00e5 si noe, vi ordner det, sa Butt, som tidligere har jobbet som akademisjef i United.<\/p>\n<p>\u2013 Han har mistet 18 m\u00e5neder med utvikling. For hans egen fotballkarriere er han n\u00f8dt til \u00e5 forlate Manchester United. Jeg h\u00e5per han drar utenlands. Det ville v\u00e6rt flaut om han gikk til Chelsea. De kan finne p\u00e5 \u00e5 hente ham, siden de bygger en veldig god, ung tropp, sa han videre.\u00a0<\/p>\n<p>Scholes henger seg p\u00e5:<\/p>\n<p>\u2013 Du ville r\u00e5det ham til \u00e5 dra. Hvis han ringte meg og sa at Chelsea var interessert og spurte hva jeg tenkte han burde gj\u00f8re, hadde jeg sagt at han bare m\u00e5tte kj\u00f8re p\u00e5.<\/p>\n<p>\u2013 Han er en 20 \u00e5r gammel gutt, som m\u00e5 komme seg vekk. Det som kommer til \u00e5 skje n\u00e5, er at han (Amorim) vil kaste ham utp\u00e5 i en kamp, s\u00e5 vil han ikke v\u00e6re spesielt god, siden han trenger fem, seks, sju, \u00e5tte kamper. Han vil kaste ham inn og si\u00a0\u00abdet var det jeg sa.\u00bb, sier Scholes.<\/p>\n<p>Kraftig kritikk mot klubbledelsen<\/p>\n<p>Midtbanelegenden retter s\u00e5 kritikk mot hele ledelsen i klubben.<\/p>\n<p>\u2013 Ingen (i klubbhierarkiet) forst\u00e5r klubben. Se bare p\u00e5 hvordan Kobbie Mainoo har blitt behandlet. Han spiller ikke \u2013 greit nok, noen ganger har du som manager rett og slett ikke sansen for en spiller.<\/p>\n<p>\u2013 Men n\u00e5r de ikke spiller godt, og med tanke p\u00e5 det han allerede har gjort i kamp som s\u00e5 ung, matchvinnerscoringen i FA-cupfinalen, og at han spilte nesten hver kamp i EM. Jeg vedder p\u00e5 at han pisser p\u00e5 Casemiro hver eneste dag p\u00e5 trening, sier Scholes.<\/p>\n<p>                <img decoding=\"async\" src=\"https:\/\/www.europesays.com\/no\/wp-content\/uploads\/2025\/12\/1407895.webp\" width=\"480\" height=\"274\" title=\"\u2013 Ingen av dem forst\u00e5r klubben\" alt=\"Kobbie Mainoo mot Wolverhampton.\" loading=\"lazy\" style=\"\"\/><\/p>\n<p>            James Gill &#8211; Danehouse\n        <\/p>\n<p>S\u00e5 rettet 51-\u00e5ringen enda hardere kritikk mot Amorim.<\/p>\n<p>\u2013 Jeg tror ikke manageren forst\u00e5r denne klubben. Punktum. Jeg tror bare ikke han er rett mann. Manchester United handler om risiko og underholdning, og holde fansen ytterst p\u00e5 stolene. Vinger som passerer folk, skudd p\u00e5 m\u00e5l. Det ser vi ingenting av, sier Scholes.<\/p>\n<p>\u2013 Det gjelder flere i klubben. Vi snakker om hvordan det er en annen klubb enn tidligere. De har Omar Berrada og Jason Wilcox, som sikkert er str\u00e5lende p\u00e5 det de driver med, men de er ikke Man United, de aner ikke hva det inneb\u00e6rer \u00e5 kj\u00f8pe en Man United-spiller og hente en Man United-manager.<\/p>\n<p>Han mener United-ledelsen aldri burde ansatt en trener som spiller med en trebackslinje.\u00a0<\/p>\n<p>\u2013 Hvis du drar til Sporting og ser at de spiller med tre bak, burde det v\u00e6rt et nei umiddelbart, siden Man United aldri gj\u00f8r det. Du kan ikke gj\u00f8re det, det har blitt bevist \u00e5r etter \u00e5r, ogs\u00e5 f\u00f8r Sir Alex Ferguson. Det har alltid v\u00e6rt 4-4-1-1 eller 4-4-2 og \u00e5 underholde folk.<\/p>\n<p>                <img decoding=\"async\" src=\"https:\/\/www.europesays.com\/no\/wp-content\/uploads\/2025\/12\/111541.webp\" width=\"480\" height=\"274\" title=\"B\u00e5de Butt og Scholes hadde suksessrike United-karrierer.\" alt=\"\" loading=\"lazy\" style=\"\"\/><\/p>\n<p>\n            B\u00e5de Butt og Scholes hadde suksessrike United-karrierer.<\/p>\n<p>\u2013 Han har det ikke i seg. Det er derfor jeg trekker fram Jason Wilcox og Omar Berrada. De dro sikkert og s\u00e5 p\u00e5 Sporting. Hvordan kunne de tenke at dette var en United-manager?<\/p>\n<p>\u2013 Han forst\u00e5r det bare ikke<\/p>\n<p>Podcasten kom ut i kj\u00f8lvannet av Uniteds 1-1-kamp mot West Ham p\u00e5 Old Trafford. Scholes kritiserer Amorim for \u00e5 v\u00e6re altfor defensiv.<\/p>\n<p>\u2013 Han sendte innp\u00e5 fire forsvarere mot West Ham. Hvis vi gikk opp i 1-0, sa manageren alltid at vi skulle g\u00e5 for to, tre og fire. Han forst\u00e5r det bare ikke. Jeg tror ingen i klubben forst\u00e5r United.<\/p>\n<p>\u2013 N\u00e5r du ser et Premier League-lag n\u00e5, kan du se hva de pr\u00f8ver p\u00e5. Jeg vet ikke hva Manchester United pr\u00f8ver p\u00e5, det er et rot. Jeg ser ingen spillem\u00f8nstre som kan \u00e5pne opp lag, sier Scholes.<\/p>\n<p>        <a itemprop=\"url\" class=\"\" href=\"https:\/\/www.united.no\/nyheter\/scholes-slettet-amorim-angrep-drittpreik\/1407169\" data-k5a-url=\"https:\/\/www.united.no\/a\/1407169\" rel=\"nofollow noopener\" target=\"_blank\"><\/p>\n<p>            Scholes slettet Amorim-angrep: \u2013 Drittpreik!<\/p>\n<p>        <\/a><\/p>\n","protected":false},"excerpt":{"rendered":"Quality Sport Images TIL FRONTALANGREP P\u00c5 UNITED-LEDELSEN: Paul Scholes og Nicky Butt har startet podcasten The Good, The&hellip;\n","protected":false},"author":2,"featured_media":111972,"comment_status":"","ping_status":"","sticky":false,"template":"","format":"standard","meta":{"footnotes":""},"categories":[59],"tags":[30,28,29,83,82],"class_list":{"0":"post-111971","1":"post","2":"type-post","3":"status-publish","4":"format-standard","5":"has-post-thumbnail","7":"category-sport","8":"tag-no","9":"tag-norge","10":"tag-norway","11":"tag-sport","12":"tag-sports"},"share_on_mastodon":{"url":"https:\/\/pubeurope.com\/@no\/115711401496095505","error":""},"_links":{"self":[{"href":"https:\/\/www.europesays.com\/no\/wp-json\/wp\/v2\/posts\/111971","targetHints":{"allow":["GET"]}}],"collection":[{"href":"https:\/\/www.europesays.com\/no\/wp-json\/wp\/v2\/posts"}],"about":[{"href":"https:\/\/www.europesays.com\/no\/wp-json\/wp\/v2\/types\/post"}],"author":[{"embeddable":true,"href":"https:\/\/www.europesays.com\/no\/wp-json\/wp\/v2\/users\/2"}],"replies":[{"embeddable":true,"href":"https:\/\/www.europesays.com\/no\/wp-json\/wp\/v2\/comments?post=111971"}],"version-history":[{"count":0,"href":"https:\/\/www.europesays.com\/no\/wp-json\/wp\/v2\/posts\/111971\/revisions"}],"wp:featuredmedia":[{"embeddable":true,"href":"https:\/\/www.europesays.com\/no\/wp-json\/wp\/v2\/media\/111972"}],"wp:attachment":[{"href":"https:\/\/www.europesays.com\/no\/wp-json\/wp\/v2\/media?parent=111971"}],"wp:term":[{"taxonomy":"category","embeddable":true,"href":"https:\/\/www.europesays.com\/no\/wp-json\/wp\/v2\/categories?post=111971"},{"taxonomy":"post_tag","embeddable":true,"href":"https:\/\/www.europesays.com\/no\/wp-json\/wp\/v2\/tags?post=111971"}],"curies":[{"name":"wp","href":"https:\/\/api.w.org\/{rel}","templated":true}]}}