{"id":111975,"date":"2025-12-13T08:55:09","date_gmt":"2025-12-13T08:55:09","guid":{"rendered":"https:\/\/www.europesays.com\/no\/111975\/"},"modified":"2025-12-13T08:55:09","modified_gmt":"2025-12-13T08:55:09","slug":"sandnessjoen-julebord-naken-mann-vandret-rundt-pa-hotellet","status":"publish","type":"post","link":"https:\/\/www.europesays.com\/no\/111975\/","title":{"rendered":"Sandnessj\u00f8en, Julebord | Naken mann vandret rundt p\u00e5 hotellet"},"content":{"rendered":"\n<p>Politiet rykket ut til Scandic Sandnessj\u00f8en etter melding fra ansatte om en overstadig beruset og naken mann som vandret rundt i gangene. Det meldte politiet i Nordland klokka 02:31 natt til l\u00f8rdag.<\/p>\n<p>&#8211; Vedkommende hadde f\u00e5tt i seg for mye alkohol etter et julebord og blir ivaretatt av en kompis. Patruljen har bist\u00e5tt med \u00e5 f\u00e5 dem trygt hjem til sin adresse, opplyser operasjonsleder Thomas Jarn\u00e6s Coe. <\/p>\n","protected":false},"excerpt":{"rendered":"Politiet rykket ut til Scandic Sandnessj\u00f8en etter melding fra ansatte om en overstadig beruset og naken mann som&hellip;\n","protected":false},"author":2,"featured_media":6042,"comment_status":"","ping_status":"","sticky":false,"template":"","format":"standard","meta":{"footnotes":""},"categories":[5],"tags":[36,20,21,24,25,15,19,5592,22,23,17,18,13,30,28,29,14,16,13702,1953,1510,26,27],"class_list":{"0":"post-111975","1":"post","2":"type-post","3":"status-publish","4":"format-standard","5":"has-post-thumbnail","7":"category-overskrifter","8":"tag-art","9":"tag-breaking-news","10":"tag-breakingnews","11":"tag-featured-news","12":"tag-featurednews","13":"tag-headlines","14":"tag-hovedoppslag","15":"tag-julebord","16":"tag-latest-news","17":"tag-latestnews","18":"tag-main-news","19":"tag-mainnews","20":"tag-news","21":"tag-no","22":"tag-norge","23":"tag-norway","24":"tag-nyheter","25":"tag-overskrifter","26":"tag-overstadig-beruset","27":"tag-sandnessjoen","28":"tag-story","29":"tag-top-stories","30":"tag-topstories"},"share_on_mastodon":{"url":"https:\/\/pubeurope.com\/@no\/115711424945645830","error":""},"_links":{"self":[{"href":"https:\/\/www.europesays.com\/no\/wp-json\/wp\/v2\/posts\/111975","targetHints":{"allow":["GET"]}}],"collection":[{"href":"https:\/\/www.europesays.com\/no\/wp-json\/wp\/v2\/posts"}],"about":[{"href":"https:\/\/www.europesays.com\/no\/wp-json\/wp\/v2\/types\/post"}],"author":[{"embeddable":true,"href":"https:\/\/www.europesays.com\/no\/wp-json\/wp\/v2\/users\/2"}],"replies":[{"embeddable":true,"href":"https:\/\/www.europesays.com\/no\/wp-json\/wp\/v2\/comments?post=111975"}],"version-history":[{"count":0,"href":"https:\/\/www.europesays.com\/no\/wp-json\/wp\/v2\/posts\/111975\/revisions"}],"wp:featuredmedia":[{"embeddable":true,"href":"https:\/\/www.europesays.com\/no\/wp-json\/wp\/v2\/media\/6042"}],"wp:attachment":[{"href":"https:\/\/www.europesays.com\/no\/wp-json\/wp\/v2\/media?parent=111975"}],"wp:term":[{"taxonomy":"category","embeddable":true,"href":"https:\/\/www.europesays.com\/no\/wp-json\/wp\/v2\/categories?post=111975"},{"taxonomy":"post_tag","embeddable":true,"href":"https:\/\/www.europesays.com\/no\/wp-json\/wp\/v2\/tags?post=111975"}],"curies":[{"name":"wp","href":"https:\/\/api.w.org\/{rel}","templated":true}]}}