{"id":111977,"date":"2025-12-13T08:57:43","date_gmt":"2025-12-13T08:57:43","guid":{"rendered":"https:\/\/www.europesays.com\/no\/111977\/"},"modified":"2025-12-13T08:57:43","modified_gmt":"2025-12-13T08:57:43","slug":"matte-ha-hjelp-av-mentaltrener","status":"publish","type":"post","link":"https:\/\/www.europesays.com\/no\/111977\/","title":{"rendered":"M\u00e5tte ha hjelp av mentaltrener"},"content":{"rendered":"<p>Mange kjente Viggo Venn (36) kun som den g\u00f8yale fyren med refleksvestene, han med h\u00e5ret til alle kanter som vant det britiske talentprogrammet \u00abBritain\u00b4s got talent\u00bb sommeren 2023.\u00a0<\/p>\n<p>Denne h\u00f8sten har han imponert og ber\u00f8rt i TV 2-programmet \u00abSkal vi danse.\u00bb Gjennom dansen har han fortalt om stor sorg og lammende angst.<\/p>\n<p>Men kanskje var det ikke annet \u00e5 forvente fra en klovn?<\/p>\n<p>&#8211; Jeg tror folk i Norge ikke har den samme forst\u00e5elsen av ordet klovn som man har i utlandet. Jan Thomas har v\u00e6rt opptatt av hvem mannen bak maska er, men \u2026<\/p>\n<p class=\"font-weight-bold m-font-weight-bold\" data-lab-font_weight=\"font-weight-bold\">&#8211; Jeg har g\u00e5tt p\u00e5 teaterskole hvor det er fullmaske, halvmaske og den r\u00f8de nesa, som er den lille maska &#8211; og den skal egentlig vise mer s\u00e5rbarhet. Den er ikke til \u00e5 gjemme seg bak, den er til \u00e5 vise alt med.<\/p>\n<p>    <a itemprop=\"url\" href=\"https:\/\/www.kk.no\/samliv\/slik-blir-han-forelsket-i-deg-mange-tor-ikke-prove-dette-i-dag\/75630830\" rel=\"nofollow noopener\" target=\"_blank\"><\/p>\n<p>        <img loading=\"lazy\" decoding=\"async\" src=\"https:\/\/www.europesays.com\/no\/wp-content\/uploads\/2025\/12\/82416692.webp\" width=\"980\" height=\"441\" title=\"Slik blir han forelsket i deg: - Mange t\u00f8r ikke pr\u00f8ve dette i dag\" alt=\"\" class=\"lazyload\" style=\"--aspect-ratio-image: 2.22; \"\/><\/p>\n<p>        Slik blir han forelsket i deg: &#8211; Mange t\u00f8r ikke pr\u00f8ve dette i dag<\/p>\n<p>    <\/a><\/p>\n<p>Klare for semifinale\t<\/p>\n<p>Vi gikk inn p\u00e5 dansesenteret p\u00e5 Torshov i Oslo der kjendisene pleier \u00e5 trene med proffdanserne og svosj s\u00e5 var i \u00abdansebobla.\u00bb Denne kvelden finner vi ikke bare Viggo, men ogs\u00e5 de andre deltakerne som er klare for l\u00f8rdagens seminfinale: Tirill Eckhoff, Danby Choi og Tale Torjussen.<\/p>\n<p>Lett henslengte i lyse sofaer, kveldssigne i ansiktene etter en nok en lang dag med \u00f8ving.<\/p>\n<p>        <img loading=\"lazy\" decoding=\"async\" src=\"https:\/\/www.europesays.com\/no\/wp-content\/uploads\/2025\/12\/83976403.webp\" width=\"686\" height=\"426\" title=\"KONKURRENTER: Tale Torjussen og dansepartner Antonio Careri kommer til \u00e5 gi Viggo sterk konkurranse. Foto: NTB\" alt=\"\" class=\"\" style=\"--aspect-ratio-image: 1.61; \"\/><\/p>\n<p>\n        KONKURRENTER: Tale Torjussen og dansepartner Antonio Careri kommer til \u00e5 gi Viggo sterk konkurranse. Foto: NTB\n    <\/p>\n<p>Det er lett \u00e5 forvente ableg\u00f8yer n\u00e5r man m\u00f8ter en klovn, men Viggo er kledd i svart skjorte, svart bukse, gir en h\u00f8flig klem og finner fram til et sterilt kontor der det kan snakkes uforstyrret.<\/p>\n<p>Snart skal han fortelle om den tyngste perioden i livet, som ensom, skamfull \u00f8konomistudent.<\/p>\n<p>Om vendepunktet der alt snudde. Om den br\u00e5 angsten som rammet midtveis i \u00abSkal vi danse\u00bb\u00a0 &#8211; og mentaltrenerens forl\u00f8sende ord.<\/p>\n<p>    <a itemprop=\"url\" href=\"https:\/\/www.kk.no\/underholdning\/for-meg-er-det-normalt\/83953765\" rel=\"nofollow noopener\" target=\"_blank\"><\/p>\n<p>        <img loading=\"lazy\" decoding=\"async\" src=\"https:\/\/www.europesays.com\/no\/wp-content\/uploads\/2025\/12\/1765616234_473_83953957.webp\" width=\"980\" height=\"441\" title=\"- For meg er det normalt\" alt=\"\" class=\"lazyload\" style=\"--aspect-ratio-image: 2.22; \"\/><\/p>\n<p>        &#8211; For meg er det normalt<\/p>\n<p>    <\/a><\/p>\n<p>Ekstremt tett p\u00e5 hverandre\t<\/p>\n<p>Men aller f\u00f8rst: H\u00e5r og romanserykter. I l\u00f8pet av h\u00f8sten har det skjedd en stor forandring p\u00e5 Viggos hode: Den store bustete \u00abklovnehamen\u00bb er borte. Det var da han skulle danse wienervalsen til \u00e6re for bestevennen, han f\u00f8rst klippet det kortere.<\/p>\n<p>        <img loading=\"lazy\" decoding=\"async\" src=\"https:\/\/www.europesays.com\/no\/wp-content\/uploads\/2025\/12\/83893523.webp\" width=\"686\" height=\"392\" title=\"KLOVN: Viggo med full klovnemanke under presselanseringen av \u00abSkal vi danse.\u00bb Foto: Espen Solli \/ TV 2\" alt=\"\" class=\"\" style=\"--aspect-ratio-image: 1.75; \"\/><\/p>\n<p>\n        KLOVN: Viggo med full klovnemanke under presselanseringen av \u00abSkal vi danse.\u00bb Foto: Espen Solli \/ TV 2\n    <\/p>\n<p>Siden har h\u00e5ret blitt stadig kortere. \u00abSom \u00e5 se Brad Pitt\u00bb jublet Jan Thomas i dommerpanelet.<\/p>\n<p class=\"italic m-italic\" data-lab-italic=\"italic\">&#8211; Det er deilig \u00e5 slippe \u00e5 v\u00e6re Viggo Venn, sa du i et intervju etter h\u00e5rklippen &#8211; hva legger du i det?<\/p>\n<p>&#8211; Jeg har jo ikke s\u00e5nn busteh\u00e5r til vanlig, det har v\u00e6rt maska eller klovnenesa p\u00e5 en m\u00e5te. S\u00e5 har jeg oppdaget litt nye sider ved meg selv &#8211; jeg har blitt skikkelig glad i \u00e5 danse.<\/p>\n<p class=\"italic m-italic\" data-lab-italic=\"italic\">&#8211; Hvordan er det \u00e5 v\u00e6re s\u00e5 tett p\u00e5 et annet menneske &#8211; og til \u00e5 begynne med &#8211; vilt fremmed menneske?<\/p>\n<p>&#8211; Vi er ekstremt tett p\u00e5 hverandre og er ekstremt mye sammen &#8211; men det ble veldig naturlig ganske fort. Danserne er s\u00e5 proffe, sier Viggo og fortsetter med en hyllest av sin dansepartner Rikke Lund.<\/p>\n<p>        <img loading=\"lazy\" decoding=\"async\" src=\"https:\/\/www.europesays.com\/no\/wp-content\/uploads\/2025\/12\/83863849.webp\" width=\"686\" height=\"645\" title=\"RIGGO: Viggo Venn og Rikke Lund - eller Riggo, som de har begynt \u00e5 kalle seg. - Det er ikke ofte du f\u00e5r jobbe s\u00e5 tett p\u00e5 en annen kunstorm. Jeg har blitt veldig glad i Rikke, forteller Viggo. Foto: TV 2\" alt=\"\" class=\"\" style=\"--aspect-ratio-image: 1.06; \"\/><\/p>\n<p>\n        RIGGO: Viggo Venn og Rikke Lund &#8211; eller Riggo, som de har begynt \u00e5 kalle seg. &#8211; Det er ikke ofte du f\u00e5r jobbe s\u00e5 tett p\u00e5 en annen kunstorm. Jeg har blitt veldig glad i Rikke, forteller Viggo. Foto: TV 2\n    <\/p>\n<p>&#8211; Hun er den skj\u00f8nneste av de skj\u00f8nne og en veldig varm person, samtidig som hun er ekstremt profesjonell. Hun er etter min mening en av de beste koreografene og en meget flink kunstner. Hun pusher meg til det ytterste og vet akkurat hvor grensen g\u00e5r.\u00a0<\/p>\n<p class=\"italic m-italic\" data-lab-italic=\"italic\">&#8211; Jeg kan jo ikke gj\u00f8re et \u00abSkal vi danse\u00bb intervju uten \u00e5 n\u00f8re opp under romanse-rykter om deg og Rikke \u2026 men hun har kanskje kj\u00e6reste?<\/p>\n<p>&#8211; Det vet jeg ikke, sier Viggo.<\/p>\n<p class=\"italic m-italic\" data-lab-italic=\"italic\">&#8211; Vet du ikke det? Snakker dere ikke sammen?<\/p>\n<p class=\"no_italic m-no_italic\" data-lab-italic=\"\">Viggo ler.<\/p>\n<p>&#8211; Jeg snakker mer med Rikke enn min egen familie &#8211; jeg har nesten ikke sett dem denne h\u00f8sten. Vi skravler hele dagen lang. Men nei, det f\u00e5r du sp\u00f8rre henne om.<\/p>\n<p>    <a itemprop=\"url\" href=\"https:\/\/www.kk.no\/underholdning\/det-er-deilig-a-ikke-se-ut-som-viggo-venn\/83893492\" rel=\"nofollow noopener\" target=\"_blank\"><\/p>\n<p>        <img loading=\"lazy\" decoding=\"async\" src=\"https:\/\/www.europesays.com\/no\/wp-content\/uploads\/2025\/12\/83893525.webp\" width=\"980\" height=\"441\" title=\"- Det er deilig \u00e5 ikke se ut som Viggo Venn\" alt=\"\" class=\"lazyload\" style=\"--aspect-ratio-image: 2.22; \"\/><\/p>\n<p>        &#8211; Det er deilig \u00e5 ikke se ut som Viggo Venn <\/p>\n<p>    <\/a><\/p>\n<p>Ville danse for bestevennen\t<\/p>\n<p>Han takket ja til \u00abSkal vi danse\u00bb fordi han ville l\u00e6re seg dansene som bestekompisen pleide \u00e5 danse.<\/p>\n<p>Kristoffer Guren var sportsdanser p\u00e5 internasjonalt niv\u00e5, og ble revet bort i en trafikkulykke bare 17 \u00e5r gammel, i 2008.<\/p>\n<p>&#8211; Han var min beste venn da jeg var ung. Vi var veldig n\u00e6re.<\/p>\n<p class=\"italic m-italic\" data-lab-italic=\"italic\">&#8211; Hvordan har det v\u00e6rt \u00e5 koble seg p\u00e5 det livet han levde?<\/p>\n<p>Viggo lyser opp i et smil.<\/p>\n<p>&#8211; Jeg har jo skj\u00f8nt hvorfor han brukte all tiden sin p\u00e5 det. Det er s\u00e5 mye som er bra med dans &#8211; som \u00e5 komme tett p\u00e5 en partner og \u00e5 bevege seg. Og n\u00e5r man f\u00e5r til ting, er det mestringsf\u00f8lelse, som er veldig g\u00f8y.<\/p>\n<p>    <a itemprop=\"url\" href=\"https:\/\/www.kk.no\/livet\/den-jula-ble-det-mye-grining\/83904030\" rel=\"nofollow noopener\" target=\"_blank\"><\/p>\n<p>        <img loading=\"lazy\" decoding=\"async\" src=\"https:\/\/www.europesays.com\/no\/wp-content\/uploads\/2025\/12\/1765616239_160_83904633.webp\" width=\"980\" height=\"441\" title=\"- Den jula ble det mye grining\" alt=\"\" class=\"lazyload\" style=\"--aspect-ratio-image: 2.22; \"\/><\/p>\n<p>        &#8211; Den jula ble det mye grining<\/p>\n<p>    <\/a><\/p>\n<p>Gr\u00e5t\t<\/p>\n<p>Det var i den femte sendingen av programmet, da temaet var \u00abMin drivkraft\u00bb, han for f\u00f8rste gang fortalte om tapet av den gode vennen &#8211; og danset til \u00e6re for ham s\u00e5 hele Norge gr\u00e5t.<\/p>\n<p>&#8211; Jeg gr\u00e5t selv ogs\u00e5, da jeg s\u00e5 programmet dagen etter, forteller Viggo.<\/p>\n<p>        <img loading=\"lazy\" decoding=\"async\" src=\"https:\/\/www.europesays.com\/no\/wp-content\/uploads\/2025\/12\/83799070.webp\" width=\"686\" height=\"392\" title=\"BER\u00d8RTE: Ikke et \u00f8ye var t\u00f8rt da Viggo hedret sin d\u00f8de bestevenn med en dans. Foto: Thomas Andersen \/ TV 2\" alt=\"\" class=\"\" style=\"--aspect-ratio-image: 1.75; \"\/><\/p>\n<p>\n        BER\u00d8RTE: Ikke et \u00f8ye var t\u00f8rt da Viggo hedret sin d\u00f8de bestevenn med en dans. Foto: Thomas Andersen \/ TV 2\n    <\/p>\n<p>At han \u00e5pnet opp om tapet f\u00f8rte ogs\u00e5 til en overraskende gjenforening med henne som hadde v\u00e6rt Kristoffers dansepartner, som ogs\u00e5 var en av Norges beste dansere den gangen.<\/p>\n<p>17 \u00e5r etter at de begge mistet en sentral person i sitt liv, m\u00f8ttes de to igjen.<\/p>\n<p>Siden har hun v\u00e6rt p\u00e5 hver eneste sending, forteller Viggo med et smil.<\/p>\n<p>&#8211; Vi hadde ikke snakket med hverandre siden han d\u00f8de, men n\u00e5 har vi blitt gjenforent. Det var veldig magisk. Vi var begge litt nerv\u00f8se for \u00e5 prate med hverandre igjen, det var litt sensitivt p\u00e5 en m\u00e5te. Vi hadde begge hatt lyst til \u00e5 ta kontakt og endelig s\u00e5 turte vi begge to. S\u00e5 n\u00e5 sitter hun og heier og skriker og skr\u00e5ler under hver sending og er veldig glad for at det g\u00e5r s\u00e5 bra.<\/p>\n<p>    <a itemprop=\"url\" href=\"https:\/\/www.kk.no\/livet\/roper-ny-jobb-1\/83932134\" rel=\"nofollow noopener\" target=\"_blank\"><\/p>\n<p>        <img loading=\"lazy\" decoding=\"async\" src=\"https:\/\/www.europesays.com\/no\/wp-content\/uploads\/2025\/12\/1765616242_914_83932227.webp\" width=\"980\" height=\"441\" title=\"R\u00f8per ny jobb\" alt=\"\" class=\"lazyload\" style=\"--aspect-ratio-image: 2.22; \"\/><\/p>\n<p>        R\u00f8per ny jobb<\/p>\n<p>    <\/a><\/p>\n<p>&#8211; En enorm angstf\u00f8lelse\t<\/p>\n<p>Det skjedde ogs\u00e5 noe annet forunderlig p\u00e5 \u00abSkal vi danse\u00bb denne h\u00f8sten. I et ti\u00e5r hadde Viggo st\u00e5tt p\u00e5 scenen verden rundt og tjent til salt i s\u00e5ret ved \u00e5 vise fram sine feil foran et publikum.<\/p>\n<p>S\u00e5 glemte han noen trinn under Halloween-sendingen og krasjet inn i Rikke.<\/p>\n<p>        <img loading=\"lazy\" decoding=\"async\" src=\"https:\/\/www.europesays.com\/no\/wp-content\/uploads\/2025\/12\/83974332.webp\" width=\"686\" height=\"392\" title=\"KOLLIDERTE: Det uheldige \u00f8yeblikket da Viggo falt ut av dansen skapte stor angst. Foto: TV 2\" alt=\"\" class=\"\" style=\"--aspect-ratio-image: 1.75; \"\/><\/p>\n<p>\n        KOLLIDERTE: Det uheldige \u00f8yeblikket da Viggo falt ut av dansen skapte stor angst. Foto: TV 2\n    <\/p>\n<p>&#8211; Da tenkte jeg at dette er det verste som har skjedd meg noensinne. Det var en enorm angstf\u00f8lelse. Dagen etter v\u00e5knet han opp til en sak med et bilde tatt av frontkollisjonen, med overskriften \u00abDatt ut av dansen.\u00bb<\/p>\n<p>&#8211; Det var vondt \u00e5 lese. Jeg trodde jeg var flink til \u00e5 vise frem feil, men her skal man jo gj\u00f8re det riktig. Jeg er ikke redd for publikum, men jeg er redd for \u00e5 &#8230; Jeg har s\u00e5 lyst til \u00e5 gj\u00f8re det bra, da.<\/p>\n<p>Da han skulle danse for bestevennen han mistet uka etter, forverret angsten seg.<\/p>\n<p>&#8211; Jeg la et stort press p\u00e5 meg selv, for jeg ville levere en god dans til kompisen min.<\/p>\n<p>    <a itemprop=\"url\" href=\"https:\/\/www.kk.no\/underholdning\/har-aldri-vaert-sa-mye-sammen-med-et-menneske-pa-sa-kort-tid\/83873456\" rel=\"nofollow noopener\" target=\"_blank\"><\/p>\n<p>        <img loading=\"lazy\" decoding=\"async\" src=\"https:\/\/www.europesays.com\/no\/wp-content\/uploads\/2025\/12\/1765616246_437_83870117.webp\" width=\"980\" height=\"441\" title=\"- Har aldri v\u00e6rt s\u00e5 mye sammen med et menneske p\u00e5 s\u00e5 kort tid\" alt=\"\" class=\"lazyload\" style=\"--aspect-ratio-image: 2.22; \"\/><\/p>\n<p>        &#8211; Har aldri v\u00e6rt s\u00e5 mye sammen med et menneske p\u00e5 s\u00e5 kort tid<\/p>\n<p>    <\/a><\/p>\n<p>\u00abDet er skam og det er vondt\u00bb\t<\/p>\n<p>Det var p\u00e5 eget initiativ han kontaktet en mentaltrener.<\/p>\n<p>\u00abDu m\u00e5 huske p\u00e5 at du gj\u00f8r noe du ikke kan &#8211; du kan ikke forvente \u00e5 gj\u00f8re det perfekt. Det er umulig\u00bb sa mentaltreneren.<\/p>\n<p>&#8211; Det var en skikkelig \u00f8ye\u00e5pner. Ogs\u00e5 proffdanserne sier at man alltid gj\u00f8r en feil eller to &#8211; det viktigste er at man fortsetter.<\/p>\n<p>Mentaltreneren gjorde ogs\u00e5 noe annet.<\/p>\n<p>Han ba Viggo om \u00e5 g\u00e5 tilbake til det det vonde krasj-\u00f8yeblikket og kjenne p\u00e5 alle f\u00f8lelsene det utl\u00f8ste.<\/p>\n<p>&#8211; Og jeg bare: Det er skam og det er vondt \u2026 Og han bare: Men det er ikke farlig \u2026<\/p>\n<p>Viggos ansikt lyser opp over den avgj\u00f8rende innsikten.<\/p>\n<p>&#8211; Det er ikke farlig, det er jo d\u00e9t som er angst &#8211; det er noe du skaper selv. Den neste dansen danset jeg med hatt og stokk og hadde det veldig g\u00f8y. Da gikk vi plutselig helt til topps. Siden har det bare v\u00e6rt skikkelig moro \u00e5 danse.<\/p>\n<p>    <a itemprop=\"url\" href=\"https:\/\/www.kk.no\/underholdning\/far-sterk-kritikk-for-dette-1\/83892757\" rel=\"nofollow noopener\" target=\"_blank\"><\/p>\n<p>        <img loading=\"lazy\" decoding=\"async\" src=\"https:\/\/www.europesays.com\/no\/wp-content\/uploads\/2025\/12\/83892920.webp\" width=\"980\" height=\"441\" title=\"F\u00e5r sterk kritikk for dette\" alt=\"\" class=\"lazyload\" style=\"--aspect-ratio-image: 2.22; \"\/><\/p>\n<p>        F\u00e5r sterk kritikk for dette<\/p>\n<p>    <\/a><\/p>\n<p>Fikk det ikke til\t<\/p>\n<p>Det finnes flere store vendepunkter i Viggos liv. Som humorfestivalen i Skottland som han dro til som 25-\u00e5ring og klovneforestillingen der som forandret alt.<\/p>\n<p>Mens kameraten dro tilbake til hotellet &#8211; han \u00f8nsket p\u00e5 ingen m\u00e5te \u00e5 se en klovneforestilling, satt Viggo alene i salen med resten av publikum og lo s\u00e5 han gr\u00e5t.<\/p>\n<p>Det var ikke bare det at det var det g\u00f8yeste han noen gang hadde sett &#8211; det var ogs\u00e5 noe annet som traff ham hardt.<\/p>\n<p>&#8211; Det var det klovnen viste fram &#8211; han var aller lavest p\u00e5 rangstigen. I gamle dager var det bare klovnen som kunne si sannheten til kongen, fordi han var landsbyidioten som ikke utgjorde noen trussel.<\/p>\n<p>&#8211; Og det f\u00f8lte jeg meg veldig \u00abconnecta\u00bb og dratt til, for jeg var ogs\u00e5 helt p\u00e5 bunnen, forteller Viggo og \u00e5pner opp om en av de tyngste periodene i livet.<\/p>\n<p>Som ung gutt med to ingeni\u00f8rforeldre hadde han det falt seg naturlig \u00e5 velge matte og fysikk p\u00e5 skolen, og fortsette med \u00e5 studere noe fornuftig, som \u00f8konomi.<\/p>\n<p>Han luter nakken og gj\u00f8r om stemmen til en dyp, fornuftig voksenstemme:<\/p>\n<p>\u00abDet er jo lurt \u00e5 gj\u00f8re det &#8211; holde muligheter \u00e5pne, ikke sant?\u00bb<\/p>\n<p>&#8211; Men jeg fiksa det ikke. Jeg likte ikke det jeg studerte og fikk det ikke til.<\/p>\n<p>        <img loading=\"lazy\" decoding=\"async\" src=\"https:\/\/www.europesays.com\/no\/wp-content\/uploads\/2025\/12\/83974323.webp\" width=\"686\" height=\"446\" title=\"ANGST: Viggos prestasjonsangst ble brukt som inspirasjon i \u00abSkal vi danse\u00bb - med Edvard Munchs verdensber\u00f8mte bilde, Skrik som kulisse, som n\u00e6rmest er synonymt med angst. Foto: TV 2\" alt=\"\" class=\"\" style=\"--aspect-ratio-image: 1.54; \"\/><\/p>\n<p>\n        ANGST: Viggos prestasjonsangst ble brukt som inspirasjon i \u00abSkal vi danse\u00bb &#8211; med Edvard Munchs verdensber\u00f8mte bilde, Skrik som kulisse, som n\u00e6rmest er synonymt med angst. Foto: TV 2\n    <\/p>\n<p class=\"italic m-italic\" data-lab-italic=\"italic\">&#8211; Du har skrevet p\u00e5 Instagram at du var en skamfull, ensom \u00f8konomistudent?<\/p>\n<p>&#8211; Du vet, n\u00e5r du ikke f\u00e5r det til og vet at alle liksom skal f\u00e5 det til \u2026 jeg begynte \u00e5 isolere meg litt, og det er ikke bra. Det var en veldig vond periode som jeg er veldig glad for at jeg kom meg ut av.<\/p>\n<p>    <a itemprop=\"url\" href=\"https:\/\/www.kk.no\/livet\/jeg-klarte-ikke-synge-og-la-i-fosterstilling-og-grat\/83760714\" rel=\"nofollow noopener\" target=\"_blank\"><\/p>\n<p>        <img loading=\"lazy\" decoding=\"async\" src=\"https:\/\/www.europesays.com\/no\/wp-content\/uploads\/2025\/12\/1765616250_982_83760735.webp\" width=\"980\" height=\"441\" title=\"- Jeg klarte ikke synge, og l\u00e5 i fosterstilling og gr\u00e5t\" alt=\"\" class=\"lazyload\" style=\"--aspect-ratio-image: 2.22; \"\/><\/p>\n<p>        &#8211; Jeg klarte ikke synge, og l\u00e5 i fosterstilling og gr\u00e5t<\/p>\n<p>    <\/a><\/p>\n<p>Ingen verdighet igjen\t<\/p>\n<p>Han befant seg p\u00e5 bunnen &#8211; men det var nettopp dette som gjorde at det kjentes ufarlig \u00e5 utforske den forunderlige dragningen mot klovneriet.<\/p>\n<p>Han meldte seg p\u00e5 en workshop med klovnen som hadde satt s\u00e5 mye i gang. Han s\u00e5 noe i Viggo &#8211; det var noe i \u00f8ynene, sa han.\u00a0<\/p>\n<p>D\u00e9t gjorde at Viggo s\u00f8kte seg til den anerkjente klovneskolen Ecole Philippe Gaulier utenfor Paris.<\/p>\n<p>En skole som ikke handler om blomst med vann i og store sko, men som har utdannet mange kjente komikere og skuespillere, som Sasha Baron Cohen.<\/p>\n<p class=\"italic m-italic\" data-lab-italic=\"italic\">&#8211; \u00c5 droppe \u00f8konomistudier for \u00e5 starte p\u00e5 klovneskole krever da et veldig stort mot?<\/p>\n<p>&#8211; Jeg hadde ingenting \u00e5 tape. For hvis jeg hadde hatt noe verdighet igjen, eller hatt noen forh\u00e5pninger om noe annet, kunne jeg ha byttet til medieproduksjon.<\/p>\n<p>&#8211; Haha, ja for eksempel!<\/p>\n<p>&#8211; Men jeg var helt lost og visste ikke hva jeg skulle gj\u00f8re.<\/p>\n<p>    <a itemprop=\"url\" href=\"https:\/\/www.kk.no\/livet\/skjort-a-la-folk-mene-noe-om-det-som-er-sart\/83801996\" rel=\"nofollow noopener\" target=\"_blank\"><\/p>\n<p>        <img loading=\"lazy\" decoding=\"async\" src=\"https:\/\/www.europesays.com\/no\/wp-content\/uploads\/2025\/12\/83802015.webp\" width=\"980\" height=\"441\" title=\"\u00abSkj\u00f8rt \u00e5 la folk mene noe om det som er s\u00e5rt\u00bb\" alt=\"\" class=\"lazyload\" style=\"--aspect-ratio-image: 2.22; \"\/><\/p>\n<p>        \u00abSkj\u00f8rt \u00e5 la folk mene noe om det som er s\u00e5rt\u00bb<\/p>\n<p>    <\/a><\/p>\n<p>Under fattigdomsgrensa\t<\/p>\n<p>Og s\u00e5, etter to \u00e5r med kjeft fra Philippe, verdens strengeste klovnel\u00e6rer, gikk den tidligere \u00f8konomistudenten i gang med \u00e5 leve ut klovnedr\u00f8mmen.<\/p>\n<p>        <img loading=\"lazy\" decoding=\"async\" src=\"https:\/\/www.europesays.com\/no\/wp-content\/uploads\/2025\/12\/83974330.webp\" width=\"686\" height=\"453\" title=\"L\u00c6REMESTER: Viggo og hans meget strenge l\u00e6rer, Philippe - som var streng med kj\u00e6rlighet i bunnen og fordi han s\u00e5 noe i ham, mener Viggo. Foto: Privat\" alt=\"\" class=\"\" style=\"--aspect-ratio-image: 1.51; \"\/><\/p>\n<p>\n        L\u00c6REMESTER: Viggo og hans meget strenge l\u00e6rer, Philippe &#8211; som var streng med kj\u00e6rlighet i bunnen og fordi han s\u00e5 noe i ham, mener Viggo. Foto: Privat\n    <\/p>\n<p>Sammen med to medelever fra USA og Canada dannet han en liten trupp. Det var bare det at ingen ville booke showet deres. Verken teatrene i Norge eller standup-scenene i England var interesserte.<\/p>\n<p>Viggo ler litt over det komiske som kanskje alltid ligger p\u00e5 lur i alvoret for den som kan se det.<\/p>\n<p>&#8211; Det var ingen som hadde lyst til \u00e5 ha noen klovner. S\u00e5 vi bestemte oss for \u00e5 bare lage showet og reise rundt med det.<\/p>\n<p>        <img loading=\"lazy\" decoding=\"async\" src=\"https:\/\/www.europesays.com\/no\/wp-content\/uploads\/2025\/12\/83974703.webp\" width=\"980\" height=\"559\" title=\"KLOVNENESE: Viggo som yngre klovn. Den r\u00f8de nesa er ikke til \u00e5 gjemme seg bak - men til \u00e5 vise alt med. Foto: Privat\" alt=\"\" class=\"\" style=\"--aspect-ratio-image: 1.75; \"\/><\/p>\n<p>\n        KLOVNENESE: Viggo som yngre klovn. Den r\u00f8de nesa er ikke til \u00e5 gjemme seg bak &#8211; men til \u00e5 vise alt med. Foto: Privat\n    <\/p>\n<p>I fem \u00e5r turnerte de verden rundt, p\u00e5 skitne sm\u00e5 barer, eller p\u00e5 festivaler, som i Australia, der de bodde i telt uten r\u00e5d til saus p\u00e5 pastaen.<\/p>\n<p>&#8211; Det er mange som har spurt om hvordan jeg orket \u00e5 leve under fattigdomsgrensen i s\u00e5 mange \u00e5r, men da jeg endelig hadde funnet noe jeg elsket \u00e5 gj\u00f8re, var jeg forn\u00f8yd uansett.<\/p>\n<p>Etter fem \u00e5r med enormt mange show begynte imidlertid Viggos forestilling \u00e5 vinne priser.<\/p>\n<p>&#8211; Ikke for \u00e5 skryte, men den var veldig morsom. Og da plutselig, s\u00e5 kom folk!<\/p>\n<p>Da klovne-truppen satte opp show i Melbourne kom det seks den f\u00f8rste dagen. Neste dag kom det tolv. S\u00e5 femti &#8211; og p\u00e5 slutten av uka &#8211; og i ukene etter det, var salen fullsatt med 300 tilskuere.<\/p>\n<p>    <a itemprop=\"url\" href=\"https:\/\/www.kk.no\/livet\/sorgen-og-sporsmalene-forsvinner-aldri-helt\/83802589\" rel=\"nofollow noopener\" target=\"_blank\"><\/p>\n<p>        <img loading=\"lazy\" decoding=\"async\" src=\"https:\/\/www.europesays.com\/no\/wp-content\/uploads\/2025\/12\/83802638.webp\" width=\"980\" height=\"441\" title=\"- Sorgen og sp\u00f8rsm\u00e5lene forsvinner aldri helt\" alt=\"\" class=\"lazyload\" style=\"--aspect-ratio-image: 2.22; \"\/><\/p>\n<p>        &#8211; Sorgen og sp\u00f8rsm\u00e5lene forsvinner aldri helt<\/p>\n<p>    <\/a><\/p>\n<p>Roen senket seg\t<\/p>\n<p>Viggo avsluttet det omflakkende livet p\u00e5 topp og flyttet til London sammen med sin dav\u00e6rende kj\u00e6reste. I fem \u00e5r reiste han rundt med sitt eget show i England.<\/p>\n<p>        <img loading=\"lazy\" decoding=\"async\" src=\"https:\/\/www.europesays.com\/no\/wp-content\/uploads\/2025\/12\/83974322.webp\" width=\"686\" height=\"460\" title=\"SYKEHUSKLOVNENE: I mange \u00e5r, mens Viggo bodde i England og dro hjem til jul, tok han alltid vakter hos Sykehusklovnene p\u00e5 Rikshospitalet. De siste tre \u00e5rene har barna imidlertid begynt \u00e5 kjenne ham igjen. Og det g\u00e5r ikke. -Sykehusklovnene skal jo v\u00e6re s\u00e5nne magiske vesener som bare kan dukke opp. Men da har jeg samlet inn penger til dem istedenfor. Foto: Privat\" alt=\"\" class=\"\" style=\"--aspect-ratio-image: 1.49; \"\/><\/p>\n<p>\n        SYKEHUSKLOVNENE: I mange \u00e5r, mens Viggo bodde i England og dro hjem til jul, tok han alltid vakter hos Sykehusklovnene p\u00e5 Rikshospitalet. De siste tre \u00e5rene har barna imidlertid begynt \u00e5 kjenne ham igjen. Og det g\u00e5r ikke. -Sykehusklovnene skal jo v\u00e6re s\u00e5nne magiske vesener som bare kan dukke opp. Men da har jeg samlet inn penger til dem istedenfor. Foto: Privat\n    <\/p>\n<p>Da det popul\u00e6re talent-programmet \u00abBritain&#8217;s got talent!\u00bb gjerne ville ha ham med, hadde Viggo ingen forventninger.<\/p>\n<p>&#8211; Jeg var jo der litt p\u00e5 tull, selv om jeg visste at nummeret mitt var veldig morsomt. Folk visste ikke at jeg hadde st\u00e5tt enormt mange timer p\u00e5 scenen og jobbet veldig hardt. Jeg visste at hvis jeg bare fikk et publikum, ville de like det.<\/p>\n<p>Resten er tv-historie. Med et innslag basert p\u00e5 noe s\u00e5 tullete som \u00e5 komme kledd i hundreog\u00f8rten refleksvester og rive dem av seg en etter en, til Daft Punk l\u00e5ta \u00abOne more time\u00bb, vant han programmet og prispengene p\u00e5 rundt 3,5 millioner kroner.<\/p>\n<p>        <img loading=\"lazy\" decoding=\"async\" src=\"https:\/\/www.europesays.com\/no\/wp-content\/uploads\/2025\/12\/79450195.webp\" width=\"686\" height=\"392\" title=\"SELVLYSENDE MINNE: Vinner\u00f8yeblikket i \u00abBritain\u00b4s got talent.\u00bb Foto: Dymond\/Thames\/Shutterstock\" alt=\"\" class=\"\" style=\"--aspect-ratio-image: 1.75; \"\/><\/p>\n<p>\n        SELVLYSENDE MINNE: Vinner\u00f8yeblikket i \u00abBritain\u00b4s got talent.\u00bb Foto: Dymond\/Thames\/Shutterstock\n    <\/p>\n<p class=\"italic m-italic\" data-lab-italic=\"italic\">&#8211; Du kom tilbake som profet i eget land med flere millioner p\u00e5 konto &#8211; hvordan var det?<\/p>\n<p>&#8211; Jeg har lest et eller annet sted at det er forsket p\u00e5 blodtrykket til nordmenn som lander p\u00e5 Gardermoen. Roen senker seg idet du lander der. Fordi det er en f\u00f8lelse av at n\u00e5 er det trygt, n\u00e5 er det hjemme. Det har jeg f\u00f8lt p\u00e5. Det er f\u00f8rste h\u00f8sten p\u00e5 elleve \u00e5r jeg har hatt litt ro og g\u00e5tt til det samme stedet hver dag, hit, til dansesenteret.<\/p>\n<p class=\"italic m-italic\" data-lab-italic=\"italic\">&#8211; Det har v\u00e6rt beinhard trening, men du har funnet roen i det?<\/p>\n<p>Viggo ler litt over det lett komiske paradokset.<\/p>\n<p>&#8211; Ja, og vi er skadet hele gjengen. Men jeg har f\u00e5tt klippet h\u00e5ret og \u2026 det har v\u00e6rt skikkelig fint alt sammen. Det har f\u00f8ltes veldig som \u00e5 komme hjem. Folk har tatt s\u00e5 godt imot meg og satt pris p\u00e5 dansen ogs\u00e5. Det varmer veldig &#8211; for jeg har jo lyst til \u00e5 dra p\u00e5 turn\u00e9 i Norge ogs\u00e5.<\/p>\n<p>    <a itemprop=\"url\" href=\"https:\/\/www.kk.no\/underholdning\/hun-kom-inn-i-livet-mitt-da-jeg-var-atte-ar\/83794734\" rel=\"nofollow noopener\" target=\"_blank\"><\/p>\n<p>        <img loading=\"lazy\" decoding=\"async\" src=\"https:\/\/www.europesays.com\/no\/wp-content\/uploads\/2025\/12\/83795467.webp\" width=\"980\" height=\"441\" title=\"- Hun kom inn i livet mitt da jeg var \u00e5tte \u00e5r\" alt=\"\" class=\"lazyload\" style=\"--aspect-ratio-image: 2.22; \"\/><\/p>\n<p>        &#8211; Hun kom inn i livet mitt da jeg var \u00e5tte \u00e5r<\/p>\n<p>    <\/a><\/p>\n<p>Viggo Vennel\u00f8s\t<\/p>\n<p>N\u00e5r han neste h\u00f8st legger ut p\u00e5 turn\u00e9 med showet \u00abViggo Vennel\u00f8s\u00bb, er det som en voksnere versjon, mener han selv.<\/p>\n<p>        <img loading=\"lazy\" decoding=\"async\" src=\"https:\/\/www.europesays.com\/no\/wp-content\/uploads\/2025\/12\/83974331.webp\" width=\"686\" height=\"824\" title=\"- M\u00e5tte ha hjelp av mentaltrener\" alt=\"\" class=\"\" style=\"--aspect-ratio-image: 0.83; \"\/><\/p>\n<p>Noe det helt nye showet ogs\u00e5 vil b\u00e6re preg av &#8211; det vil bli i et roligere tempo, helt uten refleksvester og ikke bare best\u00e5 av humor men ogs\u00e5 med innslag av dans &#8211; som han h\u00e5per Rikke har mulighet til \u00e5 koreografere.<\/p>\n<p>Akkurat n\u00e5 er det hun som er kvinnen i hans liv &#8211; mens kj\u00e6rligheten f\u00e5r vente til 2026.<\/p>\n<p>&#8211; Hva h\u00e5per du for deg selv i det nye \u00e5ret?<\/p>\n<p>\u00a0&#8211; Jeg h\u00e5per jo at jeg ikke bare blir \u00abVennel\u00f8s\u00bb til neste \u00e5r, men at jeg kanskje kan f\u00e5 kommet meg p\u00e5 en date og finner kj\u00e6rligheten!<\/p>\n<p class=\"italic m-italic\" data-lab-italic=\"italic\">&#8211; Hva ser du etter i en kj\u00e6reste?<\/p>\n<p>&#8211; Jeg ser etter noen som er snille og gode og som kan danse. Det m\u00e5 ikke v\u00e6re en danser &#8211; men det hadde v\u00e6rt g\u00f8y hvis hun hadde v\u00e6rt med p\u00e5 en liten salsa, ler Viggo.<\/p>\n","protected":false},"excerpt":{"rendered":"Mange kjente Viggo Venn (36) kun som den g\u00f8yale fyren med refleksvestene, han med h\u00e5ret til alle kanter&hellip;\n","protected":false},"author":2,"featured_media":111978,"comment_status":"","ping_status":"","sticky":false,"template":"","format":"standard","meta":{"footnotes":""},"categories":[58],"tags":[71,4016,30,28,29,2280,72,2290],"class_list":{"0":"post-111977","1":"post","2":"type-post","3":"status-publish","4":"format-standard","5":"has-post-thumbnail","7":"category-underholdning","8":"tag-entertainment","9":"tag-livet","10":"tag-no","11":"tag-norge","12":"tag-norway","13":"tag-skal-vi-danse","14":"tag-underholdning","15":"tag-viggo-venn"},"share_on_mastodon":{"url":"https:\/\/pubeurope.com\/@no\/115711433114789101","error":""},"_links":{"self":[{"href":"https:\/\/www.europesays.com\/no\/wp-json\/wp\/v2\/posts\/111977","targetHints":{"allow":["GET"]}}],"collection":[{"href":"https:\/\/www.europesays.com\/no\/wp-json\/wp\/v2\/posts"}],"about":[{"href":"https:\/\/www.europesays.com\/no\/wp-json\/wp\/v2\/types\/post"}],"author":[{"embeddable":true,"href":"https:\/\/www.europesays.com\/no\/wp-json\/wp\/v2\/users\/2"}],"replies":[{"embeddable":true,"href":"https:\/\/www.europesays.com\/no\/wp-json\/wp\/v2\/comments?post=111977"}],"version-history":[{"count":0,"href":"https:\/\/www.europesays.com\/no\/wp-json\/wp\/v2\/posts\/111977\/revisions"}],"wp:featuredmedia":[{"embeddable":true,"href":"https:\/\/www.europesays.com\/no\/wp-json\/wp\/v2\/media\/111978"}],"wp:attachment":[{"href":"https:\/\/www.europesays.com\/no\/wp-json\/wp\/v2\/media?parent=111977"}],"wp:term":[{"taxonomy":"category","embeddable":true,"href":"https:\/\/www.europesays.com\/no\/wp-json\/wp\/v2\/categories?post=111977"},{"taxonomy":"post_tag","embeddable":true,"href":"https:\/\/www.europesays.com\/no\/wp-json\/wp\/v2\/tags?post=111977"}],"curies":[{"name":"wp","href":"https:\/\/api.w.org\/{rel}","templated":true}]}}