{"id":111984,"date":"2025-12-13T09:09:08","date_gmt":"2025-12-13T09:09:08","guid":{"rendered":"https:\/\/www.europesays.com\/no\/111984\/"},"modified":"2025-12-13T09:09:08","modified_gmt":"2025-12-13T09:09:08","slug":"enebolig-i-sandefjord-brenner-ned-har-ikke-fatt-kontakt-med-beboer","status":"publish","type":"post","link":"https:\/\/www.europesays.com\/no\/111984\/","title":{"rendered":"Enebolig i Sandefjord brenner ned \u2013 har ikke f\u00e5tt kontakt med beboer"},"content":{"rendered":"<p class=\"extendedContent hyperion-css-eyn926\" data-test-tag=\"lead-text\">Det er kontroll p\u00e5 brannen, men politiet frykter at en person har brent inne i huset.<\/p>\n<p class=\"paywall hyperion-css-1j42uic\">Eneboligen i Sandefjord som natt til l\u00f8rdag begynte \u00e5 brenne, kommer til \u00e5 brenne ned. Ved 7.30-tiden l\u00f8rdag morgen har politiet fortsatt ikke kommet i kontakt med vedkommende som bor i huset.<\/p>\n<p class=\"paywall hyperion-css-1j42uic\">\u2013 En hypotese er at personen kan v\u00e6re i huset. Men vi vet ikke mer enn at vi ikke har kunnet f\u00e5 kontakt med vedkommende, sier operasjonsleder Roger Aaser til Aftenposten l\u00f8rdag morgen.<\/p>\n<p class=\"paywall hyperion-css-1j42uic\">\u2013 Det er litt for tidlig \u00e5 g\u00e5 inn og s\u00f8ke gjennom huset, s\u00e5 det tar nok noen timer f\u00f8r vi f\u00e5r bekreftet eller avkreftet det, legger han til.<\/p>\n<p class=\"paywall hyperion-css-1j42uic\">Det var full fyr i huset da n\u00f8detatene kom til stedet.<\/p>\n<p class=\"paywall hyperion-css-1j42uic\">Politiet opplyser at huset, et gammelt trehus, kommer til \u00e5 brenne ned.<\/p>\n","protected":false},"excerpt":{"rendered":"Det er kontroll p\u00e5 brannen, men politiet frykter at en person har brent inne i huset. Eneboligen i&hellip;\n","protected":false},"author":2,"featured_media":914,"comment_status":"","ping_status":"","sticky":false,"template":"","format":"standard","meta":{"footnotes":""},"categories":[5],"tags":[20,21,24,25,15,19,22,23,17,18,13,30,28,29,14,16,26,27],"class_list":{"0":"post-111984","1":"post","2":"type-post","3":"status-publish","4":"format-standard","5":"has-post-thumbnail","7":"category-overskrifter","8":"tag-breaking-news","9":"tag-breakingnews","10":"tag-featured-news","11":"tag-featurednews","12":"tag-headlines","13":"tag-hovedoppslag","14":"tag-latest-news","15":"tag-latestnews","16":"tag-main-news","17":"tag-mainnews","18":"tag-news","19":"tag-no","20":"tag-norge","21":"tag-norway","22":"tag-nyheter","23":"tag-overskrifter","24":"tag-top-stories","25":"tag-topstories"},"share_on_mastodon":{"url":"https:\/\/pubeurope.com\/@no\/115711479820627867","error":""},"_links":{"self":[{"href":"https:\/\/www.europesays.com\/no\/wp-json\/wp\/v2\/posts\/111984","targetHints":{"allow":["GET"]}}],"collection":[{"href":"https:\/\/www.europesays.com\/no\/wp-json\/wp\/v2\/posts"}],"about":[{"href":"https:\/\/www.europesays.com\/no\/wp-json\/wp\/v2\/types\/post"}],"author":[{"embeddable":true,"href":"https:\/\/www.europesays.com\/no\/wp-json\/wp\/v2\/users\/2"}],"replies":[{"embeddable":true,"href":"https:\/\/www.europesays.com\/no\/wp-json\/wp\/v2\/comments?post=111984"}],"version-history":[{"count":0,"href":"https:\/\/www.europesays.com\/no\/wp-json\/wp\/v2\/posts\/111984\/revisions"}],"wp:featuredmedia":[{"embeddable":true,"href":"https:\/\/www.europesays.com\/no\/wp-json\/wp\/v2\/media\/914"}],"wp:attachment":[{"href":"https:\/\/www.europesays.com\/no\/wp-json\/wp\/v2\/media?parent=111984"}],"wp:term":[{"taxonomy":"category","embeddable":true,"href":"https:\/\/www.europesays.com\/no\/wp-json\/wp\/v2\/categories?post=111984"},{"taxonomy":"post_tag","embeddable":true,"href":"https:\/\/www.europesays.com\/no\/wp-json\/wp\/v2\/tags?post=111984"}],"curies":[{"name":"wp","href":"https:\/\/api.w.org\/{rel}","templated":true}]}}