{"id":111987,"date":"2025-12-13T09:24:12","date_gmt":"2025-12-13T09:24:12","guid":{"rendered":"https:\/\/www.europesays.com\/no\/111987\/"},"modified":"2025-12-13T09:24:12","modified_gmt":"2025-12-13T09:24:12","slug":"linnea-sofie-19-strekker-ut-en-hjelpende-hand-i-jula-og-her-er-psykologens-fem-rad-for-a-handtere-ensomhet-helgelendingen","status":"publish","type":"post","link":"https:\/\/www.europesays.com\/no\/111987\/","title":{"rendered":"Linnea Sofie (19) strekker ut en hjelpende h\u00e5nd i jula \u2013 og her er psykologens fem r\u00e5d for \u00e5 h\u00e5ndtere ensomhet &#8211; Helgelendingen"},"content":{"rendered":"<ol>\n<li><a href=\"https:\/\/news.google.com\/rss\/articles\/CBMi2AFBVV95cUxPd1lwaVhBOUM3cjdfdnRSMnFPZjIyUko5aldoaEpfcTBxbDE1ZU5lTUpKd21MUjVPeEZpVTlfa2JFOFlYZmp5bm9zTXlfWDY1QnkxNVJ5T3F0SWEzV3RXQzJzYUFTNHJZUHRfam84RFptYnh1SDlsSTdFQW13Q2ZUSkZuTnJwd09XdDRBQVZSNVozLThHS1NqMnk3M21NZmFEb3Z1NU1ZOER1S3FSZnhZd3FOajBTaWZ4SnRnR0tBcHlhek5wSGNDYWU3RjBLWmYyTkliWUlXbEI?oc=5\" target=\"_blank\" rel=\"nofollow noopener\">Linnea Sofie (19) strekker ut en hjelpende h\u00e5nd i jula \u2013 og her er psykologens fem r\u00e5d for \u00e5 h\u00e5ndtere ensomhet<\/a>&nbsp;&nbsp;Helgelendingen<\/li>\n<li><a href=\"https:\/\/news.google.com\/rss\/articles\/CBMiuwFBVV95cUxOOXhGTVRJWC1leFZ1VDRjMWZMT1k4M1I3RjE1NlM0RTJvYXU2QnZVeUtYVW1USjBzUlV0cXpKWkVGaUxYNWhEUjBEZEhsbGRETnhMX3M2eUIxUDZodjNBT2UtdWRmX1U3dlAwTnFVS0FtWWs4cEUySXkwUU5KdHdsNmg2LWRnZXNfRWtXSkVoR3ZRdUlZUFNzSDZrUXI5eFZIM2E4TnBWeUp3Yzg0bUUxZEgzcHlXV2lxWThz?oc=5\" target=\"_blank\" rel=\"nofollow noopener\">Politiet ber deg sl\u00e5 av en prat: \u2013 Mange sliter med dystre tanker opp mot jul<\/a>&nbsp;&nbsp;folkebladet.no<\/li>\n<li><a href=\"https:\/\/news.google.com\/rss\/articles\/CBMibkFVX3lxTE1VOHlkUGMwM1dvQW5hWGxXMExrZVRQMlVTN3BRSm1NLW5FUVhTaUdHbzBzZVMxOEQ5ZEIxcDRvNmVtMmtLYUlCMzV0S3RBOTVNUW1zRUxxS2JrTF9vZm9ySjJ5RjlDUW9rSUc0WUZn?oc=5\" target=\"_blank\" rel=\"nofollow noopener\">Lene jelsnes, Motivasjon | Jula \u2013 p\u00e5 godt og vondt<\/a>&nbsp;&nbsp;Moss Avis<\/li>\n<li><a href=\"https:\/\/news.google.com\/rss\/articles\/CBMinwFBVV95cUxPUnV1LUVmSFBBMjZqcU9Xa3F5UmFvaUdFVlVzanBJWkVUUnMyTFVPaTBZYnRYVUp2MElqVFQtTDVTaFdXRWl4RXY4ZTd0bWpWOUhRV3VJZEFEUUVybmt5d0FXb3V2VDFGS040cHQ3bTlhNUdPLTlERmJHOENPS05HZTY2RkxWWF9HZXJ6MEE4MUQ4d1VYOU41ZVNQN1BzNzg?oc=5\" target=\"_blank\" rel=\"nofollow noopener\">Kommunepsykologen med r\u00e5d til en krevende h\u00f8ytid<\/a>&nbsp;&nbsp;venneslatidende.no<\/li>\n<li><a href=\"https:\/\/news.google.com\/rss\/articles\/CBMimgFBVV95cUxPTzIySW9YYmxWTFZiclpGQUtCRjZxVU1KU1FxM3JxQ2w5Tk1iUFVWSEsyVlJMbG51MG5OaE5Kc2N4aW5sSllTdEIwWlhSY0phMGZuR1YtZENybFVOSGNESWd4d2s4cTlrNzlyWEduTXhXRm9vVDUwdWJMYnpjZ3Z3NVlIUXJuTmotSUlPX2pkVHVmWU9FbnY3bVR3?oc=5\" target=\"_blank\" rel=\"nofollow noopener\">Mange er ensomme i juletider: \u2013 Viktig \u00e5 snakke om<\/a>&nbsp;&nbsp;TV2.no<\/li>\n<\/ol>\n","protected":false},"excerpt":{"rendered":"Linnea Sofie (19) strekker ut en hjelpende h\u00e5nd i jula \u2013 og her er psykologens fem r\u00e5d for&hellip;\n","protected":false},"author":2,"featured_media":111988,"comment_status":"","ping_status":"","sticky":false,"template":"","format":"standard","meta":{"footnotes":""},"categories":[5],"tags":[20,21,24,25,15,19,22,23,17,18,13,30,28,29,14,16,26,27],"class_list":{"0":"post-111987","1":"post","2":"type-post","3":"status-publish","4":"format-standard","5":"has-post-thumbnail","7":"category-overskrifter","8":"tag-breaking-news","9":"tag-breakingnews","10":"tag-featured-news","11":"tag-featurednews","12":"tag-headlines","13":"tag-hovedoppslag","14":"tag-latest-news","15":"tag-latestnews","16":"tag-main-news","17":"tag-mainnews","18":"tag-news","19":"tag-no","20":"tag-norge","21":"tag-norway","22":"tag-nyheter","23":"tag-overskrifter","24":"tag-top-stories","25":"tag-topstories"},"share_on_mastodon":{"url":"https:\/\/pubeurope.com\/@no\/115711538849276161","error":""},"_links":{"self":[{"href":"https:\/\/www.europesays.com\/no\/wp-json\/wp\/v2\/posts\/111987","targetHints":{"allow":["GET"]}}],"collection":[{"href":"https:\/\/www.europesays.com\/no\/wp-json\/wp\/v2\/posts"}],"about":[{"href":"https:\/\/www.europesays.com\/no\/wp-json\/wp\/v2\/types\/post"}],"author":[{"embeddable":true,"href":"https:\/\/www.europesays.com\/no\/wp-json\/wp\/v2\/users\/2"}],"replies":[{"embeddable":true,"href":"https:\/\/www.europesays.com\/no\/wp-json\/wp\/v2\/comments?post=111987"}],"version-history":[{"count":0,"href":"https:\/\/www.europesays.com\/no\/wp-json\/wp\/v2\/posts\/111987\/revisions"}],"wp:featuredmedia":[{"embeddable":true,"href":"https:\/\/www.europesays.com\/no\/wp-json\/wp\/v2\/media\/111988"}],"wp:attachment":[{"href":"https:\/\/www.europesays.com\/no\/wp-json\/wp\/v2\/media?parent=111987"}],"wp:term":[{"taxonomy":"category","embeddable":true,"href":"https:\/\/www.europesays.com\/no\/wp-json\/wp\/v2\/categories?post=111987"},{"taxonomy":"post_tag","embeddable":true,"href":"https:\/\/www.europesays.com\/no\/wp-json\/wp\/v2\/tags?post=111987"}],"curies":[{"name":"wp","href":"https:\/\/api.w.org\/{rel}","templated":true}]}}