{"id":111989,"date":"2025-12-13T09:30:26","date_gmt":"2025-12-13T09:30:26","guid":{"rendered":"https:\/\/www.europesays.com\/no\/111989\/"},"modified":"2025-12-13T09:30:26","modified_gmt":"2025-12-13T09:30:26","slug":"nyheter-trafikk-rykket-ut-til-trafikkulykke","status":"publish","type":"post","link":"https:\/\/www.europesays.com\/no\/111989\/","title":{"rendered":"Nyheter, Trafikk | Rykket ut til trafikkulykke"},"content":{"rendered":"\n<p>Sent fredag kveld har n\u00f8detatene rykket ut til Nedre R\u00e6lingsveg etter melding om en trafikkulykke.<\/p>\n<p>Det skal dreie seg om en p\u00e5kj\u00f8rsel bakfra, ikke langt fra Lillestr\u00f8mbrua.<\/p>\n<p>\u2013 En del materielle skader, ukjent skadeomfang p\u00e5 involverte personer, opplyser operasjonsleder H\u00e5kon Hatlen i \u00d8st politidistrikt innlendningsvis.<\/p>\n<p>Klokka 23.45 forteller han at det var to biler og til sammen tre personer involvert.<\/p>\n<p>\u2013 Det ser ut til at bilene kommer seg fra stedet p\u00e5 egenh\u00e5nd, s\u00e5 jeg regner med at det er ryddet snart. \u00c9n person forteller om smerter i et bein, men det er heldigvis ingen alvorlig personskade, sier Hatlen.<\/p>\n<p>Politiet oppretter sak p\u00e5 forholdet.<\/p>\n","protected":false},"excerpt":{"rendered":"Sent fredag kveld har n\u00f8detatene rykket ut til Nedre R\u00e6lingsveg etter melding om en trafikkulykke. Det skal dreie&hellip;\n","protected":false},"author":2,"featured_media":7393,"comment_status":"","ping_status":"","sticky":false,"template":"","format":"standard","meta":{"footnotes":""},"categories":[10],"tags":[36,20,21,24,25,15,22,23,13,30,28,29,14,16,1510,26,27,224,666],"class_list":{"0":"post-111989","1":"post","2":"type-post","3":"status-publish","4":"format-standard","5":"has-post-thumbnail","7":"category-norge","8":"tag-art","9":"tag-breaking-news","10":"tag-breakingnews","11":"tag-featured-news","12":"tag-featurednews","13":"tag-headlines","14":"tag-latest-news","15":"tag-latestnews","16":"tag-news","17":"tag-no","18":"tag-norge","19":"tag-norway","20":"tag-nyheter","21":"tag-overskrifter","22":"tag-story","23":"tag-top-stories","24":"tag-topstories","25":"tag-trafikk","26":"tag-trafikkulykke"},"share_on_mastodon":{"url":"https:\/\/pubeurope.com\/@no\/115711562541170960","error":""},"_links":{"self":[{"href":"https:\/\/www.europesays.com\/no\/wp-json\/wp\/v2\/posts\/111989","targetHints":{"allow":["GET"]}}],"collection":[{"href":"https:\/\/www.europesays.com\/no\/wp-json\/wp\/v2\/posts"}],"about":[{"href":"https:\/\/www.europesays.com\/no\/wp-json\/wp\/v2\/types\/post"}],"author":[{"embeddable":true,"href":"https:\/\/www.europesays.com\/no\/wp-json\/wp\/v2\/users\/2"}],"replies":[{"embeddable":true,"href":"https:\/\/www.europesays.com\/no\/wp-json\/wp\/v2\/comments?post=111989"}],"version-history":[{"count":0,"href":"https:\/\/www.europesays.com\/no\/wp-json\/wp\/v2\/posts\/111989\/revisions"}],"wp:featuredmedia":[{"embeddable":true,"href":"https:\/\/www.europesays.com\/no\/wp-json\/wp\/v2\/media\/7393"}],"wp:attachment":[{"href":"https:\/\/www.europesays.com\/no\/wp-json\/wp\/v2\/media?parent=111989"}],"wp:term":[{"taxonomy":"category","embeddable":true,"href":"https:\/\/www.europesays.com\/no\/wp-json\/wp\/v2\/categories?post=111989"},{"taxonomy":"post_tag","embeddable":true,"href":"https:\/\/www.europesays.com\/no\/wp-json\/wp\/v2\/tags?post=111989"}],"curies":[{"name":"wp","href":"https:\/\/api.w.org\/{rel}","templated":true}]}}