{"id":111992,"date":"2025-12-13T09:32:08","date_gmt":"2025-12-13T09:32:08","guid":{"rendered":"https:\/\/www.europesays.com\/no\/111992\/"},"modified":"2025-12-13T09:32:08","modified_gmt":"2025-12-13T09:32:08","slug":"paul-pogba-kamel-fotballstjernen-pogba-fascinert-av-kamelveddelop-har-kjopt-profflag","status":"publish","type":"post","link":"https:\/\/www.europesays.com\/no\/111992\/","title":{"rendered":"Paul Pogba, Kamel | Fotballstjernen Pogba fascinert av kamelveddel\u00f8p \u2013 har kj\u00f8pt profflag"},"content":{"rendered":"\n<p>Han har store ambisjoner i idretten.<\/p>\n<p> I et intervju med <a href=\"https:\/\/www.bbc.com\/sport\/football\/articles\/c62vnyrv069o\" rel=\"nofollow noopener\" target=\"_blank\">BBC<\/a> forteller 32-\u00e5ringen at han har blitt aksjon\u00e6r og ambassad\u00f8r for kamelracing-laget Al Haboob. Det er det f\u00f8rste profesjonelle laget som startet \u00e5 konkurrere i kamelkappl\u00f8p.<\/p>\n<p>\u2013 Jeg har sett en del kamelkappl\u00f8p p\u00e5 Youtube og brukt fritiden min p\u00e5 \u00e5 gj\u00f8re research for \u00e5 forst\u00e5 teknikkene og strategiene, sier Pogba. <\/p>\n<p>Kamelracing har mange fellestrekk med hestel\u00f8p. Jockeyer rir kameler rundt en rundbane og konkurrer mot hverandre om \u00e5 fullf\u00f8re et bestemt antall runder p\u00e5 raskest mulig tid. Idretten er spesielt popul\u00e6r i Midt\u00f8sten. <\/p>\n<p>\u2013 \u00c5 eie verdens dyreste kamel en dag ville v\u00e6rt et vakkert \u00f8yeblikk. Det er noe morsomt, noe meningsfullt og noe som begeistrer meg. Kanskje vi f\u00e5r det til en dag, sier Pogba.<\/p>\n<p>Pogba var en av Frankrikes aller st\u00f8rste fotballstjerner gjennom mange \u00e5r, men karrieren ble satt p\u00e5 pause h\u00f8sten 2023. Da ble han utestengt for doping, og siden har ogs\u00e5 skader holdt ham p\u00e5 sidelinjen.<\/p>\n<p>I november gjorde han comeback p\u00e5 fotballbanen da han ble byttet inn for Monaco i 1-4-tapet mot Rennes. Det var hans f\u00f8rste tellende kamp p\u00e5 over to \u00e5r.<\/p>\n<p>I 2018 var Pogba blant n\u00f8kkelspillerne da Frankrike vant fotball-VM. 32-\u00e5ringen har tidligere hatt to perioder i b\u00e5de Manchester United og Juventus.<\/p>\n<p>(\u00a9NTB)<\/p>\n","protected":false},"excerpt":{"rendered":"Han har store ambisjoner i idretten. I et intervju med BBC forteller 32-\u00e5ringen at han har blitt aksjon\u00e6r&hellip;\n","protected":false},"author":2,"featured_media":111993,"comment_status":"","ping_status":"","sticky":false,"template":"","format":"standard","meta":{"footnotes":""},"categories":[59],"tags":[30,28,29,83,82],"class_list":{"0":"post-111992","1":"post","2":"type-post","3":"status-publish","4":"format-standard","5":"has-post-thumbnail","7":"category-sport","8":"tag-no","9":"tag-norge","10":"tag-norway","11":"tag-sport","12":"tag-sports"},"share_on_mastodon":{"url":"https:\/\/pubeurope.com\/@no\/115711570329629448","error":""},"_links":{"self":[{"href":"https:\/\/www.europesays.com\/no\/wp-json\/wp\/v2\/posts\/111992","targetHints":{"allow":["GET"]}}],"collection":[{"href":"https:\/\/www.europesays.com\/no\/wp-json\/wp\/v2\/posts"}],"about":[{"href":"https:\/\/www.europesays.com\/no\/wp-json\/wp\/v2\/types\/post"}],"author":[{"embeddable":true,"href":"https:\/\/www.europesays.com\/no\/wp-json\/wp\/v2\/users\/2"}],"replies":[{"embeddable":true,"href":"https:\/\/www.europesays.com\/no\/wp-json\/wp\/v2\/comments?post=111992"}],"version-history":[{"count":0,"href":"https:\/\/www.europesays.com\/no\/wp-json\/wp\/v2\/posts\/111992\/revisions"}],"wp:featuredmedia":[{"embeddable":true,"href":"https:\/\/www.europesays.com\/no\/wp-json\/wp\/v2\/media\/111993"}],"wp:attachment":[{"href":"https:\/\/www.europesays.com\/no\/wp-json\/wp\/v2\/media?parent=111992"}],"wp:term":[{"taxonomy":"category","embeddable":true,"href":"https:\/\/www.europesays.com\/no\/wp-json\/wp\/v2\/categories?post=111992"},{"taxonomy":"post_tag","embeddable":true,"href":"https:\/\/www.europesays.com\/no\/wp-json\/wp\/v2\/tags?post=111992"}],"curies":[{"name":"wp","href":"https:\/\/api.w.org\/{rel}","templated":true}]}}