{"id":112020,"date":"2025-12-13T10:21:13","date_gmt":"2025-12-13T10:21:13","guid":{"rendered":"https:\/\/www.europesays.com\/no\/112020\/"},"modified":"2025-12-13T10:21:13","modified_gmt":"2025-12-13T10:21:13","slug":"trafikk-hammerfest-snofokk-skaper-problemer-to-strekninger-er-stengt-og-flere-kan-bli-kolonnekjort","status":"publish","type":"post","link":"https:\/\/www.europesays.com\/no\/112020\/","title":{"rendered":"Trafikk, Hammerfest | Sn\u00f8fokk skaper problemer: To strekninger er stengt og flere kan bli kolonnekj\u00f8rt"},"content":{"rendered":"\n<p>Meteorologisk institutt varslet fredag at helga i Vest-Finnmark ville bli preget av kraftige vindkast og sn\u00f8fokk. Uv\u00e6ret er ogs\u00e5 ventet \u00e5 ta seg opp i l\u00f8pet av l\u00f8rdagen og s\u00f8ndagen, og vil etter hvert bevege seg mot de vestligste delene av \u00d8st-Finnmark.<\/p>\n<p><b>Vegtrafikksentralen (VTS) meldte ved 09.30-tiden l\u00f8rdag om to stengte veier i vest:<\/b><\/p>\n<ul>\n<li>\n<p>FV889 Snefjord &#8211; Hav\u00f8ysund i M\u00e5s\u00f8y: Stengt grunnet uv\u00e6r. Ny vurdering s\u00f8ndag klokken 07.00.<\/p>\n<\/li>\n<li>\n<p>E69 Skarsv\u00e5gkrysset &#8211; Nordkapp: Stengt vei, usikker sluttid.<\/p>\n<\/li>\n<\/ul>\n<p><b>Samtidig l\u00e5 det ute trafikkmeldinger for disse strekningene:<\/b><\/p>\n<ul>\n<li>E6 over Sennalandet i Alta\/Hammerfest: Sn\u00f8fokk, fare for fokkskavler.<\/li>\n<li>E69 Repv\u00e5g &#8211; Nordkapptunnelen i Nordkapp: Sterk vind.<\/li>\n<li>E69 Skipsfjordh\u00f8yda &#8211; Skarsv\u00e5gkrysset i Nordkapp: Fare for kolonnekj\u00f8ring<\/li>\n<li>FV889 Sm\u00f8rfjord &#8211; Snefjord i Porsanger\/M\u00e5s\u00f8y: Sn\u00f8fokk.<\/li>\n<li>FV8026 H\u00f8nsebyhamn &#8211; Akkarfjord i Hammerfest: Sterk vind, fare for fokkskavler.<\/li>\n<li>FV8028 fra Kvalsund til Saraby i Hammerfest: Sn\u00f8fokk, fare for fokkskavler.<\/li>\n<li>FV8030 Kvalsund bru &#8211; Storbukt i Hammerfest: Sn\u00f8fokk, fare for fokkskavler.<\/li>\n<li>FV8032 Klubbukta &#8211; Lyngslett i Hammerfest: Sn\u00f8fokk, fare for fokkskavler.<\/li>\n<li>FV8038 Gjesv\u00e6rveien i Nordkapp: Uv\u00e6r, fare for kolonnekj\u00f8ring<\/li>\n<li>FV8048 Skipsfjord &#8211; Kam\u00f8yv\u00e6r i Nordkapp: Fare for glatte partier.<\/li>\n<li>FV8124 Pr\u00e6rien &#8211; Fors\u00f8l i Hammerfest: Sterk vind.<\/li>\n<\/ul>\n<p>   <img decoding=\"async\" width=\"1200\" height=\"675\" fetchpriority=\"low\"  loading=\"lazy\"  src=\"https:\/\/www.europesays.com\/no\/wp-content\/uploads\/2025\/12\/1765621273_12_3e504dbc-bfc4-4923-93a2-ac678c518126.png\" alt=\"\" class=\"brick-c-cFOWSL\" style=\"--brick-image-ratio: 1200 \/ 675;\"\/><\/p>\n<p>  Tror det blir heftigst s\u00f8ndag<\/p>\n<p>Vinden ventes som nevnt \u00e5 \u00f8ke gjennom helga. Det bekreftet Meteorologisk institutt overfor iFinnmark fredag.<\/p>\n<p>\u2013 Det er f\u00f8rst natt til s\u00f8ndag at det kommer opp i periodevis stiv til sterk kuling p\u00e5 utsatte steder. Det er fare for sn\u00f8fokk. Vinden vil \u00f8ke utover l\u00f8rdagen med vind opp i liten storm utsatte steder ved kyst- og fjordstr\u00f8k, uttalte vakthavende meteorolog Iris Hestnes.<\/p>\n<p>Det er ikke ventet store menger sn\u00f8 og sn\u00f8fokket er kommet, og vil komme, er fra sn\u00f8 som ligger p\u00e5 bakken.<\/p>\n<p>\u2013 Det vil ogs\u00e5 komme litt sn\u00f8 p\u00e5 Finnmarksvidda. Der venter lavere vindhastigheter, men det kan komme opp i liten storm ogs\u00e5 der, sier meteorologen.<\/p>\n","protected":false},"excerpt":{"rendered":"Meteorologisk institutt varslet fredag at helga i Vest-Finnmark ville bli preget av kraftige vindkast og sn\u00f8fokk. Uv\u00e6ret er&hellip;\n","protected":false},"author":2,"featured_media":11753,"comment_status":"","ping_status":"","sticky":false,"template":"","format":"standard","meta":{"footnotes":""},"categories":[10],"tags":[215,36,20,21,24,25,2058,15,22,23,6379,13,30,6432,28,29,14,16,5047,1510,26,27,224],"class_list":{"0":"post-112020","1":"post","2":"type-post","3":"status-publish","4":"format-standard","5":"has-post-thumbnail","7":"category-norge","8":"tag-alta","9":"tag-art","10":"tag-breaking-news","11":"tag-breakingnews","12":"tag-featured-news","13":"tag-featurednews","14":"tag-hammerfest","15":"tag-headlines","16":"tag-latest-news","17":"tag-latestnews","18":"tag-masoy","19":"tag-news","20":"tag-no","21":"tag-nordkapp","22":"tag-norge","23":"tag-norway","24":"tag-nyheter","25":"tag-overskrifter","26":"tag-porsanger","27":"tag-story","28":"tag-top-stories","29":"tag-topstories","30":"tag-trafikk"},"share_on_mastodon":{"url":"https:\/\/pubeurope.com\/@no\/115711763168076139","error":""},"_links":{"self":[{"href":"https:\/\/www.europesays.com\/no\/wp-json\/wp\/v2\/posts\/112020","targetHints":{"allow":["GET"]}}],"collection":[{"href":"https:\/\/www.europesays.com\/no\/wp-json\/wp\/v2\/posts"}],"about":[{"href":"https:\/\/www.europesays.com\/no\/wp-json\/wp\/v2\/types\/post"}],"author":[{"embeddable":true,"href":"https:\/\/www.europesays.com\/no\/wp-json\/wp\/v2\/users\/2"}],"replies":[{"embeddable":true,"href":"https:\/\/www.europesays.com\/no\/wp-json\/wp\/v2\/comments?post=112020"}],"version-history":[{"count":0,"href":"https:\/\/www.europesays.com\/no\/wp-json\/wp\/v2\/posts\/112020\/revisions"}],"wp:featuredmedia":[{"embeddable":true,"href":"https:\/\/www.europesays.com\/no\/wp-json\/wp\/v2\/media\/11753"}],"wp:attachment":[{"href":"https:\/\/www.europesays.com\/no\/wp-json\/wp\/v2\/media?parent=112020"}],"wp:term":[{"taxonomy":"category","embeddable":true,"href":"https:\/\/www.europesays.com\/no\/wp-json\/wp\/v2\/categories?post=112020"},{"taxonomy":"post_tag","embeddable":true,"href":"https:\/\/www.europesays.com\/no\/wp-json\/wp\/v2\/tags?post=112020"}],"curies":[{"name":"wp","href":"https:\/\/api.w.org\/{rel}","templated":true}]}}