{"id":112025,"date":"2025-12-13T10:31:16","date_gmt":"2025-12-13T10:31:16","guid":{"rendered":"https:\/\/www.europesays.com\/no\/112025\/"},"modified":"2025-12-13T10:31:16","modified_gmt":"2025-12-13T10:31:16","slug":"vil-gi-lunde-avslutningsfest-i-norge","status":"publish","type":"post","link":"https:\/\/www.europesays.com\/no\/112025\/","title":{"rendered":"Vil gi Lunde avslutningsfest i Norge"},"content":{"rendered":"<p class=\"extendedContent hyperion-css-eyn926\" data-test-tag=\"lead-text\">Hun koste seg med datteren for aller f\u00f8rste gang i mesterskap. VM-finalen blir ganske sikkert ikke Katrine Lundes siste landskamp.<\/p>\n<p><img decoding=\"async\" class=\"image-asset hyperion-css-u06ts1\" data-test-tag=\"image-asset\" src=\"https:\/\/www.europesays.com\/no\/wp-content\/uploads\/2025\/12\/1765621875_875_6df50c0c-2f7c-4d7b-bf51-04bfcec3f5f9\"  alt=\"\"  loading=\"eager\" fetchpriority=\"high\" style=\"aspect-ratio:2048 \/ 1364\"\/> Foto: Bj\u00f8rn S. Delebekk \/ VG<\/p>\n<ul data-test-tag=\"byline:authors\" data-testid=\"byline:authors\" class=\"hyperion-css-zsib83\">\n<li class=\"hyperion-css-10c38m6\"\/>\n<li class=\"hyperion-css-10c38m6\"\/>\n<li class=\"hyperion-css-10c38m6\">\n<p>Bj\u00f8rn S. Delebekk (foto), VG<\/p>\n<\/li>\n<\/ul>\n<p>Publisert: 13.12.2025 08:18 |\u00a0Oppdatert: 13.12.2025 10:16<\/p>\n<p class=\"paywall hyperion-css-1j42uic\">45-\u00e5ringen avslutter s\u00f8ndag karrieren for Norge i mesterskap med VM-finalen med sin landskamp nummer 388.<\/p>\n<p class=\"paywall hyperion-css-1j42uic\">Landslagssjef Ole Gustav Gjekstad vil gjerne gi rekordkeeperen en flott avslutning med en landskamp hjemme i Norge.<\/p>\n<p class=\"paywall hyperion-css-1j42uic\">I begynnelsen av mars kommer Polen p\u00e5 bes\u00f8k i Euro CupEuro CupSpilels mellom nasjoner som allerede er klare for neste \u00e5rs EM..<\/p>\n<p class=\"paywall hyperion-css-1j42uic\">\u2013 Det er ikke gitt at VM-finalen blir hennes siste landskamp. Jeg h\u00e5per vi f\u00e5r til en fin avslutning i Norge, sier Gjekstad.<\/p>\n<p><img decoding=\"async\" class=\"image-asset hyperion-css-u06ts1\" data-test-tag=\"image-asset\" src=\"https:\/\/www.europesays.com\/no\/wp-content\/uploads\/2025\/12\/1765621876_458_9677153c-1c3e-4423-9e45-a7f7d635c1d4\"  alt=\"\"  loading=\"eager\" fetchpriority=\"high\" style=\"aspect-ratio:2048 \/ 1364\"\/> Foto: Bj\u00f8rn S. Delebekk \/ VG<\/p>\n<p class=\"paywall hyperion-css-1j42uic\"><strong>Katrine Lunde sier det samme f\u00f8r VM-finalen Norge-Tyskland (s\u00f8ndag kl. 17.30 TV 3\/ Viaplay).<\/strong><\/p>\n<p class=\"paywall hyperion-css-1j42uic\">\u2013 Det blir min siste kamp i mesterskap, men vi vet ikke om det er min siste landskamp, sier hun med et smil.<\/p>\n<p class=\"paywall hyperion-css-1j42uic\">Redningsprosenten var p\u00e5 moderate 30. Men Lundes ni redninger kom stort sett p\u00e5 de riktige tidspunktene. Hun bidro godt til Norges soleklare seier p\u00e5 10 m\u00e5l mot Nederland.<\/p>\n<p class=\"paywall hyperion-css-1j42uic\">\u2013 Det blir litt tr\u00f8bbel fordi Nederland er gode. Men bra fysikk og mange l\u00f8p. Men vi har god dekning p\u00e5 alle posisjoner og m\u00e5 bruke det for alt vi kan, beskriver Lunde som i likhet med Nora M\u00f8rk, Henny Reistad, Veronica Kristiansen og flere andre norske spillere aldri har tapt for nederlenderne i mesterskap.<\/p>\n<p class=\"paywall hyperion-css-1j42uic\"><strong>N\u00e5 venter Tyskland for f\u00f8rste gang for Norge i en VM, EM eller OL-finale.<\/strong><\/p>\n<p class=\"paywall hyperion-css-1j42uic\">\u2013 Jeg gleder meg fantastisk. Jeg regner med at det blir en t\u00f8ff kamp, sier Katrine Lunde.<\/p>\n<p class=\"paywall hyperion-css-1j42uic\">Utenfor banen er det mykt for alltid profesjonelle Lunde.<\/p>\n<p><img decoding=\"async\" class=\"image-asset hyperion-css-u06ts1\" data-test-tag=\"image-asset\" src=\"https:\/\/www.europesays.com\/no\/wp-content\/uploads\/2025\/12\/1765621876_339_cd3a035d-6738-4125-b9d0-20de1204e151\"  alt=\"\"  loading=\"eager\" fetchpriority=\"high\" style=\"aspect-ratio:2048 \/ 1367\"\/> Foto: Bj\u00f8rn S. Delebekk \/ VG<\/p>\n<p class=\"paywall hyperion-css-1j42uic\">Etter kampen koblet mor og datter seg raskt p\u00e5 hver andre. Atina kom med mormor Solfrid til Nederland torsdag. Norge har hatt med seg mange barn de 10 siste \u00e5rene, men dette er f\u00f8rste gang Atina Lunde Trajkovic er med mamma n\u00e5r det st\u00e5r medaljer p\u00e5 spill for Norge.<\/p>\n<p class=\"paywall hyperion-css-1j42uic\">\u2013 Det er veldig koselig. Det er stort og spesielt n\u00e5r det er siste helgen, sier mamma til VG. Hun visste ikke hvor datteren satt under kampen.<\/p>\n<p class=\"paywall hyperion-css-1j42uic\">\u2013 Jeg m\u00e5 holde fokuset, sier hun.<\/p>\n<p class=\"paywall hyperion-css-1j42uic\"><strong>Atina ble med p\u00e5 lite VG-intervju n\u00e5r det n\u00e6rmet seg leggetid etter VM-semifinalen.<\/strong><\/p>\n<p class=\"paywall hyperion-css-1j42uic\">\u2013 Hva synes du om mamma?<\/p>\n<p class=\"paywall hyperion-css-1j42uic\">\u2013 Bra!<\/p>\n<p class=\"paywall hyperion-css-1j42uic\">\u2013 Er det morsomt \u00e5 endelig v\u00e6re med i VM?<\/p>\n<p class=\"paywall hyperion-css-1j42uic\">\u2013 Ja.<\/p>\n<p class=\"paywall hyperion-css-1j42uic\">\u2013 Er du lei deg for at mamma ikke skal spille mesterskap mer?<\/p>\n<p class=\"paywall hyperion-css-1j42uic\">\u2013 Jeg har jo lyst til at hun skal v\u00e6re hjemme da.<\/p>\n<p class=\"paywall hyperion-css-1j42uic\">\u2013 Og bake pepperkaker?<\/p>\n<p class=\"paywall hyperion-css-1j42uic\">\u2013 Jaaa, svarer mor og datter i kor.<\/p>\n<p class=\"paywall hyperion-css-1j42uic\">\u2013 Det er veldig hyggelig med Atina. Hun er veldig glad for \u00e5 se henne, sier Ole Gustav Gjekstad.<\/p>\n<p class=\"paywall hyperion-css-1j42uic\">\u2013 Hva betyr det for Katrine \u00e5 ha datteren her?<\/p>\n<p class=\"paywall hyperion-css-1j42uic\">\u2013 Det er veldig bra for begge. Atina vil at hun skal spille videre, ler landslagssjefen.<\/p>\n","protected":false},"excerpt":{"rendered":"Hun koste seg med datteren for aller f\u00f8rste gang i mesterskap. VM-finalen blir ganske sikkert ikke Katrine Lundes&hellip;\n","protected":false},"author":2,"featured_media":112026,"comment_status":"","ping_status":"","sticky":false,"template":"","format":"standard","meta":{"footnotes":""},"categories":[59],"tags":[30,28,29,83,82],"class_list":{"0":"post-112025","1":"post","2":"type-post","3":"status-publish","4":"format-standard","5":"has-post-thumbnail","7":"category-sport","8":"tag-no","9":"tag-norge","10":"tag-norway","11":"tag-sport","12":"tag-sports"},"share_on_mastodon":{"url":"https:\/\/pubeurope.com\/@no\/115711802659964027","error":""},"_links":{"self":[{"href":"https:\/\/www.europesays.com\/no\/wp-json\/wp\/v2\/posts\/112025","targetHints":{"allow":["GET"]}}],"collection":[{"href":"https:\/\/www.europesays.com\/no\/wp-json\/wp\/v2\/posts"}],"about":[{"href":"https:\/\/www.europesays.com\/no\/wp-json\/wp\/v2\/types\/post"}],"author":[{"embeddable":true,"href":"https:\/\/www.europesays.com\/no\/wp-json\/wp\/v2\/users\/2"}],"replies":[{"embeddable":true,"href":"https:\/\/www.europesays.com\/no\/wp-json\/wp\/v2\/comments?post=112025"}],"version-history":[{"count":0,"href":"https:\/\/www.europesays.com\/no\/wp-json\/wp\/v2\/posts\/112025\/revisions"}],"wp:featuredmedia":[{"embeddable":true,"href":"https:\/\/www.europesays.com\/no\/wp-json\/wp\/v2\/media\/112026"}],"wp:attachment":[{"href":"https:\/\/www.europesays.com\/no\/wp-json\/wp\/v2\/media?parent=112025"}],"wp:term":[{"taxonomy":"category","embeddable":true,"href":"https:\/\/www.europesays.com\/no\/wp-json\/wp\/v2\/categories?post=112025"},{"taxonomy":"post_tag","embeddable":true,"href":"https:\/\/www.europesays.com\/no\/wp-json\/wp\/v2\/tags?post=112025"}],"curies":[{"name":"wp","href":"https:\/\/api.w.org\/{rel}","templated":true}]}}