{"id":112027,"date":"2025-12-13T10:32:12","date_gmt":"2025-12-13T10:32:12","guid":{"rendered":"https:\/\/www.europesays.com\/no\/112027\/"},"modified":"2025-12-13T10:32:12","modified_gmt":"2025-12-13T10:32:12","slug":"hjem-til-jul-gutta-blir-satt-ut-av-sjekkesporsmal","status":"publish","type":"post","link":"https:\/\/www.europesays.com\/no\/112027\/","title":{"rendered":"\u00abHjem til jul\u00bb-gutta blir satt ut av sjekkesp\u00f8rsm\u00e5l"},"content":{"rendered":"\n<p class=\"_paragraph_o9xde_4 _paragraph_xtcu6_10 layout-component text-serif-m layout-normal text-serif-m layout-padded\">\u2013 For et sp\u00f8rsm\u00e5l, sier <a href=\"https:\/\/www.vg.no\/tag\/john-carew?utm_source=vg-article&amp;utm_medium=auto-tagger&amp;utm_campaign=L40dAx\" class=\"_link_o9xde_39\" rel=\"nofollow noopener\" target=\"_blank\">John Carew<\/a>.<\/p>\n<p class=\"_paragraph_o9xde_4 _paragraph_xtcu6_10 layout-component text-serif-m layout-normal text-serif-m layout-padded\">\u2013 Neimen, herlighet! utbryter Herman T\u00f8mmeraas.<\/p>\n<p class=\"_paragraph_o9xde_4 _paragraph_xtcu6_10 layout-component text-serif-m layout-normal text-serif-m layout-padded\">\u2013 S\u00e5 kom det noe likevel &#8230;, sukker Gard L\u00f8kke.<\/p>\n<p class=\"_paragraph_o9xde_4 _paragraph_xtcu6_10 layout-component text-serif-m layout-normal text-serif-m layout-padded\">De tre \u00abHjem til jul\u00bb-ferskingene rynker fleipete p\u00e5 nesen n\u00e5r VG beveger seg innenfor den private sf\u00e6ren.<\/p>\n<p class=\"_paragraph_o9xde_4 _paragraph_xtcu6_10 layout-component text-serif-m layout-normal text-serif-m layout-padded\"><strong class=\"_strong_o9xde_25\">Vi kommer tilbake til det. <\/strong><\/p>\n<p class=\"_paragraph_o9xde_4 _paragraph_xtcu6_10 layout-component text-serif-m layout-normal text-serif-m layout-padded\">Men f\u00f8rst, de \u00absnille sp\u00f8rsm\u00e5lene\u00bb, som T\u00f8mmeraas kalte starten av intervjuet. <\/p>\n<p><img alt=\"SKUTT AV AMORS PIL: Herman T\u00f8mmeraas\u2019 karakter gj\u00f8r alt han kan for \u00e5 forf\u00f8re Ida Elise Brochs Johanne.   Foto: Hallgrim Haug \/ Netflix\" class=\"_image_qp4xg_65 layout-component layout-normal\" data-fullscreen- data-track-element-type=\"Article image fullscreen\" data-track-name=\"ImageFullscreen\" decoding=\"async\" loading=\"lazy\" height=\"1915\" itemprop=\"image\"  src=\"https:\/\/www.europesays.com\/no\/wp-content\/uploads\/2025\/12\/31bce7f1-2149-4604-9099-d05622b62d42\"  style=\"object-position:0% 0%\" width=\"2976\"\/>SKUTT AV AMORS PIL: Herman T\u00f8mmeraas\u2019 karakter gj\u00f8r alt han kan for \u00e5 forf\u00f8re Ida Elise Brochs Johanne.   Foto: Hallgrim Haug \/ Netflix<\/p>\n<p class=\"_paragraph_o9xde_4 _paragraph_xtcu6_10 layout-component text-serif-m layout-normal text-serif-m layout-padded\">I to sesonger tidligere har vi sett hovedrollen Johanne, spilt av Ida Elise Broch, fl\u00f8rte seg gjennom f\u00f8rjulstiden i jakten p\u00e5 en kjekkas \u00e5 ha med \u00abhjem til jul\u00bb.<\/p>\n<p class=\"_paragraph_o9xde_4 _paragraph_xtcu6_10 layout-component text-serif-m layout-normal text-serif-m layout-padded\"><a href=\"https:\/\/www.vg.no\/rampelys\/i\/K8vlpX\/anmeldelse-hjem-til-jul-sesong-3\" data-track-element-type=\"Link\" data-track-id=\"link:K8vlpX\" class=\"_link_o9xde_39\" rel=\"nofollow noopener\" target=\"_blank\">Sesong tre<\/a> justerer litt p\u00e5 premisset, men kurtisering \u2013 det blir det denne gangen ogs\u00e5. <\/p>\n<p class=\"_paragraph_o9xde_4 _paragraph_xtcu6_10 layout-component text-serif-m layout-normal text-serif-m layout-padded\">VG m\u00f8ter \u00e5rets mannlige beilere i et julepyntet Grand Hotel i Oslo.<\/p>\n<p><img alt=\"\u00abHJEM TIL JUL\u00bb-VETERAN: Ida Elise Broch jakter kj\u00e6rligheten i Johannes navn for tredje gang.   Foto: Netflix \/ Courtesy of Netflix\" class=\"_image_qp4xg_65 layout-component layout-normal\" data-fullscreen- data-track-element-type=\"Article image fullscreen\" data-track-name=\"ImageFullscreen\" decoding=\"async\" loading=\"lazy\" height=\"1920\" itemprop=\"image\"  src=\"https:\/\/www.europesays.com\/no\/wp-content\/uploads\/2025\/12\/6ec9c9f1-e4c3-4e14-8753-d89519dd63b1\"  style=\"object-position:0% 0%\" width=\"3014\"\/>\u00abHJEM TIL JUL\u00bb-VETERAN: Ida Elise Broch jakter kj\u00e6rligheten i Johannes navn for tredje gang.   Foto: Netflix \/ Courtesy of Netflix\u2013 Har tenkt litt p\u00e5 det<\/p>\n<p class=\"_paragraph_o9xde_4 _paragraph_xtcu6_10 layout-component text-serif-m layout-normal text-serif-m layout-padded\">\u2013 Dere spiller Ida Elise Brochs kj\u00e6rlighetsinteresser i sesong tre. Har dere tenkt noe p\u00e5 om din karakter vil bli seernes favoritt? <\/p>\n<p class=\"_paragraph_o9xde_4 _paragraph_xtcu6_10 layout-component text-serif-m layout-normal text-serif-m layout-padded\">\u2013 Jeg har faktisk tenkt litt p\u00e5 det. Men det er jo litt ute av din makt. Jeg f\u00e5r ikke gjort s\u00e5 mye annet enn \u00e5 si replikkene, svarer L\u00f8kke. <\/p>\n<p class=\"_paragraph_o9xde_4 _paragraph_xtcu6_10 layout-component text-serif-m layout-normal text-serif-m layout-padded\">Carew p\u00e5 sin side har ikke fundert nevneverdig p\u00e5 det.<\/p>\n<p><img alt=\"TURTELDUER: Ida Elise Broch og John Carews karakterer finner tonen i \u00abHjem til jul\u00bb. Men ender de opp sammen?   Foto: Hallgrim Haug \/ Netflix \/ Handout \/ NTB\" class=\"_image_qp4xg_65 layout-component layout-normal\" data-fullscreen- data-track-element-type=\"Article image fullscreen\" data-track-name=\"ImageFullscreen\" decoding=\"async\" loading=\"lazy\" height=\"1920\" itemprop=\"image\"  src=\"https:\/\/www.europesays.com\/no\/wp-content\/uploads\/2025\/12\/5e43ec46-938d-4129-b922-adee9bc761e2\"  style=\"object-position:0% 0%\" width=\"3840\"\/>TURTELDUER: Ida Elise Broch og John Carews karakterer finner tonen i \u00abHjem til jul\u00bb. Men ender de opp sammen?   Foto: Hallgrim Haug \/ Netflix \/ Handout \/ NTB<\/p>\n<p class=\"_paragraph_o9xde_4 _paragraph_xtcu6_10 layout-component text-serif-m layout-normal text-serif-m layout-padded\">\u2013 Jeg tror ikke jeg kommer til \u00e5 tenke s\u00e5 mye p\u00e5 det senere heller, men jeg h\u00e5per jo at de som ser p\u00e5 serien liker meg. Men jeg tror nok disse to unggutta kommer til \u00e5 v\u00e6re mest popul\u00e6re, sier den tidligere fotballproffen og nikker bort p\u00e5 T\u00f8mmeraas og L\u00f8kke. <\/p>\n<p class=\"_paragraph_o9xde_4 _paragraph_xtcu6_10 layout-component text-serif-m layout-normal text-serif-m layout-padded\">Heller ikke T\u00f8mmeraas har reflektert dypt over sp\u00f8rsm\u00e5let, men innr\u00f8mmer i stedet at det \u00e5 v\u00e6re med i en romantisk komedie satt til julen var p\u00e5 skuespiller-sjekklisten hans. <\/p>\n<p class=\"_paragraph_o9xde_4 _paragraph_xtcu6_10 layout-component text-serif-m layout-normal text-serif-m layout-padded\">\u2013 \u00c5 v\u00e6re en del av et s\u00e5nt univers er noe jeg har hatt lyst til \u00e5 gj\u00f8re veldig lenge. Det har v\u00e6rt p\u00e5 min indre to do-liste. N\u00e5 kan jeg endelig si at jeg har gjort det. Det var en stor milep\u00e6l. <\/p>\n<p>   Avsl\u00f8rer hemmelighet<\/p>\n<p class=\"_paragraph_o9xde_4 _paragraph_xtcu6_10 layout-component text-serif-m layout-normal text-serif-m layout-padded\">I serien spiller Carew og L\u00f8kke henholdsvis fraskilt far og h\u00e5ndverker. Begge m\u00e5 ut p\u00e5 glattisen med Brochs karakter Johanne, bokstavelig talt. <\/p>\n<p class=\"_paragraph_o9xde_4 _paragraph_xtcu6_10 layout-component text-serif-m layout-normal text-serif-m layout-padded\">\u2013 Det var litt Bambi-p\u00e5-isen-f\u00f8lelse da vi gikk p\u00e5 sk\u00f8yter. Jeg var rusten og m\u00e5tte terpe litt. Ida holdt p\u00e5 \u00e5 f\u00e5 latterkrampe, for \u00e5 si det s\u00e5nn. Men John blir jo skummelt h\u00f8y n\u00e5r han f\u00e5r p\u00e5 seg sk\u00f8yter og hjelm! sier L\u00f8kke og peker p\u00e5 Carew. <\/p>\n<p class=\"_paragraph_o9xde_4 _paragraph_xtcu6_10 layout-component text-serif-m layout-normal text-serif-m layout-padded\">\u2013 En hjelm som ikke var stor nok, s\u00e5 den ble sittende OPP\u00c5 hodet. Men det er jo det litt s\u00f8te med den scenen, at jeg skulle se litt dum og fjollete ut, svarer nesten to meter h\u00f8ye Carew. <\/p>\n<p><img alt=\"G\u00c5R I BALL: John Carew f\u00f8lte seg ikke all verden da han geleidet Ida Elise Broch over isen i \u00abHjem til jul\u00bb.   Foto: Netflix\" class=\"_image_qp4xg_65 layout-component layout-normal\" data-fullscreen- data-track-element-type=\"Article image fullscreen\" data-track-name=\"ImageFullscreen\" decoding=\"async\" loading=\"lazy\" height=\"1022\" itemprop=\"image\"  src=\"https:\/\/www.europesays.com\/no\/wp-content\/uploads\/2025\/12\/51469767-8265-4cbd-904a-7fdfdeb3740d\"  style=\"object-position:0% 0%\" width=\"1681\"\/>G\u00c5R I BALL: John Carew f\u00f8lte seg ikke all verden da han geleidet Ida Elise Broch over isen i \u00abHjem til jul\u00bb.   Foto: Netflix<\/p>\n<p class=\"_paragraph_o9xde_4 _paragraph_xtcu6_10 layout-component text-serif-m layout-normal text-serif-m layout-padded\">F\u00f8r duoen skulle spille inn sk\u00f8ytescenene, fikk de \u00e9n \u00f8vingsdag for \u00e5 sjekke kamerariggen.<\/p>\n<p class=\"_paragraph_o9xde_4 _paragraph_xtcu6_10 layout-component text-serif-m layout-normal text-serif-m layout-padded\">\u2013 Det var ganske imponerende, da! Den var bygget helt spesielt for \u00e5 v\u00e6re p\u00e5 sk\u00f8ytebanen. En tung rigg med hjul og en kameramann opp\u00e5, forteller L\u00f8kke. <\/p>\n<p class=\"_paragraph_o9xde_4 _paragraph_xtcu6_10 layout-component text-serif-m layout-normal text-serif-m layout-padded\">I samme slengen avsl\u00f8rer han en liten hemmelighet.<\/p>\n<p class=\"_paragraph_o9xde_4 _paragraph_xtcu6_10 layout-component text-serif-m layout-normal text-serif-m layout-padded\">\u2013 Det var helt v\u00e5tt p\u00e5 isen p\u00e5 grunn av plussgrader, s\u00e5 vi m\u00e5tte dekke til med sn\u00f8 rundt, fordi det egentlig var bart. Jeg vet ikke om jeg f\u00e5r lov til \u00e5 si det, men &#8230; <\/p>\n<p class=\"_paragraph_o9xde_4 _paragraph_xtcu6_10 layout-component text-serif-m layout-normal text-serif-m layout-padded\"><strong class=\"_strong_o9xde_25\">Og med disse \u00abulovlige\u00bb ord beveger vi oss over i den frekke delen av intervjuet. <\/strong><\/p>\n<p><img alt=\"SKOGSKJEKKAS: Gard L\u00f8kkes rollefigur er en mann som h\u00f8gger sitt eget juletre. Kan det felle Johannes hjerte?   Foto: Hallgrim Haug \/ Netflix\" class=\"_image_qp4xg_65 layout-component layout-normal\" data-fullscreen- data-track-element-type=\"Article image fullscreen\" data-track-name=\"ImageFullscreen\" decoding=\"async\" loading=\"lazy\" height=\"1915\" itemprop=\"image\"  src=\"https:\/\/www.europesays.com\/no\/wp-content\/uploads\/2025\/12\/dc26e704-b974-4f91-9660-3d6b40f6351a\"  style=\"object-position:0% 0%\" width=\"2931\"\/>SKOGSKJEKKAS: Gard L\u00f8kkes rollefigur er en mann som h\u00f8gger sitt eget juletre. Kan det felle Johannes hjerte?   Foto: Hallgrim Haug \/ Netflix\u2013 Hva snakker du om!<\/p>\n<p class=\"_paragraph_o9xde_4 _paragraph_xtcu6_10 layout-component text-serif-m layout-normal text-serif-m layout-padded\">T\u00f8mmeraas, som spiller en sykepleier som er relativt p\u00e5g\u00e5ende p\u00e5 arbeidsplassen overfor Brochs Johanne, f\u00e5r gleden av \u00e5 \u00e5pne ballet.<\/p>\n<p class=\"_paragraph_o9xde_4 _paragraph_xtcu6_10 layout-component text-serif-m layout-normal text-serif-m layout-padded\">\u2013 Den sjekkingen din i serien er ganske intens &#8230;<\/p>\n<p class=\"_paragraph_o9xde_4 _paragraph_xtcu6_10 layout-component text-serif-m layout-normal text-serif-m layout-padded\">\u2013 Hva snakker du om! fleiper 28-\u00e5ringen. <\/p>\n<p class=\"_paragraph_o9xde_4 _paragraph_xtcu6_10 layout-component text-serif-m layout-normal text-serif-m layout-padded\">\u2013 Karakteren din sier blant annet: \u00abDet blir vanskelig \u00e5 jobbe med deg, for jeg kommer til \u00e5 bli forelsket i deg\u00bb. Har du opplevd noe lignende selv i jobbrelasjon?<\/p>\n<p><img alt=\"IN DA CLUB: Herman T\u00f8mmeraas aka Erik byr opp til dans!   Foto: Netflix\" class=\"_image_qp4xg_65 layout-component layout-normal\" data-fullscreen- data-track-element-type=\"Article image fullscreen\" data-track-name=\"ImageFullscreen\" decoding=\"async\" loading=\"lazy\" height=\"1024\" itemprop=\"image\"  src=\"https:\/\/www.europesays.com\/no\/wp-content\/uploads\/2025\/12\/d84ce7f4-4872-46b7-b769-5c085928ede3\"  style=\"object-position:0% 0%\" width=\"1736\"\/>IN DA CLUB: Herman T\u00f8mmeraas aka Erik byr opp til dans!   Foto: Netflix<\/p>\n<p class=\"_paragraph_o9xde_4 _paragraph_xtcu6_10 layout-component text-serif-m layout-normal text-serif-m layout-padded\">\u2013 Nei, det har jeg ikke. Det var litt snille sp\u00f8rsm\u00e5l i starten, ja. Jeg merker at dette ble stilt rett i trynet mitt &#8230; S\u00e5nne replikker er b\u00e5de g\u00f8y og sm\u00e5spennende. S\u00e5 jeg h\u00e5per det lander i serien og ikke bare blir klissete, svarer T\u00f8mmeraas. <\/p>\n<p class=\"_paragraph_o9xde_4 _paragraph_xtcu6_10 layout-component text-serif-m layout-normal text-serif-m layout-padded\">\u2013 Ser du noen likheter med deg selv i hvordan karakteren din sjekker opp?<\/p>\n<p class=\"_paragraph_o9xde_4 _paragraph_xtcu6_10 layout-component text-serif-m layout-normal text-serif-m layout-padded\">\u2013 Neimen, herlighet! Nei, jeg ser ikke s\u00e5 mange likhetstegn fra mitt personlige liv. Men det var en veldig morsom karakter \u00e5 f\u00e5 leke med, sier han lattermildt. <\/p>\n<p class=\"_paragraph_o9xde_4 _paragraph_xtcu6_10 layout-component text-serif-m layout-normal text-serif-m layout-padded\">Video: Dette ble en stor snakkis under den f\u00f8rste \u00abHjem til jul\u00bb-sesongen:<\/p>\n<p>   \u2013 For et sp\u00f8rsm\u00e5l<\/p>\n<p class=\"_paragraph_o9xde_4 _paragraph_xtcu6_10 layout-component text-serif-m layout-normal text-serif-m layout-padded\">Vi slipper T\u00f8mmeraas av kroken og retter haukeblikket mot Carew. <\/p>\n<p class=\"_paragraph_o9xde_4 _paragraph_xtcu6_10 layout-component text-serif-m layout-normal text-serif-m layout-padded\">\u2013 I serien er karakteren din i en slags restartfase etter et brudd. Hvordan er du selv i den fasen?<\/p>\n<p class=\"_paragraph_o9xde_4 _paragraph_xtcu6_10 layout-component text-serif-m layout-normal text-serif-m layout-padded\">\u2013 For et sp\u00f8rsm\u00e5l, svarer \u00abOlsenbanden\u00bb-skuespilleren umiddelbart, f\u00f8r han finner noen ord. <\/p>\n<p class=\"_paragraph_o9xde_4 _paragraph_xtcu6_10 layout-component text-serif-m layout-normal text-serif-m layout-padded\">\u2013 Det vil jeg ikke dykke veldig dypt ned i, men det er nok litt forskjellig fra karakteren min, Adrian. Jeg har ikke v\u00e6rt i veldig mange forhold i livet mitt. Adrian har litt mer erfaring med det \u00e5 v\u00e6re i forhold enn jeg har i virkeligheten.<\/p>\n<p><img alt=\"KLINER TIL: Carew og Broch omfavner hverandre under en scene i \u00abHjem til jul\u00bb.   Foto: Netflix\" class=\"_image_qp4xg_65 layout-component layout-normal\" data-fullscreen- data-track-element-type=\"Article image fullscreen\" data-track-name=\"ImageFullscreen\" decoding=\"async\" loading=\"lazy\" height=\"983\" itemprop=\"image\"  src=\"https:\/\/www.europesays.com\/no\/wp-content\/uploads\/2025\/12\/6e1ebbc1-459d-48db-a3ce-c33b2ce8a862\"  style=\"object-position:0% 0%\" width=\"1300\"\/>KLINER TIL: Carew og Broch omfavner hverandre under en scene i \u00abHjem til jul\u00bb.   Foto: Netflix<\/p>\n<p class=\"_paragraph_o9xde_4 _paragraph_xtcu6_10 layout-component text-serif-m layout-normal text-serif-m layout-padded\">\u2013 Du m\u00e5 kline litt i serien ogs\u00e5. Hvor komfortabel er du med det?<\/p>\n<p class=\"_paragraph_o9xde_4 _paragraph_xtcu6_10 layout-component text-serif-m layout-normal text-serif-m layout-padded\">\u2013 Det g\u00e5r greit. Man m\u00e5 bare glemme at kameraet er der, s\u00e5 funker det. Det var veldig trygt. Det f\u00f8les ikke rart, men naturlig. Vi har noen rammer vi m\u00e5 holde oss innenfor, og innenfor de kan vi slippe oss l\u00f8s, forklarer Carew. <\/p>\n<p class=\"_paragraph_o9xde_4 _paragraph_xtcu6_10 layout-component text-serif-m layout-normal text-serif-m layout-padded\">Vi sier oss ferdige med den tidligere landslagsspissen, som for \u00f8vrig nevner at han tror Norge har \u00abgode sjanser\u00bb i neste \u00e5rs VM i Nord-Amerika.<\/p>\n<p class=\"_paragraph_o9xde_4 _paragraph_xtcu6_10 layout-component text-serif-m layout-normal text-serif-m layout-padded\">Up next: Gard L\u00f8kke. <\/p>\n<p><img alt=\"GODT H\u00c5NDVERK: Gard L\u00f8kkes Bo og Johanne har fl\u00f8rtende kjemi i \u00abHjem til jul\u00bb.   Foto: Netflix \/ Courtesy of Netflix\" class=\"_image_qp4xg_65 layout-component layout-normal\" data-fullscreen- data-track-element-type=\"Article image fullscreen\" data-track-name=\"ImageFullscreen\" decoding=\"async\" loading=\"lazy\" height=\"2492\" itemprop=\"image\"  src=\"https:\/\/www.europesays.com\/no\/wp-content\/uploads\/2025\/12\/158c2d7e-790b-466f-ab41-36c4332244c1\"  style=\"object-position:0% 0%\" width=\"3750\"\/>GODT H\u00c5NDVERK: Gard L\u00f8kkes Bo og Johanne har fl\u00f8rtende kjemi i \u00abHjem til jul\u00bb.   Foto: Netflix \/ Courtesy of Netflix\u2013 Satt og gossa meg<\/p>\n<p class=\"_paragraph_o9xde_4 _paragraph_xtcu6_10 layout-component text-serif-m layout-normal text-serif-m layout-padded\">\u2013 Hva med deg, Gard \u2013 hvordan er du i restartfasen? <\/p>\n<p class=\"_paragraph_o9xde_4 _paragraph_xtcu6_10 layout-component text-serif-m layout-normal text-serif-m layout-padded\">\u2013 Det var litt av et sp\u00f8rsm\u00e5l, ja. Jeg var litt glad for at John fikk det. Og jeg satt og gossa meg litt da jeg ikke fikk sjekkesp\u00f8rsm\u00e5let, men s\u00e5 kom det noe likevel &#8230;<\/p>\n<p class=\"_paragraph_o9xde_4 _paragraph_xtcu6_10 layout-component text-serif-m layout-normal text-serif-m layout-padded\">26-\u00e5ringen kommer likevel med et godt r\u00e5d til deg som har hjertesmerte.<\/p>\n<p class=\"_paragraph_o9xde_4 _paragraph_xtcu6_10 layout-component text-serif-m layout-normal text-serif-m layout-padded\">\u2013 Jeg tror \u00abtid\u00bb er det beste svaret. Man f\u00e5r ikke styrt s\u00e5 mye, s\u00e5 man m\u00e5 bare ta tiden til hjelp. S\u00e5nn er det i hvert fall for min del.<\/p>\n<p><img alt=\"MASKERT FL\u00d8RTEPUS: Det startet med \u00e5 fikse Johannes kj\u00f8kken, men kan det ende med \u00e5 rehabilitere hele hjertet hennes?   Foto: Netflix \/ Courtesy of Netflix\" class=\"_image_qp4xg_65 layout-component layout-normal\" data-fullscreen- data-track-element-type=\"Article image fullscreen\" data-track-name=\"ImageFullscreen\" decoding=\"async\" loading=\"lazy\" height=\"1920\" itemprop=\"image\"  src=\"https:\/\/www.europesays.com\/no\/wp-content\/uploads\/2025\/12\/fadf565e-e703-473e-a49d-79c6f765fc5c\"  style=\"object-position:0% 0%\" width=\"3840\"\/>MASKERT FL\u00d8RTEPUS: Det startet med \u00e5 fikse Johannes kj\u00f8kken, men kan det ende med \u00e5 rehabilitere hele hjertet hennes?   Foto: Netflix \/ Courtesy of Netflix<\/p>\n<p class=\"_paragraph_o9xde_4 _paragraph_xtcu6_10 layout-component text-serif-m layout-normal text-serif-m layout-padded\">L\u00f8kkes karakter Bo hyres inn for \u00e5 fikse Johannes kj\u00f8kken f\u00f8r jul. Bo lener seg inn i stereotypen om at h\u00e5ndverkere er s\u00e5nn middels flinke til \u00e5 kommunisere med kunden.<\/p>\n<p class=\"_paragraph_o9xde_4 _paragraph_xtcu6_10 layout-component text-serif-m layout-normal text-serif-m layout-padded\">\u2013 Hva er din erfaring med h\u00e5ndverkere og kommunikasjon?<\/p>\n<p class=\"_paragraph_o9xde_4 _paragraph_xtcu6_10 layout-component text-serif-m layout-normal text-serif-m layout-padded\">\u2013 Det som er litt mitt dilemma, er at jeg vil klare alt selv, uten at jeg har kunnskapen til det. S\u00e5 jeg har ikke v\u00e6rt s\u00e5 mye borti h\u00e5ndverkere, men jeg har kjempet mye mot gardinstangen i det siste, som enn\u00e5 ikke er oppe.<\/p>\n<p class=\"_paragraph_o9xde_4 _paragraph_xtcu6_10 layout-component text-serif-m layout-normal text-serif-m layout-padded\">\u2013 S\u00e5 du er uten gardiner n\u00e5?<\/p>\n<p class=\"_paragraph_o9xde_4 _paragraph_xtcu6_10 layout-component text-serif-m layout-normal text-serif-m layout-padded\">\u2013 Jeg er uten gardiner, ja. H\u00e5per de kommer opp snart &#8230;<\/p>\n<p class=\"_paragraph_o9xde_4 _paragraph_xtcu6_10 layout-component text-serif-m layout-normal text-serif-m layout-padded\">Med det lar vi trekl\u00f8veret slippe unna for denne gang, f\u00f8r rullegardinene g\u00e5r ned.<\/p>\n<p class=\"_paragraph_o9xde_4 _paragraph_xtcu6_10 layout-component text-serif-m layout-normal text-serif-m layout-padded\">Se hva Broch mener var den vanskeligste scenen under hele sesong to av \u00abHjem til jul\u00bb:<\/p>\n","protected":false},"excerpt":{"rendered":"\u2013 For et sp\u00f8rsm\u00e5l, sier John Carew. \u2013 Neimen, herlighet! utbryter Herman T\u00f8mmeraas. \u2013 S\u00e5 kom det noe&hellip;\n","protected":false},"author":2,"featured_media":112028,"comment_status":"","ping_status":"","sticky":false,"template":"","format":"standard","meta":{"footnotes":""},"categories":[58],"tags":[71,8554,5593,220,30,28,29,376,72],"class_list":{"0":"post-112027","1":"post","2":"type-post","3":"status-publish","4":"format-standard","5":"has-post-thumbnail","7":"category-underholdning","8":"tag-entertainment","9":"tag-john-carew","10":"tag-jul","11":"tag-netflix","12":"tag-no","13":"tag-norge","14":"tag-norway","15":"tag-tv-serier","16":"tag-underholdning"},"share_on_mastodon":{"url":"https:\/\/pubeurope.com\/@no\/115711806380516322","error":""},"_links":{"self":[{"href":"https:\/\/www.europesays.com\/no\/wp-json\/wp\/v2\/posts\/112027","targetHints":{"allow":["GET"]}}],"collection":[{"href":"https:\/\/www.europesays.com\/no\/wp-json\/wp\/v2\/posts"}],"about":[{"href":"https:\/\/www.europesays.com\/no\/wp-json\/wp\/v2\/types\/post"}],"author":[{"embeddable":true,"href":"https:\/\/www.europesays.com\/no\/wp-json\/wp\/v2\/users\/2"}],"replies":[{"embeddable":true,"href":"https:\/\/www.europesays.com\/no\/wp-json\/wp\/v2\/comments?post=112027"}],"version-history":[{"count":0,"href":"https:\/\/www.europesays.com\/no\/wp-json\/wp\/v2\/posts\/112027\/revisions"}],"wp:featuredmedia":[{"embeddable":true,"href":"https:\/\/www.europesays.com\/no\/wp-json\/wp\/v2\/media\/112028"}],"wp:attachment":[{"href":"https:\/\/www.europesays.com\/no\/wp-json\/wp\/v2\/media?parent=112027"}],"wp:term":[{"taxonomy":"category","embeddable":true,"href":"https:\/\/www.europesays.com\/no\/wp-json\/wp\/v2\/categories?post=112027"},{"taxonomy":"post_tag","embeddable":true,"href":"https:\/\/www.europesays.com\/no\/wp-json\/wp\/v2\/tags?post=112027"}],"curies":[{"name":"wp","href":"https:\/\/api.w.org\/{rel}","templated":true}]}}