{"id":112034,"date":"2025-12-13T10:38:16","date_gmt":"2025-12-13T10:38:16","guid":{"rendered":"https:\/\/www.europesays.com\/no\/112034\/"},"modified":"2025-12-13T10:38:16","modified_gmt":"2025-12-13T10:38:16","slug":"tysk-vm-sjokk-ikke-skjedd-pa-32-ar-vg","status":"publish","type":"post","link":"https:\/\/www.europesays.com\/no\/112034\/","title":{"rendered":"Tysk VM-sjokk \u2013 ikke skjedd p\u00e5 32 \u00e5r &#8211; VG"},"content":{"rendered":"<ol>\n<li><a href=\"https:\/\/news.google.com\/rss\/articles\/CBMilAFBVV95cUxQbzU0YXRrQ1o4em1FdmFISFdYQjc2TUNucWczX3NKUkpLb1ZVQ1laLUFReVlva0s1aW5VSldyLTRwUmI4bkVzaS1jRmRYLU9MRnBiUWtTbmZSODBwYVdmWDEtMmZRel9tSWItRUNETlo4VHQwdEdlOEQ4elhHUjhFemFEZWsxNnZab2d1bWhoMzVOWUpr?oc=5\" target=\"_blank\" rel=\"nofollow noopener\">Tysk VM-sjokk \u2013 ikke skjedd p\u00e5 32 \u00e5r<\/a>&nbsp;&nbsp;VG<\/li>\n<li><a href=\"https:\/\/news.google.com\/rss\/articles\/CBMiY0FVX3lxTE5tSEZoUXZpMGtZZDZSSW9NQ3ZfdzZmVmhfVFA1MUVDNEo4dmhQMW9GQmNEQmktdW5rbXJWc0d5Z2dJMXl6cmFmdXlSQ0p5em4ta0otMDZ6Ymk1bnUwVFNuZGI3TQ?oc=5\" target=\"_blank\" rel=\"nofollow noopener\">Tysk VM-bombe<\/a>&nbsp;&nbsp;Dagbladet<\/li>\n<li><a href=\"https:\/\/news.google.com\/rss\/articles\/CBMibkFVX3lxTFBBZzJsQ1QyT0tOWlp1Mll0NExBVllZeHdoWkVNUUdnejBZTXJGTS11YnBwaTZjeXNXY2lrS0c2QXZDVi13TDdxajZ4Qmk1Z24tSU5SOEM1RTFBei1GY3RCOGVKT1N1T2YzNHhfemln?oc=5\" target=\"_blank\" rel=\"nofollow noopener\">Historisk finale i vente: \u2013 H\u00e5per av hele mitt hjerte hun avslutter med gull<\/a>&nbsp;&nbsp;Norsk Tipping<\/li>\n<li><a href=\"https:\/\/news.google.com\/rss\/articles\/CBMirwFBVV95cUxPOXV2d2poRUUydU9zYTJacnRVa1dwdmxvWl9SaVduYWpaWUUzM1c2cldoNVBEN0lLaWNweWJReUlfNjY2dW5kZi1JellUaVNic3hMQkYtWFJLU0VqQlhSUlAzSWRMZjlpRjdMYTZuc1JaSnNza3lhWHY2VzhSVVk1c0dRS1RCaHY1d1RzUU5oZmdoTG43UUFZbXdoMEloZmo4ekZCa3Jha0Y3QmZTbHo0?oc=5\" target=\"_blank\" rel=\"nofollow noopener\">Tr\u00f8bbel f\u00f8r sk\u00f8ytefesten i Vikingskipet: Starten utsatt med nesten en time<\/a>&nbsp;&nbsp;NRK<\/li>\n<li><a href=\"https:\/\/news.google.com\/rss\/articles\/CBMihwFBVV95cUxNYWpNZ2RibzZlRW1hZXhSSzdfRmhRT1NIdW0xRkRuc1g0aF83ZGF2RnJBUnE4Q2lJbEdXMDdZSTU0aHVyYzFQQlV2WXBzUUJ6LTJZRXdKRmpPT2F2WmFfY3FZMzNVaUl0WFZUQ3hrTmFNUDVXWHhfeW1xYmJBREFnV1pCbkFLbG8?oc=5\" target=\"_blank\" rel=\"nofollow noopener\">H\u00e5ndball-VM 2025, H\u00e5ndballjentene | VM-sjokk: M\u00f8ter Norge i finalen<\/a>&nbsp;&nbsp;Nettavisen<\/li>\n<\/ol>\n","protected":false},"excerpt":{"rendered":"Tysk VM-sjokk \u2013 ikke skjedd p\u00e5 32 \u00e5r&nbsp;&nbsp;VG Tysk VM-bombe&nbsp;&nbsp;Dagbladet Historisk finale i vente: \u2013 H\u00e5per av hele&hellip;\n","protected":false},"author":2,"featured_media":112035,"comment_status":"","ping_status":"","sticky":false,"template":"","format":"standard","meta":{"footnotes":""},"categories":[59],"tags":[30,28,29,83,82],"class_list":{"0":"post-112034","1":"post","2":"type-post","3":"status-publish","4":"format-standard","5":"has-post-thumbnail","7":"category-sport","8":"tag-no","9":"tag-norge","10":"tag-norway","11":"tag-sport","12":"tag-sports"},"share_on_mastodon":{"url":"https:\/\/pubeurope.com\/@no\/115711829988612522","error":""},"_links":{"self":[{"href":"https:\/\/www.europesays.com\/no\/wp-json\/wp\/v2\/posts\/112034","targetHints":{"allow":["GET"]}}],"collection":[{"href":"https:\/\/www.europesays.com\/no\/wp-json\/wp\/v2\/posts"}],"about":[{"href":"https:\/\/www.europesays.com\/no\/wp-json\/wp\/v2\/types\/post"}],"author":[{"embeddable":true,"href":"https:\/\/www.europesays.com\/no\/wp-json\/wp\/v2\/users\/2"}],"replies":[{"embeddable":true,"href":"https:\/\/www.europesays.com\/no\/wp-json\/wp\/v2\/comments?post=112034"}],"version-history":[{"count":0,"href":"https:\/\/www.europesays.com\/no\/wp-json\/wp\/v2\/posts\/112034\/revisions"}],"wp:featuredmedia":[{"embeddable":true,"href":"https:\/\/www.europesays.com\/no\/wp-json\/wp\/v2\/media\/112035"}],"wp:attachment":[{"href":"https:\/\/www.europesays.com\/no\/wp-json\/wp\/v2\/media?parent=112034"}],"wp:term":[{"taxonomy":"category","embeddable":true,"href":"https:\/\/www.europesays.com\/no\/wp-json\/wp\/v2\/categories?post=112034"},{"taxonomy":"post_tag","embeddable":true,"href":"https:\/\/www.europesays.com\/no\/wp-json\/wp\/v2\/tags?post=112034"}],"curies":[{"name":"wp","href":"https:\/\/api.w.org\/{rel}","templated":true}]}}