{"id":112040,"date":"2025-12-13T10:42:12","date_gmt":"2025-12-13T10:42:12","guid":{"rendered":"https:\/\/www.europesays.com\/no\/112040\/"},"modified":"2025-12-13T10:42:12","modified_gmt":"2025-12-13T10:42:12","slug":"kommentar-donald-trump-rakker-ned-pa-europa","status":"publish","type":"post","link":"https:\/\/www.europesays.com\/no\/112040\/","title":{"rendered":"Kommentar: Donald Trump rakker ned p\u00e5 Europa"},"content":{"rendered":"\n<ul class=\"_list_o9xde_3 _list_64s2r_85 _unordered_o9xde_106 text-sans-m\">\n<li class=\"_item_o9xde_30\">Trumps kritikk av Europa i ny sikkerhetsstrategi sprer MAGA-politikk og Kreml er forn\u00f8yd.<\/li>\n<li class=\"_item_o9xde_30\">Moskva sier den nye strategien er i tr\u00e5d med deres syn.<\/li>\n<li class=\"_item_o9xde_30\">Russland hyller uvanlig nok en amerikansk strategi, mens Europa f\u00e5r skylden for selvp\u00e5f\u00f8rte problemer.<\/li>\n<\/ul>\n<p>Vis mer <\/p>\n<p class=\"_paragraph_o9xde_4 _paragraph_xtcu6_10 layout-component text-serif-m layout-normal text-serif-m layout-padded\">Da USAs nye <a href=\"https:\/\/www.whitehouse.gov\/wp-content\/uploads\/2025\/12\/2025-National-Security-Strategy.pdf\" class=\"_link_o9xde_39\" rel=\"nofollow noopener\" target=\"_blank\">sikkerhetsstrategi<\/a> ble lagt frem i forrige uke, var plutselig Europa det store problemet. Hadde kontinentet bare hatt litt mer selvsikkerhet, kunne det ordnet opp selv med Russland.<\/p>\n<p class=\"_paragraph_o9xde_4 _paragraph_xtcu6_10 layout-component text-serif-m layout-normal text-serif-m layout-padded\">Men nei, Europa sliter visst p\u00e5 s\u00e5 mange fronter. Og ikke overraskende: Moskva er helt enig.<\/p>\n<p class=\"_paragraph_o9xde_4 _paragraph_xtcu6_10 layout-component text-serif-m layout-normal text-serif-m layout-padded\">Derfra heter det at den nye amerikanske strategien er i <a href=\"https:\/\/www.reuters.com\/world\/china\/kremlin-says-new-us-security-strategy-accords-largely-with-russias-view-2025-12-07\/?utm_source=chatgpt.com\" class=\"_link_o9xde_39\" rel=\"nofollow noopener\" target=\"_blank\">tr\u00e5d med deres syn.<\/a> <\/p>\n<p><img alt=\"M\u00d8TTES I ALASKA: Putin og Trump i august i \u00e5r.\" class=\"_image_qp4xg_65 layout-component layout-normal\" data-fullscreen- data-track-element-type=\"Article image fullscreen\" data-track-name=\"ImageFullscreen\" decoding=\"async\" loading=\"lazy\" height=\"370\" itemprop=\"image\"  src=\"https:\/\/www.europesays.com\/no\/wp-content\/uploads\/2025\/12\/27199799-e279-4b11-b7d3-33b57d2097a7\"  style=\"object-position:0% 0%\" width=\"565\"\/>M\u00d8TTES I ALASKA: Putin og Trump i august i \u00e5r.<\/p>\n<p class=\"_paragraph_o9xde_4 _paragraph_xtcu6_10 layout-component text-serif-m layout-normal text-serif-m layout-padded\">Det er h\u00f8yst uvanlig at Russland hyller en amerikansk sikkerhetsstrategi. <\/p>\n<p class=\"_paragraph_o9xde_4 _paragraph_xtcu6_10 layout-component text-serif-m layout-normal text-serif-m layout-padded\">I Joe Bidens <a href=\"https:\/\/bidenwhitehouse.archives.gov\/wp-content\/uploads\/2022\/10\/Biden-Harris-Administrations-National-Security-Strategy-10.2022.pdf\" class=\"_link_o9xde_39\" rel=\"nofollow noopener\" target=\"_blank\">tilsvarende dokument fra 2022 <\/a>var Russland autorit\u00e6rt, farlig og en \u00abumiddelbar\u00bb trussel.<\/p>\n<p class=\"_paragraph_o9xde_4 _paragraph_xtcu6_10 layout-component text-serif-m layout-normal text-serif-m layout-padded\">N\u00e5 er Russland langt mindre sentralt. <\/p>\n<p class=\"_paragraph_o9xde_4 _paragraph_xtcu6_10 layout-component text-serif-m layout-normal text-serif-m layout-padded\">Det er EU og andre overnasjonale organer overnasjonale organer  Dette er organisasjoner eller institusjoner som har myndighet over flere nasjoner, som for eksempel EU.som angivelig \u00f8delegger friheten til folk. Feige liberalere og kulturelt forfall, masseinnvandring, lave f\u00f8dselstall, manglende patriotisme og styrende eliter som driver med sensur, fjerner ytringsfriheten og ser bort fra folks \u00f8nsker, i Europa alts\u00e5. <\/p>\n<p class=\"_paragraph_o9xde_4 _paragraph_xtcu6_10 layout-component text-serif-m layout-normal text-serif-m layout-padded\"><a href=\"https:\/\/www.youtube.com\/watch?si=_FJb1NJzhW9D4TiQ&amp;v=C8EX0a9yNUw&amp;feature=youtu.be\" class=\"_link_o9xde_39\" rel=\"nofollow noopener\" target=\"_blank\">BBCs <\/a>gjennomgang av omtalen i russiske aviser viser at de  elsker dette. <\/p>\n<p class=\"_paragraph_o9xde_4 _paragraph_xtcu6_10 layout-component text-serif-m layout-normal text-serif-m layout-padded\">\u00abTrump er ikke \u2018pappaen\u2019 deres lenger\u00bb, er tittelen i Moskovskij Komsomolets. <\/p>\n<p><img alt=\"JULEPYNTET: Trump-ekteparet mottok sangeren Andrea Bocelli i Det hvite hus i helgen.   Foto: Brian Snyder \/ Reuters \/ NTB\" class=\"_image_qp4xg_65 layout-component layout-normal\" data-fullscreen- data-track-element-type=\"Article image fullscreen\" data-track-name=\"ImageFullscreen\" decoding=\"async\" loading=\"lazy\" height=\"3353\" itemprop=\"image\"  src=\"https:\/\/www.europesays.com\/no\/wp-content\/uploads\/2025\/12\/cebccd77-dca6-408a-bdd4-0869770ab341\"  style=\"object-position:0% 0%\" width=\"5030\"\/>JULEPYNTET: Trump-ekteparet mottok sangeren Andrea Bocelli i Det hvite hus i helgen.   Foto: Brian Snyder \/ Reuters \/ NTB<\/p>\n<p class=\"_paragraph_o9xde_4 _paragraph_xtcu6_10 layout-component text-serif-m layout-normal text-serif-m layout-padded\">Ironisk nok er det Russland og USA som styres av autorit\u00e6re eliter.  autorit\u00e6re eliter. Dette refererer til en styrende klasse som har konsentrert makt og kontrollerer et land uten \u00e5 tillate mye politisk frihet eller motstand.Trump-familien sitter p\u00e5 toppen <a href=\"https:\/\/www.facebook.com\/Reuters\/posts\/in-the-first-half-of-2025-the-trump-organizations-income-soared-17-fold-to-864-m\/1374254277898634\/\" class=\"_link_o9xde_39\" rel=\"nofollow noopener\" target=\"_blank\">og beriker seg selv<\/a>, mens u\u00f8nskede meninger stemples som ekstremisme. Putin p\u00e5 sin side sv\u00f8mmer i luksus, korrupsjonen er systemisk, demonstrasjoner sl\u00e5s ned og opposisjonelle drepes. <\/p>\n<p class=\"_paragraph_o9xde_4 _paragraph_xtcu6_10 layout-component text-serif-m layout-normal text-serif-m layout-padded\">Omtanke for ytringsfrihet er alts\u00e5 kun et skalkeskjul. Som Trump sa nylig om regimkritiker Jamal Khashoggi,Jamal Khashoggi,Jamal Khashoggi var en saudiarabisk journalist og regimekritiker som skrev for blant annet Washington Post. som gikk inn i det saudiarabiske konsulatet i Istanbul og aldri kom ut igjen:<\/p>\n<p class=\"_paragraph_o9xde_4 _paragraph_xtcu6_10 layout-component text-serif-m layout-normal text-serif-m layout-padded\">\u00abTing skjer\u00bb. <\/p>\n<p class=\"_paragraph_o9xde_4 _paragraph_xtcu6_10 layout-component text-serif-m layout-normal text-serif-m layout-padded\">Det var visst ikke s\u00e5 n\u00f8ye at journalisten etter alt \u00e5 d\u00f8mme ble drept og partert der inne.<\/p>\n<p><img alt=\"BEGYNTE P\u00c5 NEDRAKKINGEN: JD Vance med kona Usha i M\u00fcnchen i februar. Her ga den amerikanske visepresidenten en tale som sjokkerte Europa.   Foto: MICHAELA STACHE \/ AFP \/ NTB\" class=\"_image_qp4xg_65 layout-component layout-normal\" data-fullscreen- data-track-element-type=\"Article image fullscreen\" data-track-name=\"ImageFullscreen\" decoding=\"async\" loading=\"lazy\" height=\"3408\" itemprop=\"image\"  src=\"https:\/\/www.europesays.com\/no\/wp-content\/uploads\/2025\/12\/3fdc48d9-ba3a-4edb-9ab1-4a4ceef0e1ea\"  style=\"object-position:0% 0%\" width=\"4616\"\/>BEGYNTE P\u00c5 NEDRAKKINGEN: JD Vance med kona Usha i M\u00fcnchen i februar. Her ga den amerikanske visepresidenten en tale som sjokkerte Europa.   Foto: MICHAELA STACHE \/ AFP \/ NTB<\/p>\n<p class=\"_paragraph_o9xde_4 _paragraph_xtcu6_10 layout-component text-serif-m layout-normal text-serif-m layout-padded\">Likevel m\u00e5 vi ta denne merkelige strategien, en blanding av selvskryt og konspirasjonsteorier, p\u00e5 et visst alvor. Alle adminstrasjoner har en s\u00e5nn. Og denne er fortsettelsen av visepresident JD Vances anklager mot Europa, presentert <a href=\"https:\/\/www.vg.no\/nyheter\/i\/lwm9ny\/jd-vance-kom-med-en-trussel-mot-europa\" data-track-element-type=\"Link\" data-track-id=\"link:lwm9ny\" class=\"_link_o9xde_39\" rel=\"nofollow noopener\" target=\"_blank\">i talen p\u00e5 <\/a>sikkerhetskonferansen i M\u00fcnchen sikkerhetskonferansen i M\u00fcnchen Dette er en \u00e5rlig konferanse som samler internasjonale ledere for \u00e5 diskutere globale sikkerhetssp\u00f8rsm\u00e5li februar.<\/p>\n<p class=\"_paragraph_o9xde_4 _paragraph_xtcu6_10 layout-component text-serif-m layout-normal text-serif-m layout-padded\">Det er ytre h\u00f8yres talepunkter om Europa gjentas. Dette handler om \u00e5 hjelpe politiske allierte. For det er ikke meningsmangfold MAGA er opptatt av, men at deres ytterligg\u00e5ende synspunkter skal dominere.<\/p>\n<p class=\"_paragraph_o9xde_4 _paragraph_xtcu6_10 layout-component text-serif-m layout-normal text-serif-m layout-padded\">Ikke s\u00e5nn \u00e5 forst\u00e5 at det europeiske kontinentet ikke har reelle problemer. Flere tar man tak i. <\/p>\n<p class=\"_paragraph_o9xde_4 _paragraph_xtcu6_10 layout-component text-serif-m layout-normal text-serif-m layout-padded\">EU-landene ble mandag enige om nye regler som \u00e5pner for \u00e5 sende asyls\u00f8kere til trygge tredjeland. Den lave \u00f8konomiske veksten har f\u00e5tt EU til \u00e5 rydde i forskriftsjungelen.<\/p>\n<p><img alt=\"REAGERTE: Norges utenriksminister Espen Barth Eide kaller sikkerhetsstrategien for kraftig kost.   Foto: MAHMUD HAMS \/ AFP \/ NTB\" class=\"_image_qp4xg_65 layout-component layout-normal\" data-fullscreen- data-track-element-type=\"Article image fullscreen\" data-track-name=\"ImageFullscreen\" decoding=\"async\" loading=\"lazy\" height=\"5482\" itemprop=\"image\"  src=\"https:\/\/www.europesays.com\/no\/wp-content\/uploads\/2025\/12\/50a106fb-6668-4183-8740-c29976bb9412\"  style=\"object-position:0% 0%\" width=\"3655\"\/>REAGERTE: Norges utenriksminister Espen Barth Eide kaller sikkerhetsstrategien for kraftig kost.   Foto: MAHMUD HAMS \/ AFP \/ NTB<\/p>\n<p class=\"_paragraph_o9xde_4 _paragraph_xtcu6_10 layout-component text-serif-m layout-normal text-serif-m layout-padded\">Vi vet ogs\u00e5 at ytringsfriheten heller ikke er perfekt. Mange karikaturtegnere t\u00f8r ikke tegne profeten Muhammed fordi islamister truer. Men europeiske myndigheter fors\u00f8ker \u00e5 beskytte utsatte. <\/p>\n<p class=\"_paragraph_o9xde_4 _paragraph_xtcu6_10 layout-component text-serif-m layout-normal text-serif-m layout-padded\">S\u00e5 er reglene ulike. Noen begrensninger legges p\u00e5 ytringsfriheten. I Tyskland er hakekorset forbudt, og staten kan forby ytterligg\u00e5ende partier.<\/p>\n<p class=\"_paragraph_o9xde_4 _paragraph_xtcu6_10 layout-component text-serif-m layout-normal text-serif-m layout-padded\">I Storbritannia sl\u00e5s hatprat ned p\u00e5, mens grunnloven i USA beskytter ytringer, ogs\u00e5 de hatefulle. Det britiske regelverket er nylig <a href=\"https:\/\/en.wikipedia.org\/wiki\/Non-crime_hate_incident\" class=\"_link_o9xde_39\" rel=\"nofollow noopener\" target=\"_blank\">endret<\/a>, slik at politiet ikke lenger skal etterforske alle typer krenkende ytringer som egne hendelser.<\/p>\n<p class=\"_paragraph_o9xde_4 _paragraph_xtcu6_10 layout-component text-serif-m layout-normal text-serif-m layout-padded\">P\u00e5 ett felt skiller USA seg tydelig, positivt ut: \u00f8konomisk vekst. Veksten i Europa er lav, USA gj\u00f8r det bedre.<\/p>\n<p class=\"_paragraph_o9xde_4 _paragraph_xtcu6_10 layout-component text-serif-m layout-normal text-serif-m layout-padded\">Hvorfor?<\/p>\n<p class=\"_paragraph_o9xde_4 _paragraph_xtcu6_10 layout-component text-serif-m layout-normal text-serif-m layout-padded\">En del av forklaringen mener mange eksperter er <a href=\"https:\/\/www.nationalacademies.org\/read\/23550\/chapter\/1#xxiv\" class=\"_link_o9xde_39\" rel=\"nofollow noopener\" target=\"_blank\">h\u00f8y innvandring<\/a>. Den gir USA vekst i befolkningen og mer arbeidskraft, selv om det ogs\u00e5 der f\u00f8des for f\u00e5 barn. USA f\u00e5r ikke bare st\u00f8rre arbeidsstyrke, men ogs\u00e5 \u00f8kt ettersp\u00f8rsel og i mange sektorer \u00f8kt produktivitet. I Europa eldes befolkningen.<\/p>\n<p class=\"_paragraph_o9xde_4 _paragraph_xtcu6_10 layout-component text-serif-m layout-normal text-serif-m layout-padded\">Men har ikke Europa \u00abmasseinnvandring\u00bb?<\/p>\n<p class=\"_paragraph_o9xde_4 _paragraph_xtcu6_10 layout-component text-serif-m layout-normal text-serif-m layout-padded\">Ikke i samme skala som USA over tid. Et problem er at mange blir st\u00e5ende utenfor arbeidslivet i stedet for \u00e5 erstatte en krympende arbeidsstyrke.<\/p>\n<p class=\"_paragraph_o9xde_4 _paragraph_xtcu6_10 layout-component text-serif-m layout-normal text-serif-m layout-padded\">Mens innvandring gir \u00f8konomisk gevinst i USA, sl\u00e5r det ikke til p\u00e5 samme m\u00e5te overalt i Europa.<\/p>\n<p class=\"_paragraph_o9xde_4 _paragraph_xtcu6_10 layout-component text-serif-m layout-normal text-serif-m layout-padded\">Samtidig har Europa h\u00f8yere levealder enn USA, mindre ulikhet, et bedre helsevesen for alle, mindre barnefattigdom og et bedre sikkerhetsnett.<\/p>\n<p class=\"_paragraph_o9xde_4 _paragraph_xtcu6_10 layout-component text-serif-m layout-normal text-serif-m layout-padded\">Hvis problemet virkelig er lav europeisk selvtillit og mangel p\u00e5 patriotisme, fremst\u00e5r USAs nedsnakking av sin langvarige allierte som en merkelig og oppsiktsvekkende aff\u00e6re.<\/p>\n<p class=\"_paragraph_o9xde_4 _paragraph_xtcu6_10 layout-component text-serif-m layout-normal text-serif-m layout-padded\">Burde de ikke heller l\u00f8fte frem en gammel venn?<\/p>\n<p class=\"_paragraph_o9xde_4 _paragraph_xtcu6_10 layout-component text-serif-m layout-normal text-serif-m layout-padded\">Nei, for \u00e5 vokse trenger MAGA en indre fiende. Den manes frem hjemme og i Europa. Slik splittes vi. <\/p>\n<p class=\"_paragraph_o9xde_4 _paragraph_xtcu6_10 layout-component text-serif-m layout-normal text-serif-m layout-padded\">Det er musikk i Putins \u00f8rer. For Europa er det nok en grunn til bekymring. <\/p>\n<p class=\"_paragraph_o9xde_4 _paragraph_xtcu6_10 layout-component text-serif-m layout-normal layout-padded\"><strong class=\"_strong_o9xde_25\">Les ogs\u00e5:<\/strong> <a href=\"https:\/\/www.vg.no\/i\/WvLveQ\" data-track-element-type=\"Link\" data-track-id=\"link:WvLveQ\" class=\"_link_o9xde_39\" rel=\"nofollow noopener\" target=\"_blank\">Eide svarer USA: \u2013 Kraftig kost<\/a><\/p>\n<p>   Dette er en kommentar. Kommentaren gir uttrykk for skribentens holdning. <\/p>\n","protected":false},"excerpt":{"rendered":"Trumps kritikk av Europa i ny sikkerhetsstrategi sprer MAGA-politikk og Kreml er forn\u00f8yd. Moskva sier den nye strategien&hellip;\n","protected":false},"author":2,"featured_media":112041,"comment_status":"","ping_status":"","sticky":false,"template":"","format":"standard","meta":{"footnotes":""},"categories":[12],"tags":[20,21,55,279,274,24,25,15,22,23,13,30,28,29,14,16,26,27,42,103,186,43,44,45],"class_list":{"0":"post-112040","1":"post","2":"type-post","3":"status-publish","4":"format-standard","5":"has-post-thumbnail","7":"category-verden","8":"tag-breaking-news","9":"tag-breakingnews","10":"tag-donald-trump","11":"tag-eu","12":"tag-europa","13":"tag-featured-news","14":"tag-featurednews","15":"tag-headlines","16":"tag-latest-news","17":"tag-latestnews","18":"tag-news","19":"tag-no","20":"tag-norge","21":"tag-norway","22":"tag-nyheter","23":"tag-overskrifter","24":"tag-top-stories","25":"tag-topstories","26":"tag-verden","27":"tag-vgmeninger","28":"tag-vladimir-putin","29":"tag-world","30":"tag-world-news","31":"tag-worldnews"},"share_on_mastodon":{"url":"https:\/\/pubeurope.com\/@no\/115711845909913169","error":""},"_links":{"self":[{"href":"https:\/\/www.europesays.com\/no\/wp-json\/wp\/v2\/posts\/112040","targetHints":{"allow":["GET"]}}],"collection":[{"href":"https:\/\/www.europesays.com\/no\/wp-json\/wp\/v2\/posts"}],"about":[{"href":"https:\/\/www.europesays.com\/no\/wp-json\/wp\/v2\/types\/post"}],"author":[{"embeddable":true,"href":"https:\/\/www.europesays.com\/no\/wp-json\/wp\/v2\/users\/2"}],"replies":[{"embeddable":true,"href":"https:\/\/www.europesays.com\/no\/wp-json\/wp\/v2\/comments?post=112040"}],"version-history":[{"count":0,"href":"https:\/\/www.europesays.com\/no\/wp-json\/wp\/v2\/posts\/112040\/revisions"}],"wp:featuredmedia":[{"embeddable":true,"href":"https:\/\/www.europesays.com\/no\/wp-json\/wp\/v2\/media\/112041"}],"wp:attachment":[{"href":"https:\/\/www.europesays.com\/no\/wp-json\/wp\/v2\/media?parent=112040"}],"wp:term":[{"taxonomy":"category","embeddable":true,"href":"https:\/\/www.europesays.com\/no\/wp-json\/wp\/v2\/categories?post=112040"},{"taxonomy":"post_tag","embeddable":true,"href":"https:\/\/www.europesays.com\/no\/wp-json\/wp\/v2\/tags?post=112040"}],"curies":[{"name":"wp","href":"https:\/\/api.w.org\/{rel}","templated":true}]}}