{"id":112049,"date":"2025-12-13T10:49:07","date_gmt":"2025-12-13T10:49:07","guid":{"rendered":"https:\/\/www.europesays.com\/no\/112049\/"},"modified":"2025-12-13T10:49:07","modified_gmt":"2025-12-13T10:49:07","slug":"han-utpresser-alle-en-ekte-terrorist","status":"publish","type":"post","link":"https:\/\/www.europesays.com\/no\/112049\/","title":{"rendered":"\u2013 Han utpresser alle \u2013 en ekte terrorist"},"content":{"rendered":"<p><strong>Vestlige politikere er knyttet til Ukrainas president Volodymyr Zelenskyj gjennom korrupsjon, og blir presset av ham i sp\u00f8rsm\u00e5l om krigen og valg i Ukraina. <\/strong><\/p>\n<p>Det hevder talsperson for Russlands utenriksdepartement, Maria Zakharova, if\u00f8lge det russiske nyhetsbyr\u00e5et <a href=\"https:\/\/tass.ru\/politika\/25901971\" rel=\"nofollow noopener\" target=\"_blank\">Tass<\/a>.<\/p>\n<p>\u2013 Han utpresser alle. En ekte terrorist, b\u00e5de i metode og ideologi. Han er vant til \u00e5 presse alle og vet hvem som har v\u00e6rt involvert i korrupsjonsavtaler med ham p\u00e5 vestlig side, sier Zakharova.<\/p>\n<p>If\u00f8lge Zakharova \u00f8nsker ikke Zelenskyj \u00e5 avholde valg i Ukraina. Hun hevder at han i stedet fors\u00f8ker \u00e5 f\u00e5 vestlig st\u00f8tte til det hun omtaler som \u00abvalg av seg selv\u00bb.<\/p>\n<p>Uttalelsene ble gitt i Moskva fredag, skriver Tass.<\/p>\n","protected":false},"excerpt":{"rendered":"Vestlige politikere er knyttet til Ukrainas president Volodymyr Zelenskyj gjennom korrupsjon, og blir presset av ham i sp\u00f8rsm\u00e5l&hellip;\n","protected":false},"author":2,"featured_media":112050,"comment_status":"","ping_status":"","sticky":false,"template":"","format":"standard","meta":{"footnotes":""},"categories":[12],"tags":[20,21,24,25,15,2109,179,22,23,13,30,28,29,14,16,188,26,27,42,7103,488,43,44,45],"class_list":{"0":"post-112049","1":"post","2":"type-post","3":"status-publish","4":"format-standard","5":"has-post-thumbnail","7":"category-verden","8":"tag-breaking-news","9":"tag-breakingnews","10":"tag-featured-news","11":"tag-featurednews","12":"tag-headlines","13":"tag-korrupsjon","14":"tag-krigen-i-ukraina","15":"tag-latest-news","16":"tag-latestnews","17":"tag-news","18":"tag-no","19":"tag-norge","20":"tag-norway","21":"tag-nyheter","22":"tag-overskrifter","23":"tag-russland","24":"tag-top-stories","25":"tag-topstories","26":"tag-verden","27":"tag-vesten","28":"tag-volodymyr-zelenskyj","29":"tag-world","30":"tag-world-news","31":"tag-worldnews"},"share_on_mastodon":{"url":"https:\/\/pubeurope.com\/@no\/115711873184852763","error":""},"_links":{"self":[{"href":"https:\/\/www.europesays.com\/no\/wp-json\/wp\/v2\/posts\/112049","targetHints":{"allow":["GET"]}}],"collection":[{"href":"https:\/\/www.europesays.com\/no\/wp-json\/wp\/v2\/posts"}],"about":[{"href":"https:\/\/www.europesays.com\/no\/wp-json\/wp\/v2\/types\/post"}],"author":[{"embeddable":true,"href":"https:\/\/www.europesays.com\/no\/wp-json\/wp\/v2\/users\/2"}],"replies":[{"embeddable":true,"href":"https:\/\/www.europesays.com\/no\/wp-json\/wp\/v2\/comments?post=112049"}],"version-history":[{"count":0,"href":"https:\/\/www.europesays.com\/no\/wp-json\/wp\/v2\/posts\/112049\/revisions"}],"wp:featuredmedia":[{"embeddable":true,"href":"https:\/\/www.europesays.com\/no\/wp-json\/wp\/v2\/media\/112050"}],"wp:attachment":[{"href":"https:\/\/www.europesays.com\/no\/wp-json\/wp\/v2\/media?parent=112049"}],"wp:term":[{"taxonomy":"category","embeddable":true,"href":"https:\/\/www.europesays.com\/no\/wp-json\/wp\/v2\/categories?post=112049"},{"taxonomy":"post_tag","embeddable":true,"href":"https:\/\/www.europesays.com\/no\/wp-json\/wp\/v2\/tags?post=112049"}],"curies":[{"name":"wp","href":"https:\/\/api.w.org\/{rel}","templated":true}]}}