{"id":112064,"date":"2025-12-13T11:01:21","date_gmt":"2025-12-13T11:01:21","guid":{"rendered":"https:\/\/www.europesays.com\/no\/112064\/"},"modified":"2025-12-13T11:01:21","modified_gmt":"2025-12-13T11:01:21","slug":"peter-greene-kjent-fra-pulp-fiction-og-the-mask-ble-funnet-dod-i-new-york-2","status":"publish","type":"post","link":"https:\/\/www.europesays.com\/no\/112064\/","title":{"rendered":"Peter Greene, kjent fra \u00abPulp Fiction\u00bb og \u00abThe Mask\u00bb, ble funnet d\u00f8d i New York"},"content":{"rendered":"<p class=\"kicker \" style=\"\">Peter Greene:\u00a0<\/p>\n<p>  Fredag ble skuespiller Peter Greene funnet d\u00f8d i sin egen leilighet. Han ble 60 \u00e5r gammel.\u00a0<\/p>\n<p>\n    D\u00d8DE: Skuespiller Peter Greene har g\u00e5tt bort, 60 \u00e5r gammel. Foto: Battleplan Prods \/ Cinerenta \/ Kobal \/ REX \/ NTB\n  <\/p>\n<p>Peter Greene, kjent for sine roller som skurker i filmer som \u00abPulp Fiction\u00bb og \u00abThe Mask\u00bb, er d\u00f8d. Det bekrefter hans manager Gregg Edwards til amerikanske medier.<\/p>\n<p>    <a itemprop=\"url\" href=\"https:\/\/www.seher.no\/kjendis\/hjerteskjaerende-avskjed\/83974784\" rel=\"nofollow noopener\" target=\"_blank\"><\/p>\n<p>        <img loading=\"lazy\" decoding=\"async\" src=\"https:\/\/www.europesays.com\/no\/wp-content\/uploads\/2025\/12\/83974953.webp\" width=\"147\" height=\"98\" title=\"Hjerteskj\u00e6rende avskjed\" alt=\"\" class=\"lazyload\" style=\"--aspect-ratio-image: 1.50; \"\/><\/p>\n<p>        Hjerteskj\u00e6rende avskjed<\/p>\n<p>    <\/a><\/p>\n<p><a href=\"https:\/\/www.nydailynews.com\/2025\/12\/12\/peter-greene-60-actor-pulp-fiction-the-mask-found-dead-in-nyc-apartment-lower-east-side\/\" rel=\"nofollow noopener\" target=\"_blank\">New York Daily News<\/a>\u00a0omtalte saken f\u00f8rst.\u00a0<\/p>\n<p>Skuespilleren ble funnet d\u00f8d i leiligheten sin i New York fredag. D\u00f8ds\u00e5rsaken er ikke kjent.<\/p>\n<p>        HYLLES: Ble overrasket med en hyllest fra sin avd\u00f8de morfar under \u00abVilket liv!\u00bb. Video: \u00abVilket liv!\u00bb\/TV4.<\/p>\n<p>If\u00f8lge manageren skal det ha v\u00e6rt musikk som spilte i leiligheten i over 24 timer, noe som f\u00f8rte til at noen ba om en velferdssjekk.<\/p>\n<p>Greene spilte den sadistiske voldtektsmannen Zed i Quentin Tarantinos \u00abPulp Fiction\u00bb fra 1994. Samme \u00e5r spilte han ogs\u00e5 skurken Dorian i Jim Carrey-filmen \u00abThe Mask\u00bb.<\/p>\n<p>        <img loading=\"lazy\" decoding=\"async\" src=\"https:\/\/www.europesays.com\/no\/wp-content\/uploads\/2025\/12\/83979485.webp\" width=\"686\" height=\"474\" title=\"SKURK: Peter Greene spilte skurken Dorian Tyrell i filmen \u00abThe Mask \u00bbfra 1994. Foto: Moviestore \/ REX \/ NTB\" alt=\"\" class=\"\" style=\"--aspect-ratio-image: 1.45; \"\/><\/p>\n<p>\n        SKURK: Peter Greene spilte skurken Dorian Tyrell i filmen \u00abThe Mask \u00bbfra 1994. Foto: Moviestore \/ REX \/ NTB\n    <\/p>\n<p class=\"font-weight-bold m-font-weight-bold no_italic m-no_italic\" data-lab-italic=\"\" data-lab-font_weight=\"font-weight-bold\">&#8211; Ingen spilte en skurk bedre enn Peter. Men han hadde ogs\u00e5 en myk side som de fleste aldri s\u00e5, og et hjerte av gull, sier manageren til <a href=\"https:\/\/www.nbcnews.com\/news\/obituaries\/peter-greene-actor-known-pulp-fiction-mask-dead-60-rcna248976\" rel=\"nofollow noopener\" target=\"_blank\">NBC News<\/a>.<\/p>\n<p>    <a itemprop=\"url\" href=\"https:\/\/www.seher.no\/kjendis\/deler-detaljer-om-dodsfallet\/83965092\" rel=\"nofollow noopener\" target=\"_blank\"><\/p>\n<p>        <img loading=\"lazy\" decoding=\"async\" src=\"https:\/\/www.europesays.com\/no\/wp-content\/uploads\/2025\/12\/83965356.webp\" width=\"980\" height=\"441\" title=\"Deler detaljer om d\u00f8dsfallet\" alt=\"\" class=\"lazyload\" style=\"--aspect-ratio-image: 2.22; \"\/><\/p>\n<p>        Deler detaljer om d\u00f8dsfallet<\/p>\n<p>    <\/a><\/p>\n<p>Skuespilleren hadde ogs\u00e5 roller i filmer som \u00abThe Usual Suspects\u00bb, \u00abScenes of the Crime\u00bb og \u00abTrainig Day\u00bb.<\/p>\n<p>I sistnevnte spilte han detektiven Jeff, som blir skutt av Denzel Washingtons korrupte karakter Alonzo Harris.<\/p>\n<p>        <img loading=\"lazy\" decoding=\"async\" src=\"https:\/\/www.europesays.com\/no\/wp-content\/uploads\/2025\/12\/83979498.webp\" width=\"686\" height=\"467\" title=\"P\u00c5 SKJERMEN: Peter Greene i filmen \u00abScenes of the Crime\u00bb i 2001. Foto: Snap Stills \/ REX \/ NTB\" alt=\"\" class=\"\" style=\"--aspect-ratio-image: 1.47; \"\/><\/p>\n<p>\n        P\u00c5 SKJERMEN: Peter Greene i filmen \u00abScenes of the Crime\u00bb i 2001. Foto: Snap Stills \/ REX \/ NTB\n    <\/p>\n<p>Greene ble f\u00f8dt i Montclair i New Jersey 8. oktober 1965. Han begynte med skuespill i 20-\u00e5rene mens han bodde i New York.<\/p>\n<p>Han etterlater seg en s\u00f8ster og en bror.<\/p>\n","protected":false},"excerpt":{"rendered":"Peter Greene:\u00a0 Fredag ble skuespiller Peter Greene funnet d\u00f8d i sin egen leilighet. Han ble 60 \u00e5r gammel.\u00a0&hellip;\n","protected":false},"author":2,"featured_media":112065,"comment_status":"","ping_status":"","sticky":false,"template":"","format":"standard","meta":{"footnotes":""},"categories":[58],"tags":[4787,71,13693,479,2543,30,28,29,3318,72],"class_list":{"0":"post-112064","1":"post","2":"type-post","3":"status-publish","4":"format-standard","5":"has-post-thumbnail","7":"category-underholdning","8":"tag-dode","9":"tag-entertainment","10":"tag-funnet-dod","11":"tag-kjendis","12":"tag-kjendisdesken","13":"tag-no","14":"tag-norge","15":"tag-norway","16":"tag-skuespiller","17":"tag-underholdning"},"share_on_mastodon":{"url":"https:\/\/pubeurope.com\/@no\/115711920390216141","error":""},"_links":{"self":[{"href":"https:\/\/www.europesays.com\/no\/wp-json\/wp\/v2\/posts\/112064","targetHints":{"allow":["GET"]}}],"collection":[{"href":"https:\/\/www.europesays.com\/no\/wp-json\/wp\/v2\/posts"}],"about":[{"href":"https:\/\/www.europesays.com\/no\/wp-json\/wp\/v2\/types\/post"}],"author":[{"embeddable":true,"href":"https:\/\/www.europesays.com\/no\/wp-json\/wp\/v2\/users\/2"}],"replies":[{"embeddable":true,"href":"https:\/\/www.europesays.com\/no\/wp-json\/wp\/v2\/comments?post=112064"}],"version-history":[{"count":0,"href":"https:\/\/www.europesays.com\/no\/wp-json\/wp\/v2\/posts\/112064\/revisions"}],"wp:featuredmedia":[{"embeddable":true,"href":"https:\/\/www.europesays.com\/no\/wp-json\/wp\/v2\/media\/112065"}],"wp:attachment":[{"href":"https:\/\/www.europesays.com\/no\/wp-json\/wp\/v2\/media?parent=112064"}],"wp:term":[{"taxonomy":"category","embeddable":true,"href":"https:\/\/www.europesays.com\/no\/wp-json\/wp\/v2\/categories?post=112064"},{"taxonomy":"post_tag","embeddable":true,"href":"https:\/\/www.europesays.com\/no\/wp-json\/wp\/v2\/tags?post=112064"}],"curies":[{"name":"wp","href":"https:\/\/api.w.org\/{rel}","templated":true}]}}