{"id":112075,"date":"2025-12-13T11:13:14","date_gmt":"2025-12-13T11:13:14","guid":{"rendered":"https:\/\/www.europesays.com\/no\/112075\/"},"modified":"2025-12-13T11:13:14","modified_gmt":"2025-12-13T11:13:14","slug":"nobels-fredspris-iran-fredsprisvinner-narges-mohammadi-pagrepet-i-iran","status":"publish","type":"post","link":"https:\/\/www.europesays.com\/no\/112075\/","title":{"rendered":"Nobels fredspris, Iran | Fredsprisvinner Narges Mohammadi p\u00e5grepet i Iran"},"content":{"rendered":"\n<p>P\u00e5gripelsen var voldsom, if\u00f8lge st\u00f8ttespillere fra Narges Foundation, som har publisert en melding p\u00e5 <a href=\"https:\/\/x.com\/nargesfnd\/status\/1999466406572617836\" rel=\"nofollow\">X<\/a>.<\/p>\n<p>Iranske sikkerhetsstyrker skal ha p\u00e5grepet henne under en minneseremoni for advokaten Khosrow Alikordi, som ble funnet d\u00f8d p\u00e5 sitt kontor tidligere denne uken. Seremonien skal ha funnet sted i byen Mashhad.<\/p>\n<p>Iranske myndigheter har forel\u00f8pig ikke kommentert p\u00e5gripelsen.<\/p>\n<p>   <img decoding=\"async\" width=\"5412\" height=\"3608\" fetchpriority=\"low\"  loading=\"lazy\"  src=\"https:\/\/www.europesays.com\/no\/wp-content\/uploads\/2025\/12\/cueres_scp-hxlerouzq_hXlEr0ouZ8Q_1.jpg\" alt=\"Oslo 20231210. &#10;Ali og Kiana (t.v.) Rahmani under utdelingen av Nobels fredspris for 2023 i Oslo r\u00e5dhus. &#10;Nobels fredspris 2023 tildeles iranske Narges Mohammadi for hennes kamp mot undertrykking av kvinner i Iran og hennes kamp for menneskerettigheter og frihet for alle. Narges Mohammadi er fengslet i Iran, og prisen tas i mot av hennes to barn Ali og Kiana og ektemannen Taghi Rahmani.&#10;Foto: Fredrik Varfjell \/ NTB\" class=\"brick-c-cFOWSL\" style=\"--brick-image-ratio: 5412 \/ 3608;\"\/><\/p>\n<p>      Mohammadi d\u00f8tre, Ali og Kiana Rahmani under utdelingen av Nobels fredspris for 2023 i Oslo r\u00e5dhus. Muhammadi var fengslet i Iran da prisen ble delt ut.<br \/>\n      Foto: Fredrik Varfjell (NTB)\n    <\/p>\n<p>  Bekymring<\/p>\n<p>I juli uttrykte Nobelkomiteen bekymring ettersom Mohammadi ble truet p\u00e5 livet av iranske myndigheter.<\/p>\n<p>Journalisten og menneskerettsaktivisten mottok i 2023 fredsprisen for sin kamp mot undertrykking av kvinner i Iran og sin kamp for menneskerettigheter og frihet for alle.<\/p>\n<p><b>Les ogs\u00e5: <\/b><a class=\"simple-relation related-teaser article--c-eRUmMG article--c-eRUmMG-fZoQSp-design-nettavisen article--c-eRUmMG-gwthdJ-cv\" href=\"https:\/\/www.nettavisen.no\/machado-de-ville-ha-gjort-alt-de-kunne-for-a-stoppe-meg\/s\/5-95-2774544\" rel=\"nofollow noopener\" target=\"_blank\">Machado: \u2013 De ville ha gjort alt de kunne for \u00e5 stoppe meg<\/a><\/p>\n<p>Hun har tilbrakt store deler av de siste ti \u00e5rene bak murene, men ble l\u00f8slatt midlertidig fra Evin-fengselet i Teheran i desember i fjor av helse\u00e5rsaker. F\u00f8rste gang hun ble sperret inne, var i 1998.<\/p>\n<p>Forsvarerne hennes har flere ganger advart om at hun n\u00e5r som helst kan bli p\u00e5grepet p\u00e5 nytt.<\/p>\n<p>Intervjuet av TV 2<\/p>\n<p><a href=\"https:\/\/www.tv2.no\/nyheter\/utenriks\/iransk-fredsprisvinner-til-tv-2-kvinnene-vil-knuse-regimet\/18354521\/\" rel=\"nofollow noopener\" target=\"_blank\">TV 2<\/a> publiserte et intervju med Mohammadi for under en uke siden. Der snakket hun om sine opplevelser i Evin-fengselet.<\/p>\n<p>\u2013 Alle som har v\u00e6rt i isolasjon, har gjennomg\u00e5tt en veldig vanskelig periode, og det har jeg ogs\u00e5 gjort i isolasjonscellene, sa Mohammadi til TV 2.<\/p>\n<p><b>Les ogs\u00e5: <\/b><a class=\"simple-relation related-teaser article--c-eRUmMG article--c-eRUmMG-fZoQSp-design-nettavisen article--c-eRUmMG-gwthdJ-cv\" href=\"https:\/\/www.nettavisen.no\/fredsprisvinneren-far-audiens-hos-kongen-norges-klokeste-mann\/s\/5-95-2775882\" rel=\"nofollow noopener\" target=\"_blank\">Fredsprisvinneren f\u00e5r audiens hos kongen: \u2013 Norges klokeste mann<\/a><\/p>\n<p>Hun fortalte ogs\u00e5 om at hun fortsatt har en ti \u00e5r lang fengselsstraff hengende over seg, som kan iverksettes n\u00e5r som helst.<\/p>\n<p>I tillegg er hun ilagt et permanent utreiseforbud og har opplevd direkte drapstrusler fra det iranske etterretningsdepartementet.<\/p>\n<p>P\u00e5 gaten har hun blitt utsatt for trakassering og slagord fra regimets folk.<\/p>\n<p>(\u00a9NTB)<\/p>\n","protected":false},"excerpt":{"rendered":"P\u00e5gripelsen var voldsom, if\u00f8lge st\u00f8ttespillere fra Narges Foundation, som har publisert en melding p\u00e5 X. Iranske sikkerhetsstyrker skal&hellip;\n","protected":false},"author":2,"featured_media":112076,"comment_status":"","ping_status":"","sticky":false,"template":"","format":"standard","meta":{"footnotes":""},"categories":[12],"tags":[20,21,24,25,15,22,23,13,30,28,29,14,16,26,27,42,43,44,45],"class_list":{"0":"post-112075","1":"post","2":"type-post","3":"status-publish","4":"format-standard","5":"has-post-thumbnail","7":"category-verden","8":"tag-breaking-news","9":"tag-breakingnews","10":"tag-featured-news","11":"tag-featurednews","12":"tag-headlines","13":"tag-latest-news","14":"tag-latestnews","15":"tag-news","16":"tag-no","17":"tag-norge","18":"tag-norway","19":"tag-nyheter","20":"tag-overskrifter","21":"tag-top-stories","22":"tag-topstories","23":"tag-verden","24":"tag-world","25":"tag-world-news","26":"tag-worldnews"},"share_on_mastodon":{"url":"https:\/\/pubeurope.com\/@no\/115711968094707902","error":""},"_links":{"self":[{"href":"https:\/\/www.europesays.com\/no\/wp-json\/wp\/v2\/posts\/112075","targetHints":{"allow":["GET"]}}],"collection":[{"href":"https:\/\/www.europesays.com\/no\/wp-json\/wp\/v2\/posts"}],"about":[{"href":"https:\/\/www.europesays.com\/no\/wp-json\/wp\/v2\/types\/post"}],"author":[{"embeddable":true,"href":"https:\/\/www.europesays.com\/no\/wp-json\/wp\/v2\/users\/2"}],"replies":[{"embeddable":true,"href":"https:\/\/www.europesays.com\/no\/wp-json\/wp\/v2\/comments?post=112075"}],"version-history":[{"count":0,"href":"https:\/\/www.europesays.com\/no\/wp-json\/wp\/v2\/posts\/112075\/revisions"}],"wp:featuredmedia":[{"embeddable":true,"href":"https:\/\/www.europesays.com\/no\/wp-json\/wp\/v2\/media\/112076"}],"wp:attachment":[{"href":"https:\/\/www.europesays.com\/no\/wp-json\/wp\/v2\/media?parent=112075"}],"wp:term":[{"taxonomy":"category","embeddable":true,"href":"https:\/\/www.europesays.com\/no\/wp-json\/wp\/v2\/categories?post=112075"},{"taxonomy":"post_tag","embeddable":true,"href":"https:\/\/www.europesays.com\/no\/wp-json\/wp\/v2\/tags?post=112075"}],"curies":[{"name":"wp","href":"https:\/\/api.w.org\/{rel}","templated":true}]}}