{"id":112099,"date":"2025-12-13T11:44:14","date_gmt":"2025-12-13T11:44:14","guid":{"rendered":"https:\/\/www.europesays.com\/no\/112099\/"},"modified":"2025-12-13T11:44:14","modified_gmt":"2025-12-13T11:44:14","slug":"alexandra-joner-39-om-mammarollen","status":"publish","type":"post","link":"https:\/\/www.europesays.com\/no\/112099\/","title":{"rendered":"Alexandra Joner (39) om mammarollen:"},"content":{"rendered":"<p>Denne h\u00f8sten har Alexandra Joner (35) blant annet v\u00e6rt \u00e5 se som paneldeltaker i \u00abSpillet\u00bb, deltaker i \u00abHotellet\u00bb sammen med moren Barbara og som gjesteartist i \u00abSkal vi danse\u00bb.<\/p>\n<p>I sistnevnte kunne artisten og programlederen r\u00f8pe at hun og\u00a0<a href=\"https:\/\/www.tv2.no\/direkte\/jpybz\/siste-nytt\/67dacb8e286bbf45e9fefdc7\/,%20samt%20folk%20tilknyttet%20president%20Nicol%C3%A1s%20Maduro,\" rel=\"nofollow noopener\" target=\"_blank\">kj\u00e6resten<\/a>,\u00a0Joachim Lindbo,\u00a0<a href=\"https:\/\/www.tv2.no\/underholdning\/alexandra-joner-skal-bli-mamma\/18268389\/\" rel=\"nofollow noopener\" target=\"_blank\">venter sitt f\u00f8rste barn<\/a>.<\/p>\n<p>\u00abBaby loading \u2026 50 %\u00bb, skrev hun p\u00e5 Instagram et par timer f\u00f8r \u00abSkal vi danse\u00bb-opptredenen 8. november,\u00a0<a href=\"https:\/\/www.instagram.com\/p\/DQzRMS_jEWA\/\" target=\"_blank\" rel=\"nofollow noopener\">under en video<\/a>\u00a0hvor hun og kj\u00e6resten holder rundt hverandre og viser frem et ultralydbilde.<\/p>\n<p>I slutten av november delte 35-\u00e5ringen at paret venter en liten jente.<\/p>\n<p>\u2013 Har ikke forberedt meg en dritt\u00a0<\/p>\n<p> P\u00e5 TV 2s v\u00e5rslipp p\u00e5 Sentralen i Oslo tidligere denne uken, str\u00e5lte den gravide TV-profilen. <\/p>\n<p>\u2013 Jeg h\u00e5per jo at det blir hyggelig \u00e5 bli mamma. Alle sier at det er veldig koselig, s\u00e5 da g\u00e5r vi for det.<\/p>\n<p>Joner kan videre avsl\u00f8re hvordan det g\u00e5r med forberedelsene til den nye tilv\u00e6relsen som sm\u00e5barnsmor:<\/p>\n<p>        <img class=\"image__img lazyload\" itemprop=\"image\" title=\"Foto: TV 2\" alt=\"PROGRAMLEDER: Joner var programleder for TV 2s v\u00e5rslipp 2026 p\u00e5 Sentralen i Oslo, sammen med Simon Nietsche. Foto: TV 2\" width=\"675\" height=\"412\" bad-src=\"https:\/\/www.europesays.com\/no\/wp-content\/uploads\/2025\/12\/18372194.webp\" fetchpriority=\"auto\" \/><\/p>\n<p>      PROGRAMLEDER: Joner var programleder for TV 2s v\u00e5rslipp 2026 p\u00e5 Sentralen i Oslo, sammen med Simon Nietsche.<br \/>\n         Foto: TV 2<\/p>\n<p> \u2013 Jeg har ikke forberedt meg en dritt, og jeg orker ikke \u00e5 forberede meg n\u00e5 n\u00e5r jeg fortsatt har noen m\u00e5neder igjen. Jeg vil ikke bli skremme meg selv med alt jeg ikke kan eller vet, og heller tenke:\u00a0\u00abDette ordner seg\u00bb. <\/p>\n<p>Lindbo har likevel s\u00f8rget for at paret i hvert fall har noe p\u00e5 plass f\u00f8r den lille jenta melder sin ankomst p\u00e5 ny\u00e5ret.<\/p>\n<p>\u2013 Jeg har f\u00e5tt en julekalender av kj\u00e6resten min, og hver dag \u00e5pner jeg en ny pakke og tenker: \u00abHva faen er det her?\u00bb.\u00a0S\u00e5 da sp\u00f8r jeg han p\u00e5 Snap, og da er han s\u00e5nn:\u00a0\u00abDet er en stellematte\u00bb. Her om dagen\u00a0var det en leke, men jeg trodde den var til \u00e5 ta p\u00e5 brystvortene for ikke \u00e5 lekke melk. S\u00e5 jeg er helt\u00a0\u00ablost\u00bb, sier Joner og ler.<\/p>\n<p>Debuterer som skuespiller<\/p>\n<p>Til neste \u00e5r blir Joner ogs\u00e5 \u00e5 se som\u00a0<a href=\"https:\/\/www.tv2.no\/underholdning\/debuterer-som-skuespiller-en-drom\/17302838\/\" rel=\"nofollow noopener\" target=\"_blank\">skuespiller i neste sesong av serien \u00abHelt perfekt\u00bb<\/a>, som n\u00e5 blir sendt p\u00e5 TV 2.<\/p>\n<p>Hun blir derimot\u00a0<a href=\"https:\/\/www.tv2.no\/underholdning\/alexandra-joner-mistet-tv-jobben-det-er-trist\/18248633\/\" rel=\"nofollow noopener\" target=\"_blank\">ikke \u00e5 se i \u00abLove Island\u00bb<\/a>, som hun ledet i to sesonger. Realityserien kommer nemlig ikke tilbake med ny sesong.<\/p>\n<p>\u2013 Det er kjempetrist. Jeg elsker\u00a0\u00abLove Island\u00bb, s\u00e5 det er synd. Men man f\u00e5r ikke gjort noe med det, og jeg h\u00e5per det kommer tilbake senere, har hun tidligere sagt til TV 2.<\/p>\n<p>        <img class=\"image__img lazyload\" itemprop=\"image\" title=\"Foto: TV 2\" alt=\"SKUESPILLER: Alexandra Joner sammen med sine to nye kollegaer, Ine Jansen og Thomas Giertsen, i \u00abHelt Perfekt\u00bb. Foto: TV 2\" width=\"675\" height=\"446\" bad-src=\"https:\/\/www.europesays.com\/no\/wp-content\/uploads\/2025\/12\/18372206.webp\" fetchpriority=\"auto\" \/><\/p>\n<p>      SKUESPILLER: Alexandra Joner sammen med sine to nye kollegaer, Ine Jansen og Thomas Giertsen, i \u00abHelt Perfekt\u00bb.<br \/>\n         Foto: TV 2<\/p>\n<p>\u2013 Ferie i ni m\u00e5neder<\/p>\n<p>Underholdningsbransjen kan ogs\u00e5 v\u00e6re en t\u00f8ff bransje for mange, siden man ofte avhenger av \u00e5 sikre seg nye, kortvarige oppdrag.<\/p>\n<p>Det stopper likevel ikke Joner fra \u00e5 ta mammapermisjon.\u00a0<\/p>\n<p>\u2013 Min plan er \u00e5 ta det helt rolig og kose meg. Jeg skal si:\u00a0\u00abSnakkes aldri, folkens.\u00a0Jeg tar ferie\u00bb. For\u00a0det er det jeg tenker at jeg skal n\u00e5, en ferie i ni m\u00e5neder.\u00a0<\/p>\n<p>        <img class=\"image__img lazyload\" itemprop=\"image\" title=\"Foto: Christian Roth Christensen \/ TV 2\" alt=\". Foto: Christian Roth Christensen \/ TV 2\" width=\"978\" height=\"551\" bad-src=\"https:\/\/www.europesays.com\/no\/wp-content\/uploads\/2025\/12\/18372252.webp\" fetchpriority=\"auto\" \/><\/p>\n<p>      .<br \/>\n         Foto: Christian Roth Christensen \/ TV 2<\/p>\n<p>Hun er likevel tydelig p\u00e5 at hun ikke kommer til \u00e5 forsvinne helt, selv om hun g\u00e5r ut i permisjon.<\/p>\n<p>\u2013 Jeg blir ikke borte\u00a0fra sosiale medier. Men jobben i P5, alts\u00e5 radio-jobben min, den skal jeg har permisjon fra. Jeg kan ikke st\u00e5 opp fem hver morgen for \u00e5 dra p\u00e5 jobb, med nyf\u00f8dt unge. Det orker jeg ikke. Jeg skal p\u00e5 ferie i eget hjem, sp\u00f8ker hun.<\/p>\n<p>\u2013 Gruer meg til alt!\u00a0<\/p>\n<p>Artisten vet at det ikke bare blir ferie med en nyf\u00f8dt i hus, men ser frem til tiden som nybakt mamma.<\/p>\n<p class=\"italic m-italic\" data-lab-italic=\"italic\">\u2013 Hva gleder du deg mest til?\u00a0<\/p>\n<p>\u2013 Til \u00e5 kle henne opp i ballkjoler, hver dag! Og holde henne i armene mine, da. Og ikke minst f\u00e5 se hvordan hun ser ut.\u00a0Jeg har allerede begynt \u00e5 tenke p\u00e5 julekort for neste \u00e5r.\u00a0<\/p>\n<p class=\"italic m-italic\" data-lab-italic=\"italic\">\u2013 Er det noe du gruer deg til?<\/p>\n<p>\u2013 Jeg gruer meg til alt! Eller, jeg gruer meg ikke, men jeg syns det er j\u00e6vlig skummelt! Det er s\u00e5nn greie du gruer meg til, men samtidig gleder deg til.<\/p>\n<p><script async src=\"\/\/www.instagram.com\/embed.js\"><\/script><\/p>\n","protected":false},"excerpt":{"rendered":"Denne h\u00f8sten har Alexandra Joner (35) blant annet v\u00e6rt \u00e5 se som paneldeltaker i \u00abSpillet\u00bb, deltaker i \u00abHotellet\u00bb&hellip;\n","protected":false},"author":2,"featured_media":112100,"comment_status":"","ping_status":"","sticky":false,"template":"","format":"standard","meta":{"footnotes":""},"categories":[5],"tags":[20,21,24,25,15,19,22,23,17,18,13,30,28,29,14,16,26,27],"class_list":{"0":"post-112099","1":"post","2":"type-post","3":"status-publish","4":"format-standard","5":"has-post-thumbnail","7":"category-overskrifter","8":"tag-breaking-news","9":"tag-breakingnews","10":"tag-featured-news","11":"tag-featurednews","12":"tag-headlines","13":"tag-hovedoppslag","14":"tag-latest-news","15":"tag-latestnews","16":"tag-main-news","17":"tag-mainnews","18":"tag-news","19":"tag-no","20":"tag-norge","21":"tag-norway","22":"tag-nyheter","23":"tag-overskrifter","24":"tag-top-stories","25":"tag-topstories"},"share_on_mastodon":{"url":"https:\/\/pubeurope.com\/@no\/115712089479015714","error":""},"_links":{"self":[{"href":"https:\/\/www.europesays.com\/no\/wp-json\/wp\/v2\/posts\/112099","targetHints":{"allow":["GET"]}}],"collection":[{"href":"https:\/\/www.europesays.com\/no\/wp-json\/wp\/v2\/posts"}],"about":[{"href":"https:\/\/www.europesays.com\/no\/wp-json\/wp\/v2\/types\/post"}],"author":[{"embeddable":true,"href":"https:\/\/www.europesays.com\/no\/wp-json\/wp\/v2\/users\/2"}],"replies":[{"embeddable":true,"href":"https:\/\/www.europesays.com\/no\/wp-json\/wp\/v2\/comments?post=112099"}],"version-history":[{"count":0,"href":"https:\/\/www.europesays.com\/no\/wp-json\/wp\/v2\/posts\/112099\/revisions"}],"wp:featuredmedia":[{"embeddable":true,"href":"https:\/\/www.europesays.com\/no\/wp-json\/wp\/v2\/media\/112100"}],"wp:attachment":[{"href":"https:\/\/www.europesays.com\/no\/wp-json\/wp\/v2\/media?parent=112099"}],"wp:term":[{"taxonomy":"category","embeddable":true,"href":"https:\/\/www.europesays.com\/no\/wp-json\/wp\/v2\/categories?post=112099"},{"taxonomy":"post_tag","embeddable":true,"href":"https:\/\/www.europesays.com\/no\/wp-json\/wp\/v2\/tags?post=112099"}],"curies":[{"name":"wp","href":"https:\/\/api.w.org\/{rel}","templated":true}]}}