{"id":112105,"date":"2025-12-13T11:49:09","date_gmt":"2025-12-13T11:49:09","guid":{"rendered":"https:\/\/www.europesays.com\/no\/112105\/"},"modified":"2025-12-13T11:49:09","modified_gmt":"2025-12-13T11:49:09","slug":"sjomannskirken-selger-eiendommen-i-florida","status":"publish","type":"post","link":"https:\/\/www.europesays.com\/no\/112105\/","title":{"rendered":"Sj\u00f8manns\u00adkirken selger eien\u00addommen i Florida"},"content":{"rendered":"<p>Det opplyser Sj\u00f8mannskirken i en pressemelding.<\/p>\n<p>\u2013 Ved \u00e5 g\u00e5 over til ambulerende drift frigj\u00f8r vi tid og ressurser til \u00e5 m\u00f8te mennesker der de er, sier generalsekret\u00e6r Jeffrey Huseby.<\/p>\n<p>Beslutningen er en del av en ny strategi for \u00e5 m\u00f8te framtidens behov. Nordmenns reise- og bosetningsm\u00f8nster endrer seg raskt, og trenden er at folk sprer seg mer utover, mener Sj\u00f8mannskirken.<\/p>\n<p>I Florida har Sj\u00f8mannskirken opplevd en langvarig nedgang i oppslutning om kirkens aktiviteter, utfordrende \u00f8konomi og et kirkebygg som krever omfattende vedlikehold.<\/p>\n<p>\u2013 Vi m\u00e5 hele tiden vurdere ressursbruken v\u00e5r slik at flest mulig kan f\u00e5 del i fellesskapsarenaene v\u00e5re, og at vi kan v\u00e6re best mulig beredt til \u00e5 st\u00f8tte nordmenn som havner i s\u00e5rbare situasjoner utenlands, sier Huseby.<\/p>\n<p>Sj\u00f8mannskirken har drevet fast virksomhet i Miami siden 1981. I 2011 ble det nye bygget tatt i bruk og fikk navn etter kronprinsesse Mette-Marit. Kirken vil v\u00e6re i drift fram til v\u00e5ren 2026, samtidig som virksomheten avvikles, og bygget legges ut for salg.<\/p>\n","protected":false},"excerpt":{"rendered":"Det opplyser Sj\u00f8mannskirken i en pressemelding. \u2013 Ved \u00e5 g\u00e5 over til ambulerende drift frigj\u00f8r vi tid og&hellip;\n","protected":false},"author":2,"featured_media":112106,"comment_status":"","ping_status":"","sticky":false,"template":"","format":"standard","meta":{"footnotes":""},"categories":[12],"tags":[20,21,24,25,15,22,23,13,30,28,29,14,16,26,27,42,43,44,45],"class_list":{"0":"post-112105","1":"post","2":"type-post","3":"status-publish","4":"format-standard","5":"has-post-thumbnail","7":"category-verden","8":"tag-breaking-news","9":"tag-breakingnews","10":"tag-featured-news","11":"tag-featurednews","12":"tag-headlines","13":"tag-latest-news","14":"tag-latestnews","15":"tag-news","16":"tag-no","17":"tag-norge","18":"tag-norway","19":"tag-nyheter","20":"tag-overskrifter","21":"tag-top-stories","22":"tag-topstories","23":"tag-verden","24":"tag-world","25":"tag-world-news","26":"tag-worldnews"},"share_on_mastodon":{"url":"https:\/\/pubeurope.com\/@no\/115712109065473160","error":""},"_links":{"self":[{"href":"https:\/\/www.europesays.com\/no\/wp-json\/wp\/v2\/posts\/112105","targetHints":{"allow":["GET"]}}],"collection":[{"href":"https:\/\/www.europesays.com\/no\/wp-json\/wp\/v2\/posts"}],"about":[{"href":"https:\/\/www.europesays.com\/no\/wp-json\/wp\/v2\/types\/post"}],"author":[{"embeddable":true,"href":"https:\/\/www.europesays.com\/no\/wp-json\/wp\/v2\/users\/2"}],"replies":[{"embeddable":true,"href":"https:\/\/www.europesays.com\/no\/wp-json\/wp\/v2\/comments?post=112105"}],"version-history":[{"count":0,"href":"https:\/\/www.europesays.com\/no\/wp-json\/wp\/v2\/posts\/112105\/revisions"}],"wp:featuredmedia":[{"embeddable":true,"href":"https:\/\/www.europesays.com\/no\/wp-json\/wp\/v2\/media\/112106"}],"wp:attachment":[{"href":"https:\/\/www.europesays.com\/no\/wp-json\/wp\/v2\/media?parent=112105"}],"wp:term":[{"taxonomy":"category","embeddable":true,"href":"https:\/\/www.europesays.com\/no\/wp-json\/wp\/v2\/categories?post=112105"},{"taxonomy":"post_tag","embeddable":true,"href":"https:\/\/www.europesays.com\/no\/wp-json\/wp\/v2\/tags?post=112105"}],"curies":[{"name":"wp","href":"https:\/\/api.w.org\/{rel}","templated":true}]}}