{"id":112158,"date":"2025-12-13T12:44:11","date_gmt":"2025-12-13T12:44:11","guid":{"rendered":"https:\/\/www.europesays.com\/no\/112158\/"},"modified":"2025-12-13T12:44:11","modified_gmt":"2025-12-13T12:44:11","slug":"nyheter-vaer-melder-kraftig-regnvaer-med-flom-og-jordskredfare","status":"publish","type":"post","link":"https:\/\/www.europesays.com\/no\/112158\/","title":{"rendered":"Nyheter, V\u00e6r | Melder kraftig regnv\u00e6r med flom og jordskredfare"},"content":{"rendered":"\n<p>Lavtrykket kommer som perler p\u00e5 en snor, som gir oss runde p\u00e5 runde med regn fremover, forteller vakthavende meteorolog ved Meteorologisk Institutt, Ingrid Opheim B\u00e6kkelund, til BA.<\/p>\n<p>\u2013 Regnet vil begynne l\u00f8rdag kveld og ta seg opp p\u00e5 s\u00f8ndag og mandag. Det kan komme opp mot 100 mm nedb\u00f8r i Bergen p\u00e5 24 timer.<\/p>\n<p>Lavtrykket og regnet vil fortsette utover uken, men ikke v\u00e6re like kraftig som p\u00e5 s\u00f8ndag og mandag.<\/p>\n<p>Gult farevarsel<\/p>\n<p>NVE har sendt ut gult farevarsel p\u00e5 flom og jordskred <a href=\"https:\/\/www.varsom.no\/flom-og-jordskred\/varsling\/varselid\/584731?utm_source=abonner&amp;utm_medium=email&amp;utm_campaign=landslide\" rel=\"Follow nofollow noopener\" target=\"_blank\">gjeldene fra s\u00f8ndag for deler av Vestlandet.<\/a><\/p>\n<p>   <img decoding=\"async\" width=\"1175\" height=\"909\" fetchpriority=\"low\"  loading=\"lazy\"  src=\"https:\/\/www.europesays.com\/no\/wp-content\/uploads\/2025\/12\/Skjermbilde+2025-12-13+124744.png\" alt=\"\" class=\"brick-c-cFOWSL\" style=\"--brick-image-ratio: 1175 \/ 909;\"\/><\/p>\n<p>      Gult farevarsel for flom og jordskred for deler av Vestland og Rogaland.<br \/>\n      Foto: Varsom.no (skjermbilde)\n    <\/p>\n<p>\u2013 Mye nedb\u00f8r de neste 48 timene blir utfordrende med tanke p\u00e5 jordskred, men vi er fortsatt i vurderingsfasen om vi skal sende ut farevarsel, forteller B\u00e6kkelund.<\/p>\n<p>\u2013 Det er to sv\u00e6rt v\u00e5te d\u00f8gn vi har i vente.<\/p>\n<p>Milde temperaturer og sterk vind<\/p>\n<p>Med lavtrykket kommer det milde luftmasser og temperaturene s\u00f8ndag og mandag blir opp mot 10 grader, forteller meteorologen.<\/p>\n<p>\u2013 Man m\u00e5 komme godt over 2000 meter for \u00e5 finne sn\u00f8. S\u00e5 det er ikke helt julev\u00e6ret vi hadde h\u00e5pet p\u00e5 her i Bergen.<\/p>\n<p>Utover uken blir det temperaturer mellom fem og ti grader, forteller hun.<\/p>\n<p>Allerede l\u00f8rdag kveld skal det ogs\u00e5 begynne \u00e5 bl\u00e5se en del.<\/p>\n<p>\u2013 Vinden vil roe seg p\u00e5 dagen s\u00f8ndag, men ta seg opp igjen s\u00f8ndag kveld med opp til 18 meter mer sekund i kastene.<\/p>\n<p>H\u00e5p for julen<\/p>\n<p>Dette er kanskje helgen \u00e5 holde seg inn p\u00e5 og holde p\u00e5 med juleforberedelser, sier B\u00e6kkelund.<\/p>\n<p>\u2013 Det er likevel fortsatt h\u00e5p for juleuken da det er mulighet for for et lite h\u00f8ytrykk over oss og kanskje temperaturer ned mot 0 grader og opphold.<\/p>\n<p>\u2013 Det blir spennende \u00e5 f\u00f8lge med p\u00e5.<\/p>\n","protected":false},"excerpt":{"rendered":"Lavtrykket kommer som perler p\u00e5 en snor, som gir oss runde p\u00e5 runde med regn fremover, forteller vakthavende&hellip;\n","protected":false},"author":2,"featured_media":112159,"comment_status":"","ping_status":"","sticky":false,"template":"","format":"standard","meta":{"footnotes":""},"categories":[10],"tags":[36,20,21,6645,24,25,1836,15,2075,5593,22,23,5248,13,30,28,29,14,16,1510,26,27,6405,553],"class_list":{"0":"post-112158","1":"post","2":"type-post","3":"status-publish","4":"format-standard","5":"has-post-thumbnail","7":"category-norge","8":"tag-art","9":"tag-breaking-news","10":"tag-breakingnews","11":"tag-desember","12":"tag-featured-news","13":"tag-featurednews","14":"tag-flom","15":"tag-headlines","16":"tag-jordskred","17":"tag-jul","18":"tag-latest-news","19":"tag-latestnews","20":"tag-meterologene","21":"tag-news","22":"tag-no","23":"tag-norge","24":"tag-norway","25":"tag-nyheter","26":"tag-overskrifter","27":"tag-story","28":"tag-top-stories","29":"tag-topstories","30":"tag-varsom-no","31":"tag-vaer"},"share_on_mastodon":{"url":"https:\/\/pubeurope.com\/@no\/115712325695412046","error":""},"_links":{"self":[{"href":"https:\/\/www.europesays.com\/no\/wp-json\/wp\/v2\/posts\/112158","targetHints":{"allow":["GET"]}}],"collection":[{"href":"https:\/\/www.europesays.com\/no\/wp-json\/wp\/v2\/posts"}],"about":[{"href":"https:\/\/www.europesays.com\/no\/wp-json\/wp\/v2\/types\/post"}],"author":[{"embeddable":true,"href":"https:\/\/www.europesays.com\/no\/wp-json\/wp\/v2\/users\/2"}],"replies":[{"embeddable":true,"href":"https:\/\/www.europesays.com\/no\/wp-json\/wp\/v2\/comments?post=112158"}],"version-history":[{"count":0,"href":"https:\/\/www.europesays.com\/no\/wp-json\/wp\/v2\/posts\/112158\/revisions"}],"wp:featuredmedia":[{"embeddable":true,"href":"https:\/\/www.europesays.com\/no\/wp-json\/wp\/v2\/media\/112159"}],"wp:attachment":[{"href":"https:\/\/www.europesays.com\/no\/wp-json\/wp\/v2\/media?parent=112158"}],"wp:term":[{"taxonomy":"category","embeddable":true,"href":"https:\/\/www.europesays.com\/no\/wp-json\/wp\/v2\/categories?post=112158"},{"taxonomy":"post_tag","embeddable":true,"href":"https:\/\/www.europesays.com\/no\/wp-json\/wp\/v2\/tags?post=112158"}],"curies":[{"name":"wp","href":"https:\/\/api.w.org\/{rel}","templated":true}]}}