{"id":112184,"date":"2025-12-13T13:22:16","date_gmt":"2025-12-13T13:22:16","guid":{"rendered":"https:\/\/www.europesays.com\/no\/112184\/"},"modified":"2025-12-13T13:22:16","modified_gmt":"2025-12-13T13:22:16","slug":"rana-mjolan-fant-dod-person-utendors-i-rana-lordag-morgen","status":"publish","type":"post","link":"https:\/\/www.europesays.com\/no\/112184\/","title":{"rendered":"Rana, Mj\u00f8lan | Fant d\u00f8d person utend\u00f8rs i Rana l\u00f8rdag morgen"},"content":{"rendered":"\n<p>Det er Nordland politidistrikt som l\u00f8rdag formiddag melder at det er gjort funn av en d\u00f8d person utend\u00f8rs p\u00e5 Mj\u00f8lan i Rana. <\/p>\n<p>Politiet fikk melding om dette klokken 0930 p\u00e5 morgenen fra AMK. <\/p>\n<p>Det er ikke mistanke om at det har skjedd noe kriminelt, men politiet oppretter sak ettersom personen er funnet ute og alene. <\/p>\n<p>Avd\u00f8de er tatt h\u00e5nd om av begravelsesbyr\u00e5 og de p\u00e5r\u00f8rende er varslet. <\/p>\n","protected":false},"excerpt":{"rendered":"Det er Nordland politidistrikt som l\u00f8rdag formiddag melder at det er gjort funn av en d\u00f8d person utend\u00f8rs&hellip;\n","protected":false},"author":2,"featured_media":5826,"comment_status":"","ping_status":"","sticky":false,"template":"","format":"standard","meta":{"footnotes":""},"categories":[5],"tags":[36,20,21,576,24,25,15,19,22,23,17,18,13711,13,30,28,29,14,16,1360,1510,26,27],"class_list":{"0":"post-112184","1":"post","2":"type-post","3":"status-publish","4":"format-standard","5":"has-post-thumbnail","7":"category-overskrifter","8":"tag-art","9":"tag-breaking-news","10":"tag-breakingnews","11":"tag-dodsfall","12":"tag-featured-news","13":"tag-featurednews","14":"tag-headlines","15":"tag-hovedoppslag","16":"tag-latest-news","17":"tag-latestnews","18":"tag-main-news","19":"tag-mainnews","20":"tag-mjolan","21":"tag-news","22":"tag-no","23":"tag-norge","24":"tag-norway","25":"tag-nyheter","26":"tag-overskrifter","27":"tag-rana","28":"tag-story","29":"tag-top-stories","30":"tag-topstories"},"share_on_mastodon":{"url":"https:\/\/pubeurope.com\/@no\/115712474700792332","error":""},"_links":{"self":[{"href":"https:\/\/www.europesays.com\/no\/wp-json\/wp\/v2\/posts\/112184","targetHints":{"allow":["GET"]}}],"collection":[{"href":"https:\/\/www.europesays.com\/no\/wp-json\/wp\/v2\/posts"}],"about":[{"href":"https:\/\/www.europesays.com\/no\/wp-json\/wp\/v2\/types\/post"}],"author":[{"embeddable":true,"href":"https:\/\/www.europesays.com\/no\/wp-json\/wp\/v2\/users\/2"}],"replies":[{"embeddable":true,"href":"https:\/\/www.europesays.com\/no\/wp-json\/wp\/v2\/comments?post=112184"}],"version-history":[{"count":0,"href":"https:\/\/www.europesays.com\/no\/wp-json\/wp\/v2\/posts\/112184\/revisions"}],"wp:featuredmedia":[{"embeddable":true,"href":"https:\/\/www.europesays.com\/no\/wp-json\/wp\/v2\/media\/5826"}],"wp:attachment":[{"href":"https:\/\/www.europesays.com\/no\/wp-json\/wp\/v2\/media?parent=112184"}],"wp:term":[{"taxonomy":"category","embeddable":true,"href":"https:\/\/www.europesays.com\/no\/wp-json\/wp\/v2\/categories?post=112184"},{"taxonomy":"post_tag","embeddable":true,"href":"https:\/\/www.europesays.com\/no\/wp-json\/wp\/v2\/tags?post=112184"}],"curies":[{"name":"wp","href":"https:\/\/api.w.org\/{rel}","templated":true}]}}