{"id":112185,"date":"2025-12-13T13:28:23","date_gmt":"2025-12-13T13:28:23","guid":{"rendered":"https:\/\/www.europesays.com\/no\/112185\/"},"modified":"2025-12-13T13:28:23","modified_gmt":"2025-12-13T13:28:23","slug":"alle-frister-ble-brutt-da-aina-fikk-brystkreft","status":"publish","type":"post","link":"https:\/\/www.europesays.com\/no\/112185\/","title":{"rendered":"Alle frister ble brutt da Aina fikk brystkreft"},"content":{"rendered":"\n<ul class=\"_list_o9xde_3 _list_64s2r_85 _unordered_o9xde_106 text-sans-m\">\n<li class=\"_item_o9xde_30\">Aina fikk p\u00e5vist brystkreft i juni, men m\u00e5tte vente flere m\u00e5neder p\u00e5 cellegift.<\/li>\n<li class=\"_item_o9xde_30\">Tidsfristene for b\u00e5de operasjon og cellegift ble brutt.<\/li>\n<li class=\"_item_o9xde_30\">Sykehuset beklager og viser blant anner til redusert kapasitet p\u00e5 sommeren og forsinkede pr\u00f8ver.<\/li>\n<\/ul>\n<p>Vis mer <\/p>\n<p class=\"_paragraph_o9xde_4 _paragraph_xtcu6_10 layout-component text-serif-m layout-normal text-serif-m layout-padded\">Aina tenker kreft med en gang. Hun ringer fastlegen mandag 9. juni og f\u00e5r time p\u00e5f\u00f8lgende torsdag. Biopsi, mammografi og ultralyd blir raskt unnagjort. <\/p>\n<p class=\"_paragraph_o9xde_4 _paragraph_xtcu6_10 layout-component text-serif-m layout-normal text-serif-m layout-padded\">20. juni f\u00e5r Aina beskjeden hun har forberedt seg p\u00e5. Brystkreftdiagnosen bekreftes. <\/p>\n<p class=\"_paragraph_o9xde_4 _paragraph_xtcu6_10 layout-component text-serif-m layout-normal text-serif-m layout-padded\">Men s\u00e5 blir det full stopp i pakkeforl\u00f8petpakkeforl\u00f8petEt standardisert behandlingsforl\u00f8p for kreftpasienter som skal sikre rask og effektiv utredning og behandling.:  <\/p>\n<p class=\"_paragraph_o9xde_4 _paragraph_xtcu6_10 layout-component text-serif-m layout-normal text-serif-m layout-padded\">\u2013 Jeg hadde en samtale med kirurgen i Drammen 4. juli, forteller Aina.<\/p>\n<p class=\"_paragraph_o9xde_4 _paragraph_xtcu6_10 layout-component text-serif-m layout-normal text-serif-m layout-padded\">\u2013 Vi snakket om krefttypen. Jeg skulle operere begge brystene. De skulle fjerne kreftsvulsten i det ene og gj\u00f8re en brystreduksjon i det andre, slik at st\u00f8rrelsen ble lik etter kreftbehandlingen. Jeg fikk beskjed om at det ville bli operasjon f\u00f8rst i august, sier hun.<\/p>\n<p><img alt=\"\" class=\"_image_qp4xg_65 layout-component layout-normal\" data-fullscreen- data-track-element-type=\"Article image fullscreen\" data-track-name=\"ImageFullscreen\" decoding=\"async\" loading=\"lazy\" height=\"5179\" itemprop=\"image\"  src=\"https:\/\/www.europesays.com\/no\/wp-content\/uploads\/2025\/12\/85bcb48a-1eac-4f94-89ee-057f209f43c2\"  style=\"object-position:0% 0%\" width=\"6905\"\/>Ventet p\u00e5 operasjon og cellegift<\/p>\n<p class=\"_paragraph_o9xde_4 _paragraph_xtcu6_10 layout-component text-serif-m layout-normal text-serif-m layout-padded\">Tidsfristene i kreftbehandling er tydelige og like for pasienter i hele landet. <\/p>\n<p class=\"_paragraph_o9xde_4 _paragraph_xtcu6_10 layout-component text-serif-m layout-normal text-serif-m layout-padded\">Men nesten alle sykehus rapporterer fristbrudd i pakkeforl\u00f8pene.sykehus rapporterer fristbrudd i pakkeforl\u00f8pene.Vestre Viken har utfordringer med m\u00e5loppn\u00e5else i pakkeforl\u00f8p for kreft, s\u00e6rlig innen brystforl\u00f8pet,<br \/>\nog setter n\u00e5 i gang et forbedringsprosjekt for \u00e5 styrke hele behandlingskjeden. Styrem\u00f8tet 27.oktober  2025. Det viser virksomhetsrapportene som offentliggj\u00f8res i sykehusenes styredokumenter.<\/p>\n<p class=\"_paragraph_o9xde_4 _paragraph_xtcu6_10 layout-component text-serif-m layout-normal text-serif-m layout-padded\">I Vestre Viken, der Aina behandles, er det rapportert om fristbrudd i alle styrem\u00f8ter i \u00e5r. <\/p>\n<p class=\"_paragraph_o9xde_4 _paragraph_xtcu6_10 layout-component text-serif-m layout-normal text-serif-m layout-padded\">I pakkeforl\u00f8pet skal brystkreftpasienter ha gjennomf\u00f8rt operasjonen innen 13 dager etter at behandlingsoppstart er bestemt. <\/p>\n<p class=\"_paragraph_o9xde_4 _paragraph_xtcu6_10 layout-component text-serif-m layout-normal text-serif-m layout-padded\"><strong class=\"_strong_o9xde_25\">Aina m\u00e5tte vente i 31 dager.<\/strong><\/p>\n<p class=\"_paragraph_o9xde_4 _paragraph_xtcu6_10 layout-component text-serif-m layout-normal text-serif-m layout-padded\">F\u00f8rste cellegiftkur fikk Aina 4. november. Det er nesten fem m\u00e5neder etter at hun f\u00f8rste gang kjente kulen under armen. I pakkeforl\u00f8pet er fristen for oppstart av medikamentell behandling, for eksempel cellegift, 10 dager etter avsluttet utredning. <\/p>\n<p class=\"_paragraph_o9xde_4 _paragraph_xtcu6_10 layout-component text-serif-m layout-normal text-serif-m layout-padded\"><strong class=\"_strong_o9xde_25\">Aina ventet i 75 dager.<\/strong><\/p>\n<p class=\"_paragraph_o9xde_4 _paragraph_xtcu6_10 layout-component text-serif-m layout-normal text-serif-m layout-padded\">Drammen sykehus beklager at det tok tid f\u00f8r pasienten ble operert og fikk startet behandling med cellegiftcellegiftEn type medikamentell behandling som brukes for \u00e5 drepe kreftceller.:<\/p>\n<p class=\"_paragraph_o9xde_4 _paragraph_xtcu6_10 layout-component text-serif-m layout-normal text-serif-m layout-padded\">\u2013 Vi har stor forst\u00e5else for at det er belastende for pasienter og p\u00e5r\u00f8rende n\u00e5r ventetiden blir lang og pasientforl\u00f8pet uforutsigbart, skriver fagsjef medisin, Gro Vik Knutsen ved Drammen sykehus som er en del av Vestre Viken HF.<\/p>\n<p class=\"_paragraph_o9xde_4 _paragraph_xtcu6_10 layout-component text-serif-m layout-normal text-serif-m layout-padded\">Les hele svaret lenger ned i saken.<\/p>\n<p><img alt=\"\" class=\"_image_qp4xg_65 layout-component layout-normal\" data-fullscreen- data-track-element-type=\"Article image fullscreen\" data-track-name=\"ImageFullscreen\" decoding=\"async\" loading=\"lazy\" height=\"5469\" itemprop=\"image\"  src=\"https:\/\/www.europesays.com\/no\/wp-content\/uploads\/2025\/12\/7293a93c-b358-4f98-acfa-0a4da911298d\"  style=\"object-position:0% 0%\" width=\"7291\"\/>En \u00abut av deg selv-opplevelse\u00bb<\/p>\n<p class=\"_paragraph_o9xde_4 _paragraph_xtcu6_10 layout-component text-serif-m layout-normal text-serif-m layout-padded\">Aina forteller sin historie for \u00e5 vise hvordan det er \u00e5 v\u00e6re kreftpasient og m\u00e5tte vente p\u00e5 behandling mens sykdommen utvikler seg.<\/p>\n<p class=\"_paragraph_o9xde_4 _paragraph_xtcu6_10 layout-component text-serif-m layout-normal text-serif-m layout-padded\">\u2013 Jeg var p\u00e5 gamle Drammen sykehus 20. juni. De tok biopsi, ultralyd og mammografi. Og s\u00e5 gikk sykehuset i feriemodus. Svulsten ble fjernet ved operasjon 21. august. Det er mer enn to m\u00e5neder etter at jeg fikk kreftdiagnosen. Det er ikke greit, sier Aina.<\/p>\n<p class=\"_paragraph_o9xde_4 _paragraph_xtcu6_10 layout-component text-serif-m layout-normal text-serif-m layout-padded\">I det lange forl\u00f8pet, har hun visst at p\u00e5 et tidspunkt faller det tykke, skulderlange h\u00e5ret. Det vil skje n\u00e5r cellegiften tar grep i kroppen. Aina vil ikke vente. <\/p>\n<p><img alt=\"\" class=\"_image_qp4xg_65 layout-component layout-normal\" data-fullscreen- data-track-element-type=\"Article image fullscreen\" data-track-name=\"ImageFullscreen\" decoding=\"async\" loading=\"lazy\" height=\"5479\" itemprop=\"image\"  src=\"https:\/\/www.europesays.com\/no\/wp-content\/uploads\/2025\/12\/17bf1d25-9bd8-45d0-83ed-0d62bc747290\"  style=\"object-position:0% 0%\" width=\"7305\"\/><\/p>\n<p class=\"_paragraph_o9xde_4 _paragraph_xtcu6_10 layout-component text-serif-m layout-normal text-serif-m layout-padded\">Hun har avtalt med venninnen Marianne at h\u00e5ret skal tas f\u00f8r det faller av seg selv. Aina setter seg p\u00e5 en stol foran speilet p\u00e5 badet. Venninnen Marianne f\u00f8rer barbermaskinen. <\/p>\n<p class=\"_paragraph_o9xde_4 _paragraph_xtcu6_10 layout-component text-serif-m layout-normal text-serif-m layout-padded\">Det er ingen vei tilbake.<\/p>\n<p><img alt=\"\" class=\"_image_qp4xg_65 layout-component layout-normal\" data-fullscreen- data-track-element-type=\"Article image fullscreen\" data-track-name=\"ImageFullscreen\" decoding=\"async\" loading=\"lazy\" height=\"4675\" itemprop=\"image\"  src=\"https:\/\/www.europesays.com\/no\/wp-content\/uploads\/2025\/12\/42084be9-3700-4567-9db0-6b1a2bc31085\"  style=\"object-position:0% 0%\" width=\"6236\"\/><\/p>\n<p class=\"_paragraph_o9xde_4 _paragraph_xtcu6_10 layout-component text-serif-m layout-normal text-serif-m layout-padded\">\u2013 Jeg orker ikke \u00e5 ha h\u00e5r overalt. Det skal vekk. <\/p>\n<p class=\"_paragraph_o9xde_4 _paragraph_xtcu6_10 layout-component text-serif-m layout-normal text-serif-m layout-padded\">H\u00e5ret faller hjemme p\u00e5 badet i B\u00e6rum 20. november. Det var der hun sto i dusjen og kjente kulen under armen tidlig i juni.<\/p>\n<p><img alt=\"\" class=\"_image_qp4xg_65 layout-component layout-right\" data-fullscreen- data-track-element-type=\"Article image fullscreen\" data-track-name=\"ImageFullscreen\" decoding=\"async\" loading=\"lazy\" height=\"5153\" itemprop=\"image\"  src=\"https:\/\/www.europesays.com\/no\/wp-content\/uploads\/2025\/12\/64703938-cd8a-47f6-8c75-5adf91ed465c\"  style=\"object-position:0% 0%\" width=\"6869\"\/><\/p>\n<p class=\"_paragraph_o9xde_4 _paragraph_xtcu6_10 layout-component text-serif-m layout-normal text-serif-m layout-padded\">\u2013 \u00c5 vente s\u00e5 lenge p\u00e5 kreftbehandling, er en \u00abut av deg selv-opplevelse\u00bb, sier Aina. <\/p>\n<p class=\"_paragraph_o9xde_4 _paragraph_xtcu6_10 layout-component text-serif-m layout-normal text-serif-m layout-padded\">Hun og kj\u00e6resten valgte \u00e5 reise vekk i sommer.<\/p>\n<p class=\"_paragraph_o9xde_4 _paragraph_xtcu6_10 layout-component text-serif-m layout-normal text-serif-m layout-padded\">\u2013 Vi dro p\u00e5 ferie til Kos i Hellas. Det var godt \u00e5 komme seg vekk og bare slappe av. Han har opplevd kreft i n\u00e6r familie. Det gj\u00f8r situasjonen ekstra belastende for ham, sier Aina.<\/p>\n<p class=\"_paragraph_o9xde_4 _paragraph_xtcu6_10 layout-component text-serif-m layout-normal text-serif-m layout-padded\">Hun mistet selv faren sin i kreft hjemme p\u00e5 And\u00f8ya. Det er ingen genetisk forbindelse til hennes egen sykdom.<\/p>\n<p>Ainas forl\u00f8p <\/p>\n<p class=\"_paragraph_o9xde_4 _paragraph_xtcu6_10 _paragraph_16v91_10 layout-component text-serif-m layout-normal text-sans-m layout-padded\">8. juni kjenner hun kulen.<\/p>\n<p class=\"_paragraph_o9xde_4 _paragraph_xtcu6_10 _paragraph_16v91_10 layout-component text-serif-m layout-normal text-sans-m layout-padded\">20. juni f\u00e5r hun brystkreftdiagnosen . <\/p>\n<p class=\"_paragraph_o9xde_4 _paragraph_xtcu6_10 _paragraph_16v91_10 layout-component text-serif-m layout-normal text-sans-m layout-padded\">4. juli kommer svaret p\u00e5 biopsi. Det er kreft.<\/p>\n<p class=\"_paragraph_o9xde_4 _paragraph_xtcu6_10 _paragraph_16v91_10 layout-component text-serif-m layout-normal text-sans-m layout-padded\">21. august blir hun operert. Det skulle skjedd innen 9.juli<\/p>\n<p class=\"_paragraph_o9xde_4 _paragraph_xtcu6_10 _paragraph_16v91_10 layout-component text-serif-m layout-normal text-sans-m layout-padded\">4. november fikk hun f\u00f8rste cellegiftkur. Det er 19 uker + 4 dager etter at hun kjente kulen.<\/p>\n<p>Vis merPakkeforl\u00f8p<\/p>\n<p class=\"_paragraph_o9xde_4 _paragraph_xtcu6_10 _paragraph_16v91_10 layout-component text-serif-m layout-normal text-sans-m layout-padded\">Utredning skal starte innen 7 kalenderdager.<\/p>\n<p class=\"_paragraph_o9xde_4 _paragraph_xtcu6_10 _paragraph_16v91_10 layout-component text-serif-m layout-normal text-sans-m layout-padded\">Innen 28 dager skal utredningen v\u00e6re avsluttet og behandlingsplan lagt hvis det er mistanke om kreft. <\/p>\n<p class=\"_paragraph_o9xde_4 _paragraph_xtcu6_10 _paragraph_16v91_10 layout-component text-serif-m layout-normal text-sans-m layout-padded\">Kirurgi skal starte inn 13 dager etter at behandlingsbeslutning er tatt. <\/p>\n<p class=\"_paragraph_o9xde_4 _paragraph_xtcu6_10 _paragraph_16v91_10 layout-component text-serif-m layout-normal text-sans-m layout-padded\">Eventuell cellegiftbehandling skal starte inn 14 dager etter behandlingsbeslutning.<\/p>\n<p class=\"_paragraph_o9xde_4 _paragraph_xtcu6_10 _paragraph_16v91_10 layout-component text-serif-m layout-normal text-sans-m layout-padded\">Str\u00e5lebehandling starter vanligvis innen 28 kalenderdager etter kirurgi.<\/p>\n<p>Vis merKan ikke ta viktige medisiner<\/p>\n<p class=\"_paragraph_o9xde_4 _paragraph_xtcu6_10 layout-component text-serif-m layout-normal text-serif-m layout-padded\">Hjemme i B\u00e6rum har Aina tre voksne s\u00f8nner som er bekymret for mamma. <\/p>\n<p class=\"_paragraph_o9xde_4 _paragraph_xtcu6_10 layout-component text-serif-m layout-normal text-serif-m layout-padded\">\u2013 Vi har hatt noen runder med helsa mi. Jeg har Bechtrews sykdomBechtrews sykdomEn kronisk betennelsessykdom som hovedsakelig p\u00e5virker ryggraden og kan f\u00f8re til stivhet og smerte.. Den fikk jeg da min yngste s\u00f8nn var fire \u00e5r. S\u00f8nnene mine er voksne, men det har v\u00e6rt vanskelig for dem, sier hun.<\/p>\n<p><img alt=\"\" class=\"_image_qp4xg_65 layout-component layout-normal\" data-fullscreen- data-track-element-type=\"Article image fullscreen\" data-track-name=\"ImageFullscreen\" decoding=\"async\" loading=\"lazy\" height=\"4630\" itemprop=\"image\"  src=\"https:\/\/www.europesays.com\/no\/wp-content\/uploads\/2025\/12\/9c0ddd72-1743-484f-be44-b395f1936f2b\"  style=\"object-position:0% 0%\" width=\"3473\"\/><\/p>\n<p class=\"_paragraph_o9xde_4 _paragraph_xtcu6_10 layout-component text-serif-m layout-normal text-serif-m layout-padded\">Kreftbehandlingen gj\u00f8r at Aina ikke kan ta medisiner mot Bechtrew. <\/p>\n<p class=\"_paragraph_o9xde_4 _paragraph_xtcu6_10 layout-component text-serif-m layout-normal text-serif-m layout-padded\">\u2013 Medisinene demper immunforsvaret og kr\u00e6sjer med kreftbehandlingen. N\u00e5 tar jeg bare smertestillende. Det at det har tatt s\u00e5 lang tid \u00e5 komme i gang med kreftbehandlingen, gj\u00f8r at jeg m\u00e5 g\u00e5 mye lenger umedisinert mot Bechtrews. N\u00e5 bruker jeg et par timer p\u00e5 morgenen for \u00e5 komme meg p\u00e5 beina. Kroppen er stiv og vond. De endringene som skjer i skjelettet mitt n\u00e5r jeg g\u00e5r uten medisiner, kan ikke reverseres, sier Aina.<\/p>\n<p class=\"_paragraph_o9xde_4 _paragraph_xtcu6_10 layout-component text-serif-m layout-normal text-serif-m layout-padded\">Totalt gikk det <strong class=\"_strong_o9xde_25\">fem m\u00e5neder<\/strong> fra Aina oppdaget kulen til hun mottok f\u00f8rste dose cellegift. Det er tatt en gentest av svulstenen gentest av svulstenProsignatest er en gentest som brukes for \u00e5 vurdere risikoen for tilbakefall av kreft. etter operasjonen. Den gir en ROR-scoreROR-scoreROR-score er et tall fra 0 til 100 som uttrykker hvor h\u00f8y risiko pasienten har for tilbakefall av brystkreft innen 10 \u00e5r.<\/p>\n<p>Det er ikke en prosent, men en indeks \u2013 alts\u00e5 et risikotall laget ved \u00e5 analysere uttrykket av 50 spesifikke gener i svulsten., en indeks som viser risiko for tilbakefall.<\/p>\n<p class=\"_paragraph_o9xde_4 _paragraph_xtcu6_10 layout-component text-serif-m layout-normal text-serif-m layout-padded\">Analysen av vev fra Ainas svulst viste en score p\u00e5 40. Det betyr en moderat risiko for tilbakefall.<\/p>\n<p class=\"_paragraph_o9xde_4 _paragraph_xtcu6_10 layout-component text-serif-m layout-normal text-serif-m layout-padded\">Dette st\u00e5r i epikrisenepikrisenEn medisinsk rapport som oppsummerer en pasients sykdomsforl\u00f8p og behandling. hennes om hvorfor ventetiden ble s\u00e5 lang:<\/p>\n<ul class=\"_list_o9xde_3 _list_xtcu6_9 _unordered_o9xde_106 layout-component text-serif-m layout-normal text-serif-m layout-padded\">\n<li class=\"_item_o9xde_30\">Histologisvarene, som er resultatet av vevspr\u00f8ver, kom forsinket. <\/li>\n<li class=\"_item_o9xde_30\">En viktig gentest (Prosigna) feilet ved Radiumhospitalet. Den m\u00e5tte tas p\u00e5 nytt, og dette f\u00f8rte til to ekstra uker forsinkelse.<\/li>\n<li class=\"_item_o9xde_30\">Et m\u00f8te etter operasjon for videre planlegging ble ogs\u00e5 utsatt en hel m\u00e5ned p\u00e5 grunn av flytting av patologilaben fra gammelt til nytt Drammen sykehus.<\/li>\n<li class=\"_item_o9xde_30\">F\u00f8rst 4. november fikk hun sin f\u00f8rste cellegiftkur.<\/li>\n<\/ul>\n<p class=\"_paragraph_o9xde_4 _paragraph_xtcu6_10 layout-component text-serif-m layout-normal text-serif-m layout-padded\">I epikrisen st\u00e5r ogs\u00e5 det en tydelig beklagelse og en oppfordring om at hun kan sende klage til b\u00e5de helseforetaket og Norsk PasienterstatningNorsk PasienterstatningEn norsk offentlig ordning som gir erstatning til pasienter som har blitt skadet som f\u00f8lge av svikt i helsetjenesten.. <\/p>\n<p class=\"_paragraph_o9xde_4 _paragraph_xtcu6_10 layout-component text-serif-m layout-normal text-serif-m layout-padded\">Aina sier at helsepersonell har oppfordret henne sterkt til \u00e5 skrive klage fordi \u00abhun har en stemme\u00bb og fordi mange pasienter ikke orker \u00e5 ta kampen mens de er i behandling. <\/p>\n<p>\u2013 Pr\u00f8ver \u00e5 leve s\u00e5 normalt som mulig<\/p>\n<p class=\"_paragraph_o9xde_4 _paragraph_xtcu6_10 layout-component text-serif-m layout-normal text-serif-m layout-padded\">Aina har bodd i B\u00e6rum i mange \u00e5r og jobbet som l\u00e6rer og avlaster. <\/p>\n<p class=\"_paragraph_o9xde_4 _paragraph_xtcu6_10 layout-component text-serif-m layout-normal text-serif-m layout-padded\">\u2013 Jeg pr\u00f8ver \u00e5 leve s\u00e5 normalt og aktivt som mulig. Jeg har en liten hund som veier to kilo. Vi g\u00e5r mye tur. <\/p>\n<p><img alt=\"\" class=\"_image_qp4xg_65 layout-component layout-normal\" data-fullscreen- data-track-element-type=\"Article image fullscreen\" data-track-name=\"ImageFullscreen\" decoding=\"async\" loading=\"lazy\" height=\"5308\" itemprop=\"image\"  src=\"https:\/\/www.europesays.com\/no\/wp-content\/uploads\/2025\/12\/318e9c86-551b-4c96-a055-8de1f85c9ab9\"  style=\"object-position:0% 0%\" width=\"7078\"\/><\/p>\n<p class=\"_paragraph_o9xde_4 _paragraph_xtcu6_10 layout-component text-serif-m layout-normal text-serif-m layout-padded\">\u2013 Jeg har s\u00f8nnene mine, kj\u00e6reste og venninner. Jeg trener regelmessig og bruker vekttrening for \u00e5 holde kroppen s\u00e5 sterk som mulig. N\u00e5r jeg er ferdig med behandlingen, vil jeg s\u00e5 fort som mulig komme i gang med \u00e5 jobbe.<\/p>\n<p class=\"_paragraph_o9xde_4 _paragraph_xtcu6_10 layout-component text-serif-m layout-normal text-serif-m layout-padded\">Hun passer p\u00e5 \u00e5 ha noe hyggelig \u00e5 se fram til. <\/p>\n<p class=\"_paragraph_o9xde_4 _paragraph_xtcu6_10 layout-component text-serif-m layout-normal text-serif-m layout-padded\">\u2013 Det er fint \u00e5 ha noe jeg kan glede meg til. Jeg bestemte meg for at Bechtrews-sykdommen ikke skulle ta for stor del av livet mitt. Det blir litt det samme med dette ogs\u00e5. Jeg jobber hardt for ikke \u00e5 la kreftdiagnosen ta over livet mitt. Jeg tar et steg om gangen. Veien blir jo til mens vi g\u00e5r. <\/p>\n<p class=\"_paragraph_o9xde_4 _paragraph_xtcu6_10 layout-component text-serif-m layout-normal text-serif-m layout-padded\">Bestevenninnen hennes har ogs\u00e5 v\u00e6rt kreftpasient. Hun har v\u00e6rt pasient p\u00e5 RadiumhospitaletRadiumhospitaletEt sykehus i Oslo som er spesialisert p\u00e5 kreftbehandling..<\/p>\n<p class=\"_paragraph_o9xde_4 _paragraph_xtcu6_10 layout-component text-serif-m layout-normal text-serif-m layout-padded\">\u2013 Hun er hjemme n\u00e5. Vi st\u00f8tter hverandre daglig, sier Aina.<\/p>\n<p class=\"_paragraph_o9xde_4 _paragraph_xtcu6_10 layout-component text-serif-m layout-normal text-serif-m layout-padded\">Alle hun har m\u00f8tt \u2013 kirurger, plastikkirurger, sykepleiere og koordinatorer \u2013 beskrives av Aina som \u00abfantastisk im\u00f8tekommende\u00bb.<\/p>\n<p class=\"_paragraph_o9xde_4 _paragraph_xtcu6_10 layout-component text-serif-m layout-normal text-serif-m layout-padded\">\u2013 De har erkjent at pasientforl\u00f8pet har v\u00e6rt \u00abaltfor langt\u00bb og \u00abikke som det skal v\u00e6re\u00bb. Kirurgen la seg \u00abhelt flat\u00bb b\u00e5de muntlig og skriftlig, sier Aina.<\/p>\n<p>Redusert kapasitet p\u00e5 sommeren<\/p>\n<p class=\"_paragraph_o9xde_4 _paragraph_xtcu6_10 layout-component text-serif-m layout-normal text-serif-m layout-padded\">Gro Vik Knutsen, fagsjef medisin ved Drammen sykehus, skriver at hun har stor forst\u00e5else for at det er belastende \u00e5 vente for b\u00e5de pasienter og p\u00e5r\u00f8rende.<\/p>\n<p class=\"_paragraph_o9xde_4 _paragraph_xtcu6_10 layout-component text-serif-m layout-normal text-serif-m layout-padded\">Det er flere grunner til at ventetiden ble lang for Aina:<\/p>\n<p class=\"_paragraph_o9xde_4 _paragraph_xtcu6_10 layout-component text-serif-m layout-normal text-serif-m layout-padded\">\u2013 I dette tilfellet tok det for lang tid fra diagnose til operasjon, blant annet p\u00e5 grunn av redusert kapasitet p\u00e5 operasjonsstuer og plastikkirurger i sommerperioden, skriver Knutsen.<\/p>\n<p class=\"_paragraph_o9xde_4 _paragraph_xtcu6_10 layout-component text-serif-m layout-normal text-serif-m layout-padded\">\u2013 Det var heller ikke \u00f8nskelig at analysen av vevspr\u00f8ver trakk ut i tid, men dette var n\u00f8dvendig for \u00e5 sikre riktig, individuelt tilpasset behandling. Vevspr\u00f8vene til denne pasienten m\u00e5tte i tillegg sendes til Akershus universitetssykehus (Ahus). En av pr\u00f8vene m\u00e5tte ogs\u00e5 gjentas etter mislykket f\u00f8rste analyse.<\/p>\n<p><img alt=\"Hovedinngangen til det nye sykehuset i Drammen p\u00e5 Braker\u00f8ya.  Foto: Thomas Fure \/ NTB\" class=\"_image_qp4xg_65 layout-component layout-normal\" data-fullscreen- data-track-element-type=\"Article image fullscreen\" data-track-name=\"ImageFullscreen\" decoding=\"async\" loading=\"lazy\" height=\"3486\" itemprop=\"image\"  src=\"https:\/\/www.europesays.com\/no\/wp-content\/uploads\/2025\/12\/e2398f5f-f452-4cfe-b4df-4e3665519c90\"  style=\"object-position:0% 0%\" width=\"5229\"\/>Hovedinngangen til det nye sykehuset i Drammen p\u00e5 Braker\u00f8ya.  Foto: Thomas Fure \/ NTB<\/p>\n<p class=\"_paragraph_o9xde_4 _paragraph_xtcu6_10 layout-component text-serif-m layout-normal text-serif-m layout-padded\">HelsedirektoratetHelsedirektoratetEn norsk statlig etat som har ansvar for \u00e5 gjennomf\u00f8re helsepolitikken fastsatt av regjeringen og Stortinget. har satt et m\u00e5l om at 70 prosent av kreftpasientene skal ha gjennomf\u00f8rt pakkeforl\u00f8p kreft innen standard forl\u00f8pstid. <\/p>\n<p class=\"_paragraph_o9xde_4 _paragraph_xtcu6_10 layout-component text-serif-m layout-normal text-serif-m layout-padded\">\u2013 Gjennomgang av pakkeforl\u00f8p for denne pasienten viser at anbefalingene fra Helsedirektoratet ikke ble oppfylt, skriver Knutsen.<\/p>\n<p class=\"_paragraph_o9xde_4 _paragraph_xtcu6_10 layout-component text-serif-m layout-normal text-serif-m layout-padded\">\u2013 Vestre Viken HFVestre Viken HFEt helseforetak i Norge som omfatter flere sykehus, inkludert Drammen sykehus. har likevel vurdert at pasienten fikk forsvarlig utredning og behandling, og at den ekstra ventetiden neppe vil p\u00e5virke pasientens prognose.<\/p>\n<p class=\"_paragraph_o9xde_4 _paragraph_xtcu6_10 layout-component text-serif-m layout-normal text-serif-m layout-padded\">Fagsjefen legger til at helseforetaket tidligere har hatt god m\u00e5loppn\u00e5else for pakkeforl\u00f8p brystkreft, men at de n\u00e5 opplever kapasitetsutfordringer i flere ledd. <\/p>\n<p class=\"_paragraph_o9xde_4 _paragraph_xtcu6_10 layout-component text-serif-m layout-normal text-serif-m layout-padded\">\u2013 Det arbeides aktivt med tiltak for bedre logistikk og pasientflyt. Pasienter som trenger rask behandling, prioriteres alltid.<\/p>\n<p class=\"_paragraph_o9xde_4 _paragraph_xtcu6_10 layout-component text-serif-m layout-normal text-serif-m layout-padded\">Vil du lese mer om helse og trening? VGs magasin Helse best\u00e5r av 100 sider om kroppen, formen og hodet \u2013 og kan kj\u00f8pes i <a href=\"https:\/\/butikk.vg.no\/products\/vg-helse-november-2025\" class=\"_link_o9xde_39\" rel=\"nofollow noopener\" target=\"_blank\">v\u00e5r nettbutikk (fri frakt!)<\/a><\/p>\n<p><img alt=\"\" class=\"_image_qp4xg_65 layout-component layout-normal\" data-fullscreen- data-track-element-type=\"Article image fullscreen\" data-track-name=\"ImageFullscreen\" decoding=\"async\" loading=\"lazy\" height=\"790\" itemprop=\"image\"  src=\"https:\/\/www.europesays.com\/no\/wp-content\/uploads\/2025\/12\/ce868d7b-4e50-4bd8-9e1e-f5ca3392daba\"  style=\"object-position:0% 0%\" width=\"611\"\/>    <\/p>\n","protected":false},"excerpt":{"rendered":"Aina fikk p\u00e5vist brystkreft i juni, men m\u00e5tte vente flere m\u00e5neder p\u00e5 cellegift. Tidsfristene for b\u00e5de operasjon og&hellip;\n","protected":false},"author":2,"featured_media":112186,"comment_status":"","ping_status":"","sticky":false,"template":"","format":"standard","meta":{"footnotes":""},"categories":[10],"tags":[20,21,2138,24,25,15,736,22,23,13,30,28,29,14,16,948,26,27,205],"class_list":{"0":"post-112185","1":"post","2":"type-post","3":"status-publish","4":"format-standard","5":"has-post-thumbnail","7":"category-norge","8":"tag-breaking-news","9":"tag-breakingnews","10":"tag-brystkreft","11":"tag-featured-news","12":"tag-featurednews","13":"tag-headlines","14":"tag-helse","15":"tag-latest-news","16":"tag-latestnews","17":"tag-news","18":"tag-no","19":"tag-norge","20":"tag-norway","21":"tag-nyheter","22":"tag-overskrifter","23":"tag-sykehus","24":"tag-top-stories","25":"tag-topstories","26":"tag-vgsamfunn"},"share_on_mastodon":{"url":"https:\/\/pubeurope.com\/@no\/115712500643253440","error":""},"_links":{"self":[{"href":"https:\/\/www.europesays.com\/no\/wp-json\/wp\/v2\/posts\/112185","targetHints":{"allow":["GET"]}}],"collection":[{"href":"https:\/\/www.europesays.com\/no\/wp-json\/wp\/v2\/posts"}],"about":[{"href":"https:\/\/www.europesays.com\/no\/wp-json\/wp\/v2\/types\/post"}],"author":[{"embeddable":true,"href":"https:\/\/www.europesays.com\/no\/wp-json\/wp\/v2\/users\/2"}],"replies":[{"embeddable":true,"href":"https:\/\/www.europesays.com\/no\/wp-json\/wp\/v2\/comments?post=112185"}],"version-history":[{"count":0,"href":"https:\/\/www.europesays.com\/no\/wp-json\/wp\/v2\/posts\/112185\/revisions"}],"wp:featuredmedia":[{"embeddable":true,"href":"https:\/\/www.europesays.com\/no\/wp-json\/wp\/v2\/media\/112186"}],"wp:attachment":[{"href":"https:\/\/www.europesays.com\/no\/wp-json\/wp\/v2\/media?parent=112185"}],"wp:term":[{"taxonomy":"category","embeddable":true,"href":"https:\/\/www.europesays.com\/no\/wp-json\/wp\/v2\/categories?post=112185"},{"taxonomy":"post_tag","embeddable":true,"href":"https:\/\/www.europesays.com\/no\/wp-json\/wp\/v2\/tags?post=112185"}],"curies":[{"name":"wp","href":"https:\/\/api.w.org\/{rel}","templated":true}]}}