{"id":112234,"date":"2025-12-13T14:38:08","date_gmt":"2025-12-13T14:38:08","guid":{"rendered":"https:\/\/www.europesays.com\/no\/112234\/"},"modified":"2025-12-13T14:38:08","modified_gmt":"2025-12-13T14:38:08","slug":"generasjoners-livsverk-revet-opp-pa-vestbredden-nrk-urix-utenriksnyheter-og-dokumentarer","status":"publish","type":"post","link":"https:\/\/www.europesays.com\/no\/112234\/","title":{"rendered":"Generasjoners livsverk revet opp p\u00e5 Vestbredden \u2013 NRK Urix \u2013 Utenriksnyheter og -dokumentarer"},"content":{"rendered":"<p>Bredbeint og bev\u00e6pnet med automatv\u00e5pen st\u00e5r de maskerte soldatene vakt. Bak dem flerrer gravemaskinskuffens kraftige metalltenner de knudrete greinene av treet.<\/p>\n<p>R\u00f8ttene rives ut av bakken f\u00f8r gravemaskinen beveger seg til det neste treet.<\/p>\n<p>Det eldre ekteparet Kmadeji (71) og Naafs Labwam (71) lener seg p\u00e5 hver sin stokk. Tause er de vitne til at familiens livsgrunnlag smadres foran \u00f8ynene deres.<\/p>\n<p>Det var s\u00f8nnen Mahmoud (35) som like f\u00f8r klokken 11 mandag formiddag fikk beskjeden: Gravemaskinen, bosetterne og soldatene var p\u00e5 vei til olivenlunden sentralt p\u00e5 Vestbredden.<\/p>\n<p>\u2013 De kommer om en time. Dette hadde jeg aldri trodd skulle skje med oss, sier han til NRK.<\/p>\n<p><img decoding=\"async\"   src=\"data:image\/gif;base64,R0lGODlhAQABAIAAAAAAAP\/\/\/yH5BAEAAAAALAAAAAABAAEAAAIBRAA7\" loading=\"eager\" alt=\"En mann ser frustrert ut bak et piggtr\u00e5dgjerde\" title=\"Foto: \u00c5se Marit Befring \/ NRK\"\/><\/p>\n<p class=\"\">Mahmoud Labwam skuer utover jordet.<\/p>\n<p>Foto: \u00c5se Marit Befring \/ NRK<\/p>\n<p>Redd for \u00e5 bli skutt<\/p>\n<p>Mahmoud skuer han ut over jordet der familien har 40 til 50 tr\u00e6r. Noen av dem er flere hundre \u00e5r gamle.<\/p>\n<p>Litt lenger oppe i skr\u00e5ningen skimtes hustakene til den israelske bosettingen Eli.<\/p>\n<p><strong>I sommer ga Israels myndigheter gr\u00f8nt lys for \u00e5 fordoble den. Det ble ogs\u00e5 bestemt \u00e5 gj\u00f8re en rekke ulovlige utposter om til forsteder og bygge en buffersone rundt.<\/strong><\/p>\n<p>If\u00f8lge planen kommer et gjerde helt inntil familiens husvegg.<\/p>\n<p><img decoding=\"async\"   src=\"data:image\/gif;base64,R0lGODlhAQABAIAAAAAAAP\/\/\/yH5BAEAAAAALAAAAAABAAEAAAIBRAA7\" loading=\"eager\" alt=\"en mann p\u00e5 en \u00e5ker (Bildebeskrivelsen er laget av en KI-tjeneste)\" title=\"Foto: \u00c5se Marit Befring \/ NRK\"\/><\/p>\n<p class=\"\">Mahmoud Labwam er fortvilet.<\/p>\n<p>Foto: \u00c5se Marit Befring \/ NRK<\/p>\n<p>Mahmod har bestemt seg for \u00e5 fors\u00f8ke \u00e5 snakke med bosetterne og soldatene n\u00e5r de kommer.<\/p>\n<p>Det er det er det eneste v\u00e5penet han har.<\/p>\n<p>\u2013 Pr\u00f8ver jeg \u00e5 stanse dem med makt, blir jeg skutt. Vi har ingen rettigheter, sl\u00e5r han fast.<\/p>\n<p>Siste time under oliventr\u00e6rne<\/p>\n<p>Moren, Kmadeji Labwam, sitter under et av tr\u00e6rne med et r\u00f8dt skaut stramt over h\u00e5ret og stokken ved siden av seg.\n<\/p>\n<p><img decoding=\"async\"   src=\"data:image\/gif;base64,R0lGODlhAQABAIAAAAAAAP\/\/\/yH5BAEAAAAALAAAAAABAAEAAAIBRAA7\" loading=\"eager\" alt=\"en person med r\u00f8d hatt som holder en tregren (Bildebeskrivelsen er laget av en KI-tjeneste)\" title=\"Foto: \u00c5se Marit Befring \/ NRK\"\/><\/p>\n<p>Foto: \u00c5se Marit Befring \/ NRK<\/p>\n<p>71-\u00e5ringen er f\u00f8dt her.<\/p>\n<p>Hun plukker opp noen svarte oliven og holder dem i hendene. M\u00f8ysommelig har slekten i generasjon etter generasjon dyrket frem de svarte og gr\u00f8nne steinfruktene.<\/p>\n<p>Olivenoljen gir dem inntekt og mat p\u00e5 bordet.<\/p>\n<p>\u2013 Jeg er b\u00e5de sint og lei meg. Jeg skulle \u00f8nske jeg kunne d\u00f8 slik at jeg slapp \u00e5 oppleve dette, sier hun.<\/p>\n<p>    <img alt=\"hender som holder en haug med oliven \"  loading=\"lazy\"\/><img alt=\"eldre palestinsk kvinne gr\u00e5ter\"  loading=\"lazy\"\/><\/p>\n<p><strong>Marerittet begynte allerede dagen f\u00f8r, da naboens tr\u00e6r ble ramponert.<\/strong><\/p>\n<p>Klokken halv ni p\u00e5 morgenen h\u00f8rte Sliuman Labwam (45) stemmer utenfor huset. Da han gikk ut, ble han m\u00f8tt av bosettere beskyttet av v\u00e6pnede soldater.<\/p>\n<p>\u2013 En av dem kom bort og viste meg et kart p\u00e5 mobilen. Han fortalte at han hadde f\u00e5tt medhold i en domstol til \u00e5 felle tr\u00e6rne og konfiskere jorden min, sier han.\n<\/p>\n<p><img decoding=\"async\"   src=\"data:image\/gif;base64,R0lGODlhAQABAIAAAAAAAP\/\/\/yH5BAEAAAAALAAAAAABAAEAAAIBRAA7\" loading=\"eager\" alt=\"En person holder en mobiltelefon som viser et kart. Kartet har r\u00f8de og bl\u00e5 linjer trukket p\u00e5 tvers. Skjermen viser flere hebraiske tegn. Kartet er over et kupert omr\u00e5de. (Bildebeskrivelsen er laget av en KI-tjeneste)\" title=\"Foto: \u00c5se Marit Befring \/ NRK\"\/><\/p>\n<p class=\"\">Palestinerne har blitt vist dette kartet.<\/p>\n<p>Foto: \u00c5se Marit Befring \/ NRK<\/p>\n<p>P\u00e5 kort tid rev de opp 25 tr\u00e6r.<\/p>\n<p>\u2013 Det var hele inntektsgrunnlaget v\u00e5rt.<\/p>\n<p>Ingen av palestinerne har mottatt noen offisielle papirer p\u00e5 rettskjennelsen.<\/p>\n<p>Ved \u00e5 \u00f8delegge tr\u00e6rne blir det vanskeligere \u00e5 overleve.<\/p>\n<p>\u2013 Jeg er ikke bekymret for meg, men for barna mine. Hva skal skje med dem n\u00e5? sp\u00f8r Kmadeji Labwam.<\/p>\n<p>\u2013 G\u00e5 tilbake!<\/p>\n<p>Mens 71-\u00e5ringen snakker, kommer to menn g\u00e5ende nedover skr\u00e5ningen. De har begge p\u00e5 seg gr\u00f8nne hjelmer og er bev\u00e6pnet. Men de er ikke soldater. De er bosettere.<\/p>\n<p>S\u00e5 dukker gravemaskinen opp sammen med to soldater med tildekte ansikter.<\/p>\n<p>Den eldre kvinnen begynner \u00e5 g\u00e5 oppover olivenlunden mens hun jamrer seg.<\/p>\n<p>\u2013 M\u00e5tte Gud hevne seg over j\u00f8dene.\n<\/p>\n<p><img decoding=\"async\"   src=\"data:image\/gif;base64,R0lGODlhAQABAIAAAAAAAP\/\/\/yH5BAEAAAAALAAAAAABAAEAAAIBRAA7\" loading=\"eager\" alt=\"En person med r\u00f8d lue g\u00e5r oppover en steinet bakke. I bakgrunnen ses et gjerde med folk bak. Bakken er dekket av lav vegetasjon, og en gravemaskin st\u00e5r p\u00e5 en h\u00f8yde. Solen skinner og himmelen er bl\u00e5. (Bildebeskrivelsen er laget av en KI-tjeneste)\" title=\"Foto: \u00c5se Marit Befring \/ NRK\"\/><\/p>\n<p class=\"\">Kmadeji Labwam(71) g\u00e5r soldatene og gravemaskinen.i m\u00f8te.<\/p>\n<p>Foto: \u00c5se Marit Befring \/ NRK<\/p>\n<p>S\u00f8nnen kommer like bak.<\/p>\n<p>\u2013 G\u00e5 tilbake! roper soldatene bak maskene mens gravemaskinen ruller inn p\u00e5 jordet og begynner \u00e5 r\u00f8ske opp tr\u00e6rne.<\/p>\n<p>Mahmoud tar tak i moren, og hun snur og g\u00e5r et lite stykke nedover.<\/p>\n<p>\u2013 Det river i hjertet. Vi mister alt, sier hun mens hun t\u00f8rker bort noen t\u00e5rer.<\/p>\n<p>    <img alt=\"Noen f\u00e5 menn i milit\u00e6runiformer med v\u00e5pen p\u00e5 en h\u00f8yde (Bildebeskrivelsen er laget av en KI-tjeneste)\"  loading=\"lazy\"\/><img alt=\"En gruppe mennesker som st\u00e5r ved siden av en gravemaskin\"  loading=\"lazy\"\/><\/p>\n<p>Soldater med v\u00e5pen passer p\u00e5 at familien ikke blander seg inn.<\/p>\n<p>Foto: \u00c5se Marit Befring \/ NRK<\/p>\n<p>Et fengsel<\/p>\n<p>P\u00e5 en time har gravemaskinen kommet helt ned til husveggen. Bak ligger en slagmark av knuste tr\u00e6r og hele families levebr\u00f8d.\n<\/p>\n<p>\u2013 Ingen er forberedt f\u00f8r de plutselig dukker opp<\/p>\n<p><strong>N\u00e5 kommer ektemannen Naafs Labwam humpende oppover med stokk i h\u00e5nd. Han g\u00e5r s\u00e5 fort han kan, men i det han n\u00e6rmer seg, l\u00f8fter soldatene v\u00e5pnene og retter dem mot ham mens de roper at han m\u00e5 trekke seg tilbake.<\/strong><\/p>\n<p>Den eldre mannen g\u00e5r noen skritt unna, og er rasende.<\/p>\n<p>\u2013 Han truer meg med v\u00e5pen. Hvis han legger det ned, s\u00e5 kommer jeg til \u00e5 stikke kjeppen i rumpa p\u00e5 ham, sier 71-\u00e5ringen.<\/p>\n<p><img decoding=\"async\"   src=\"data:image\/gif;base64,R0lGODlhAQABAIAAAAAAAP\/\/\/yH5BAEAAAAALAAAAAABAAEAAAIBRAA7\" loading=\"eager\" alt=\"en gruppe soldater p\u00e5 et jorde, en palestiner med stokk ser p\u00e5 dem\" title=\"Foto: \u00c5se Marit Befring \/ NRK\"\/><\/p>\n<p>Foto: \u00c5se Marit Befring \/ NRK<\/p>\n<p>F\u00f8r gravemaskinen kj\u00f8rer vekk fra den \u00f8delagte olivenlunden, kommer bosetteren med en siste advarsel til Mahmod:<\/p>\n<p>\u2013 Hvis du krysser inn p\u00e5 dette omr\u00e5det, s\u00e5 river vi huset ditt, ogs\u00e5.<\/p>\n<p>Mahmoud er fortvilet og sint over at det ikke er noe han kan gj\u00f8re.\n<\/p>\n<p><img decoding=\"async\"   src=\"data:image\/gif;base64,R0lGODlhAQABAIAAAAAAAP\/\/\/yH5BAEAAAAALAAAAAABAAEAAAIBRAA7\" loading=\"eager\" alt=\"en mann som sitter p\u00e5 bakken med en soldat som st\u00e5r like ved og peker p\u00e5 noe\" title=\"Foto: \u00c5se Marit Befring \/ NRK\"\/><\/p>\n<p class=\"\">Mahmod f\u00f8ler seg hjelpel\u00f8s i m\u00f8te med de v\u00e6pnede soldatene<\/p>\n<p>Foto: \u00c5se Marit Befring \/ NRK<\/p>\n<p>\u2013 De gj\u00f8r livet v\u00e5rt om til et fengsel. Vi har ingen steder vi kan henvende oss for \u00e5 klage. Hvor ellers i verden skjer dette?<\/p>\n<p>Fra Israels side er alt er en del av en bevisst strategi.<\/p>\n<p>Forsvarsminister Israel Katz har uttrykt at bosettingsutvidelsene er ment \u00e5 \u00abforhindre opprettelsen av en palestinsk stat\u00bb.<\/p>\n<p>Bare i \u00e5r har israelske myndigheter godkjent planer for n\u00e6rmere 50.000 boenheter, if\u00f8lge en rapport fra FNs generalsekret\u00e6r.<\/p>\n<p>Eli vil skape en kile mellom det sentrale Vestbredden der Ramallah ligger og omr\u00e5dene lenger nord n\u00e5r den er ferdig utbygget.<\/p>\n<p>Israelerne har ogs\u00e5 satt opp hundrevis av nye gjerder, kontrollposter og barrierer og begrunnet det med sikkerhetshensyn, men for palestinerne betyr det timevis med omveier.<\/p>\n<p><strong>\u2013 De vil vise at de kan gj\u00f8re hva de vil mot deg: ta tr\u00e6rne, stjele land, drepe folk og \u00f8delegge huset. De fors\u00f8ker \u00e5 skremme oss alle, sier Mahmod<\/strong> <strong>Labwam.<br \/>\n<\/strong><\/p>\n<p><img decoding=\"async\"   src=\"data:image\/gif;base64,R0lGODlhAQABAIAAAAAAAP\/\/\/yH5BAEAAAAALAAAAAABAAEAAAIBRAA7\" loading=\"eager\" alt=\"En gruppe menn som holder en fiskestang (Bildebeskrivelsen er laget av en KI-tjeneste)\" title=\"Foto: \u00c5se Marit Befring \/ NRK\"\/><\/p>\n<p class=\"\">Mahmoud Labwam sammenligner livet deres p\u00e5 Vestbredden som \u00e5 leve i et fengsel.<\/p>\n<p>Foto: \u00c5se Marit Befring \/ NRK<\/p>\n<p>Publisert<\/p>\n<p>13.12.2025, kl. 15.07<\/p>\n","protected":false},"excerpt":{"rendered":"Bredbeint og bev\u00e6pnet med automatv\u00e5pen st\u00e5r de maskerte soldatene vakt. Bak dem flerrer gravemaskinskuffens kraftige metalltenner de knudrete&hellip;\n","protected":false},"author":2,"featured_media":62464,"comment_status":"","ping_status":"","sticky":false,"template":"","format":"standard","meta":{"footnotes":""},"categories":[12],"tags":[20,21,24,25,15,22,23,13,30,28,29,14,16,26,27,42,43,44,45],"class_list":{"0":"post-112234","1":"post","2":"type-post","3":"status-publish","4":"format-standard","5":"has-post-thumbnail","7":"category-verden","8":"tag-breaking-news","9":"tag-breakingnews","10":"tag-featured-news","11":"tag-featurednews","12":"tag-headlines","13":"tag-latest-news","14":"tag-latestnews","15":"tag-news","16":"tag-no","17":"tag-norge","18":"tag-norway","19":"tag-nyheter","20":"tag-overskrifter","21":"tag-top-stories","22":"tag-topstories","23":"tag-verden","24":"tag-world","25":"tag-world-news","26":"tag-worldnews"},"share_on_mastodon":{"url":"https:\/\/pubeurope.com\/@no\/115712773626503735","error":""},"_links":{"self":[{"href":"https:\/\/www.europesays.com\/no\/wp-json\/wp\/v2\/posts\/112234","targetHints":{"allow":["GET"]}}],"collection":[{"href":"https:\/\/www.europesays.com\/no\/wp-json\/wp\/v2\/posts"}],"about":[{"href":"https:\/\/www.europesays.com\/no\/wp-json\/wp\/v2\/types\/post"}],"author":[{"embeddable":true,"href":"https:\/\/www.europesays.com\/no\/wp-json\/wp\/v2\/users\/2"}],"replies":[{"embeddable":true,"href":"https:\/\/www.europesays.com\/no\/wp-json\/wp\/v2\/comments?post=112234"}],"version-history":[{"count":0,"href":"https:\/\/www.europesays.com\/no\/wp-json\/wp\/v2\/posts\/112234\/revisions"}],"wp:featuredmedia":[{"embeddable":true,"href":"https:\/\/www.europesays.com\/no\/wp-json\/wp\/v2\/media\/62464"}],"wp:attachment":[{"href":"https:\/\/www.europesays.com\/no\/wp-json\/wp\/v2\/media?parent=112234"}],"wp:term":[{"taxonomy":"category","embeddable":true,"href":"https:\/\/www.europesays.com\/no\/wp-json\/wp\/v2\/categories?post=112234"},{"taxonomy":"post_tag","embeddable":true,"href":"https:\/\/www.europesays.com\/no\/wp-json\/wp\/v2\/tags?post=112234"}],"curies":[{"name":"wp","href":"https:\/\/api.w.org\/{rel}","templated":true}]}}