{"id":112241,"date":"2025-12-13T14:45:14","date_gmt":"2025-12-13T14:45:14","guid":{"rendered":"https:\/\/www.europesays.com\/no\/112241\/"},"modified":"2025-12-13T14:45:14","modified_gmt":"2025-12-13T14:45:14","slug":"gjenoppbygging-handler-ogsa-om-a-bygge-opp-alt-det-som-er-odelagt-inni-ukrainerne","status":"publish","type":"post","link":"https:\/\/www.europesays.com\/no\/112241\/","title":{"rendered":"\u2013 Gjenoppbygging handler ogs\u00e5 om \u00e5 bygge opp alt det som er \u00f8delagt inni ukrainerne"},"content":{"rendered":"<p><a href=\"https:\/\/www.panoramanyheter.no\/krigsforbrytelser-mental-helse-ukraina\/gjenoppbygging-handler-ogsa-om-a-bygge-opp-alt-det-som-er-odelagt-inni-ukrainerne\/408592\" rel=\"nofollow noopener\" target=\"_blank\">Denne artikkelen<\/a> ble f\u00f8rst publisert hos <a href=\"https:\/\/www.panoramanyheter.no\/\" rel=\"nofollow noopener\" target=\"_blank\">Panorama nyheter.\u00a0<\/a><\/p>\n<p>\u2013 Ukrainerne har en beundringsverdig motstandskraft. Men vi er n\u00e5 langt inne i det fjerde \u00e5ret av en krig som sliter voldsomt p\u00e5 sivilbefolkningen, sier Auke Lootsma, stedlig representant for FNs utviklingsprogram (UNDP) i Ukraina.<\/p>\n<p>                <img decoding=\"async\" src=\"https:\/\/www.europesays.com\/no\/wp-content\/uploads\/2025\/12\/1330633.webp\" width=\"480\" height=\"274\" title=\"Auke Lootsma, stedlig representant for FNs utviklingsprogram i Ukraina. Foto: Espen R\u00f8st\" alt=\"\" loading=\"lazy\" style=\"\"\/><\/p>\n<p>\n            Auke Lootsma, stedlig representant for FNs utviklingsprogram i Ukraina. Foto: Espen R\u00f8st<br \/>\n            Espen R\u00f8st.\n        <\/p>\n<p> Panorama m\u00f8ter FN-toppen i Oslo. Vi snakker om et land der mye fremst\u00e5r p\u00e5 overflaten fremst\u00e5r relativt normalt, som i Kyiv, der det fortsatt er et livlig kaf\u00e9liv og \u00e5pne butikker.<\/p>\n<p class=\"quote\">Mange har ikke sovet gjennom en hel natt p\u00e5 lang, lang tid<\/p>\n<p class=\"font-weight-bold m-font-weight-bold\" data-lab-font_weight=\"font-weight-bold\">Auke Lootsma, UNDP Ukraina<\/p>\n<p> Men ogs\u00e5 med en jevn str\u00f8m av droner og missiler. <\/p>\n<p> Lootsma er opptatt av de enorme menneskelige lidelsene som f\u00f8lger av nabolandets krig. Om at\u00a0Russland har endret strategi fra artilleribombing langs fronten, til \u00abluftterror\u00bb med missiler, droner og glidebomber som n\u00e5r lengre og lengre inn p\u00e5 ukrainsk territorium. <\/p>\n<p>Luftkrigen rammer langt fra fronten, og treffer ukrainerne hardt, p\u00e5peker Lootsma.<\/p>\n<p>Det er krevende \u00e5 fastsl\u00e5 omfanget av Russlands v\u00e5penbruk siden fullskalainvasjonen i 2022, men dette er anslag for m\u00e5nedene september, oktober og november i \u00e5r:<\/p>\n<p>                <img decoding=\"async\" src=\"https:\/\/www.europesays.com\/no\/wp-content\/uploads\/2025\/12\/1330635.webp\" width=\"480\" height=\"274\" title=\"Kramatorsk 5. april 2022: Titusenvis av sivile ble evakuert fra togstasjonen i dagene f\u00f8r det d\u00f8delig missilangrepet 8. april 2022. En ansatt ved stasjonen meddelte til Human Rights Watch at henholdsvis 6500 og 8200 sivile ble evakuert den 6. og 7. april.\" alt=\"\" loading=\"lazy\" style=\"\"\/><\/p>\n<p>\n            Kramatorsk 5. april 2022: Titusenvis av sivile ble evakuert fra togstasjonen i dagene f\u00f8r det d\u00f8delig missilangrepet 8. april 2022. En ansatt ved stasjonen meddelte til Human Rights Watch at henholdsvis 6500 og 8200 sivile ble evakuert den 6. og 7. april.<br \/>\n            Fadel Senna \/ AFP \/ NTB\n        <\/p>\n<p>\u2013 Selv om mange ukrainere fortsatt har en tro p\u00e5 seier, sliter en krig ned det menneskelige, sier Auke Lootsma.<\/p>\n<p>\u2013\u00a0Har ikke sovet en natt p\u00e5 lang, lang tid<\/p>\n<p>En landsomfattende unders\u00f8kelse som blant annet s\u00f8kte \u00e5 avdekke ukraineres mentale helse etter tre \u00e5r med krig, viste alvorlige mentale helseutfordringer i befolkningen.\u00a0<\/p>\n<p>42 prosent oppga at de har hatt raseriutbrudd eller er aggressive mot andre, og mer enn halvparten av de spurte opplevde ofte, eller veldig ofte, depresjon eller stor tristhet.<\/p>\n<p> I\u00a0<a href=\"https:\/\/api.scoreforpeace.org\/storage\/pdfs\/PRE_Launch-event-presentation_ENG_v9.pdf\" rel=\"nofollow noopener\" target=\"_blank\">unders\u00f8kelsen gjennomf\u00f8rt av blant annet UNDP<\/a>, fremkommer det ogs\u00e5 at ukraineres\u00a0\u00abdirekte eksponering for krigshandlinger\u00bb er sv\u00e6rt h\u00f8y.<\/p>\n<ul>\n<li class=\"lab-bodytext-line\">\u00a0\n<ul>\n<li>31 prosent svarte at de hadde bevitnet et drone- eller missil-angrep.\u00a0<\/li>\n<li>1 av 5 svarte at de med egne \u00f8yne hadde sett kamper mellom soldater.\u00a0<\/li>\n<li>50 prosent av internt fordrevne svarte at eget hjem er \u00f8delagt av kamphandlinger.<\/li>\n<li>1 av 4 internt fordrevne svarte at de hadde mistet en n\u00e6rst\u00e5ende venn eller slektning.<\/li>\n<\/ul>\n<\/li>\n<\/ul>\n<p class=\"font-weight-bold m-font-weight-bold\" data-lab-font_weight=\"font-weight-bold\">\u00a0\u2013 Nesten alle har en far, en bror, eller en onkel i h\u00e6ren. Bekymringen for familiemedlemmer ved fronten tynger selvf\u00f8lgelig enormt. I tillegg kommer frykten for eget liv. Mange f\u00f8lger med i ulike Telegram-kanaler og f\u00e5r krigen rett inn p\u00e5 mobilen, sier han og p\u00e5peker hvilken informasjon man kan f\u00e5 i sanntid: <\/p>\n<p>Hvor er det russiske fly n\u00e5?\u00a0Er det krigsskip i Svartehavet?\u00a0Hvor treffer neste missil?<\/p>\n<p>\u2013 Mange ukrainere har ikke sovet gjennom en hel natt p\u00e5 lang, lang tid, sier han.<\/p>\n<p>\u2013 Viktig \u00e5 holde Ukraina flytende<\/p>\n<p>Auke Lootsma har jobbet i UNDP gjennom 30 \u00e5r, tjenestegjort i konfliktland som Jemen og Irak, men forteller at han fortsatt blir redd n\u00e5r luftvernsirene lyder over Kyiv.<\/p>\n<p data-lab-font_weight=\"font-weight-bold\" class=\"font-weight-bold m-font-weight-bold\">\u2013 Dronene h\u00f8res ut som superstore mygg, p\u00e5 testosteron. Det gjentagende luftvernskytset, er skremmende. Men jeg er mest redd for ballistiske missiler. De kommer s\u00e5 fort, og skadene er s\u00e5 mye mer omfattende, sier han.<\/p>\n<p>UNDP-sjefen sier Russland og Ukraina fors\u00f8ker \u00e5 slite hverandre ut.<\/p>\n<p>\u2013 Selv om frontlinjene beveger seg noe, er det ingen egentlige gjennombrudd. Denne krigen handler vel s\u00e5 mye om den \u00f8konomiske skaden partene kan p\u00e5f\u00f8re hverandre.<\/p>\n<p>\u2013 Dere har estimert at det vil koste minst 500 milliarder dollar \u00e5 gjenoppbygge Ukraina?<\/p>\n<p class=\"font-weight-bold m-font-weight-bold\" data-lab-font_weight=\"font-weight-bold\">\u2013 Ja, og dette er bare et minimums-estimat for kostnader knyttet til offentlig infrastruktur. Og for hver eneste dag som denne krigen raser videre, kan du selvf\u00f8lgelig bare plusse p\u00e5. Kostnadene for \u00e5 gjenoppbygge Ukraina vil bli enorme.<\/p>\n<p>FN-toppen mener at man ikke kan vente med gjenoppbyggingen.<\/p>\n<p>        Russiske missilangrep og tragedien i Kramatorsk:<br \/>\n        Det finnes ikke p\u00e5litelig, informasjon om hvor mange missiler Russland har avfyrt mot Ukraina fra fullskalainvasjonen i februar 2022 til desember 2025.\u00a0<\/p>\n<p>Men\u00a0Center for Strategic and International Studies\u00a0er blant akt\u00f8rene som har registrert deler av perioden, og ansl\u00e5r at antallet er mellom 13 000 og 15 000 missiler.<\/p>\n<p>Etter\u00a0<a href=\"https:\/\/www.amnesty.org\/en\/documents\/eur50\/5713\/2022\/en\/\" rel=\"nofollow noopener\" target=\"_blank\">angrepet mot teateret i Mariupol 16. mars 2022<\/a>, der flere hundre sivile hadde s\u00f8kt tilflukt (d\u00f8dstallene er fortsatt uklare), er angrepet mot jernbanestasjonen i Kramatorsk 8. april 2022, et av de d\u00f8deligste. Hundrevis, kanskje tusenvis av mennesker ventet p\u00e5 et evakueringstog da to Tochka-missiler med klaseammunisjon traff stasjonen klokka 10:28.<\/p>\n<p>Det finnes bare estimater for antallet som var p\u00e5 perrongen for \u00e5 bli evakuert denne formiddagen, men i dagene f\u00f8r angrepet hadde ukrainske myndigheter oppfordret innbyggerne til \u00e5 forlate byen. En ansatt ved togstasjonen meddelte\u00a0<a href=\"https:\/\/www.hrw.org\/video-photos\/interactive\/2023\/02\/21\/death-at-the-station\/russian-cluster-munition-attack-in-kramatorsk\" rel=\"nofollow noopener\" target=\"_blank\">til Human Rights Watch<\/a>\u00a0at lokale myndigheter evakuerte henholdsvis 6500 og 8200 sivile de to dagen f\u00f8r angrepet, alts\u00e5 den 6. og 7. april.<\/p>\n<p>Det bodde om lag 150 000 innbyggere i Kramatorsk da Russland invaderte Ukraina i februar 2022, vel 200 000 om man inkluderer forsteder. Under evakueringen i april 2022 opererte Ukrzaliznytsia (det statseide jernbaneselskapet) i n\u00f8dmodus, der rutetabellene ble satt bare \u00e9n eller to dager f\u00f8r avgang grunnet sikkerhetssituasjonen og humanit\u00e6re behov. If\u00f8lge vitneforklaringer til\u00a0<a href=\"https:\/\/mipl.org.ua\/en\/anniversary-of-the-attack-on-the-railway-station-in-kramatorsk-will-perpetrators-face-justice\/\" target=\"_blank\" rel=\"nofollow noopener\">Media Initiative for Human Rights<\/a>\u00a0skulle fire tog g\u00e5 i forskjellige retninger denne dagen. Et vitne opplyste at det f\u00f8rste toget skulle til Khmelnytskyj klokka 11:55.<\/p>\n<p>Fotojournalist Andrea Carruba (som har tatt bildet \u00f8verst i saken) ankom stasjonen bare minutter etter angrepet. Det han s\u00e5 og dokumenterte der, har satt varige spor. Han forteller til Panorama at ordf\u00f8reren i Kramatorsk hadde kommet med gjentatte oppfordringer gjennom sosiale medier og andre kanaler til byens innbyggere om \u00e5 evakuere, og at det daglig str\u00f8mmet tusenvis av mennesker til stasjonen i h\u00e5p om \u00e5 f\u00e5 plass p\u00e5 et tog vestover. Da de to Tochka-missilene rammet stasjonsomr\u00e5det, befant han seg p\u00e5 en h\u00f8yde, ikke langt fra stasjonen. Andrea Carubba h\u00f8rte eksplosjonene og s\u00e5 den svarte r\u00f8yken stige mot himmelen.<\/p>\n<p>\u2013\u00a0Jeg kom fram bare minutter senere, f\u00f8r ambulansene. Synet som m\u00f8tte meg var forferdelig, sier Carubba til Panorama.\u00a0<\/p>\n<p>Han forteller at han s\u00e5 flere titalls mennesker ligge ur\u00f8rlige p\u00e5 bakken, at enda flere var skadet,\u00a0mest kvinner og barn.\u00a0<\/p>\n<p>\u2013\u00a0Kroppsdeler l\u00e5 spredt utover. Himmelen var bl\u00e5, men en uhyggelig stillhet omringet det hele. Det var ekstremt vanskelig \u00e5 fokusere p\u00e5 jobben min. Hvorfor massakrere sivile som er p\u00e5 en togstasjon med h\u00e5p om \u00e5 komme seg i trygghet? sp\u00f8r Carubba.\u00a0<\/p>\n<p>If\u00f8lge ukrainske myndigheter bodde det fortsatt rundt 50 000 innbyggere i Kramatorsk per juli 2025. Nedgangen fra n\u00e6rmere 200 000 innbyggere i februar 2022 skyldes masseflukt p\u00e5 grunn av kontinuerlige russiske angrep. Frontlinjen er n\u00e5 bare 20 kilometer fra byen. I september 2025 beordret ukrainske myndigheter evakuering av familier med barn fra byen og omkringliggende omr\u00e5der p\u00e5 grunn av \u00f8kt droneaktivitet.<\/p>\n<p>Mye er uoversiktlig i Ukraina, men\u00a0<a href=\"https:\/\/news.un.org\/en\/story\/2025\/10\/1166074\" target=\"_blank\" rel=\"nofollow noopener\">if\u00f8lge en rapport fra FNs menneskerettighetskontor<\/a>\u00a0ble minst\u00a014 383 sivile drept og 37 541 sivile skadet i russiske angrep mellom februar 2022 og oktober 2025. Kherson og Donetsk er de to fylkene der flest sivile er rammet av angrep, og Kramatorsk er blant de hardest rammede byene. Det p\u00e5g\u00e5r flere parallelle etterforskninger av Russlands ledelse, inkludert president Vladimir Putin for krigsforbrytelser og forbrytelser mot menneskeheten i forbindelse med invasjonen av og krigen mot Ukraina. Gjennom Nansen-programmet st\u00f8tter Norge blant annet opprettelsen av et\u00a0<a href=\"https:\/\/www.regjeringen.no\/no\/aktuelt\/ukraina-norge-stotter-opprettelse-av-spesialtribunal\/id3099785\/\" target=\"_blank\" rel=\"nofollow noopener\">Spesialtribunal<\/a>\u00a0(STCAU) for kriminalisering av aggresjonen.<\/p>\n<p>\u2013 Det er viktig \u00e5 holde Ukraina flytende. UNDP pr\u00f8ver \u00e5 reparere noe av det som er \u00f8delagt, som skoler og helseinstitusjoner. Det er viktig \u00e5 merke seg at den ukrainske \u00f8konomien fungerer i beste velg\u00e5ende. \u00c5 la den kollapse, undergraver ikke bare krigsinnsatsen, men er ogs\u00e5 en oppskrift for at flere skal forlate landet, sier Lootsma.<\/p>\n<p>\u2013 Handler om \u00e5 f\u00e5 Ukraina gjennom vinteren<\/p>\n<p>Han leder et FN-program med mandat til \u00e5 styrke offentlige institusjoner og bist\u00e5 sivilt samfunn. M\u00e5let er blant annet \u00e5 koble humanit\u00e6r innsats p\u00e5 det mer langsiktige utviklingsarbeidet. Selv om UNDP jobber med krevende utfordringer, som \u00e5 sikre beskyttelse for internt fordrevne og \u00e5 rydde enorme landbruksomr\u00e5der udetonert sprengstoff, er det \u00e9n sektor som f\u00e5r mye av Auke Lootsmas oppmerksomhet n\u00e5.<\/p>\n<p>                <img decoding=\"async\" src=\"https:\/\/www.europesays.com\/no\/wp-content\/uploads\/2025\/12\/1330637.webp\" width=\"480\" height=\"274\" title=\"Kyiv, 29. oktober 2025: Ukrainske myndigheter har innf\u00f8rt restriksjoner p\u00e5 str\u00f8mforbruk etter massive russiske angrep p\u00e5 energiinfrastruktur. Foto: Kotenko Yevhen \/ Ukrinform \/ Abaca \/ NTB\" alt=\"\" loading=\"lazy\" style=\"\"\/><\/p>\n<p>\n            Kyiv, 29. oktober 2025: Ukrainske myndigheter har innf\u00f8rt restriksjoner p\u00e5 str\u00f8mforbruk etter massive russiske angrep p\u00e5 energiinfrastruktur. Foto: Kotenko Yevhen \/ Ukrinform \/ Abaca \/ NTB<br \/>\n            Kotenko Yevhen \/ Ukrinform \/ Abaca \/ NTB\n        <\/p>\n<p>\u2013 Det har v\u00e6rt nesten daglige, m\u00e5lrettede russiske angrep mot Ukrainas kraftforsyning denne h\u00f8sten. S\u00e5 det mest akutte n\u00e5 er \u00e5 st\u00f8tte energisektoren. Dette handler rett og slett om \u00e5 f\u00e5 Ukraina gjennom vinteren, sier Lootsma.<\/p>\n<p>P\u00e5 landsbygda handler energibistand i stor grad om hjelp til \u00e5 skaffe ved, eller om \u00f8konomisk bistand, men i byene er det en helt annen situasjon, p\u00e5peker UNDP-toppen.<\/p>\n<p>\u2013 I byene handler energimangel om utfordringer for oppvarming, om vann og kloakk, og selvf\u00f8lgelig om lys. Str\u00f8mbruddene f\u00e5r en mer direkte innvirkning p\u00e5 folks hverdag. Spesielt i de omr\u00e5dene der man fortsatt har gamle sovjetiske systemer med sentralvarme. Bekymringen i energidepartementet n\u00e5, er at de skal g\u00e5 tom for kritisk reserveutstyr for \u00f8delagt energiinfrastruktur innen utgangen av desember, sier Lootsma.<\/p>\n<p>\u2013 Hvordan tror du vinteren blir?<\/p>\n<p>\u2013 Jeg tror ukrainerne g\u00e5r en hard vinter i m\u00f8te.<\/p>\n<p>\u2013 Later som at alt er normalt<\/p>\n<p>Lootsma mener det er i menneskets natur \u00e5 skjerme seg fra det ekstreme, og sier han tror mange ukrainere etterhvert er blitt litt blasert til krigens grusomheter.<\/p>\n<p data-lab-font_weight=\"font-weight-bold\" class=\"font-weight-bold m-font-weight-bold\">\u2013 Da er det ikke s\u00e5 overraskende at folk s\u00f8ker seg til m\u00e5ter der de kan f\u00f8le mindre smerte. Antidepressiva, alkohol, eller andre typer negative mestringsmekanismer blir en stadig vanligere del av ukrainernes hverdag, sier Lootsma.<\/p>\n<p>\u2013 Eller positive mestringsmekanismer, som \u00e5 danse eller g\u00e5 ut \u00e5 ta en \u00f8l?<\/p>\n<p>\u2013 Ja, absolutt. Vi ser at ukrainere gj\u00f8r et poeng av \u00e5 kunne g\u00e5 p\u00e5 restaurant. At de g\u00e5r ut for \u00e5 ta en \u00f8l, for \u00e5 late som om alt er normalt. Men krigen p\u00e5virker selvf\u00f8lgelig nasjonens psyke, og det er krevende \u00e5 ta vare p\u00e5 alle, for det finnes det ikke ressurser til.<\/p>\n<p>Lootsma gjenforteller historien til en av hans egne medarbeidere ved UNDPs Kyiv-kontor.<\/p>\n<p>\u2013 F\u00f8r krigen eide han en Levi&#8217;s-butikk i Mariupol. Da russerne kom, stjal de alle jeansene og tente p\u00e5 butikken. Sammen med familien flyktet han, og endte til slutt opp i Kyiv. Han snakker fortsatt om at han mistet levebr\u00f8det og familiens hus, at han mistet alt han eide.\u00a0<\/p>\n<p>Dette er bare \u00e9n av millioner av enkelthistorier, p\u00e5peker UNDPs Ukrainasjef.\u00a0<\/p>\n<p>                <img decoding=\"async\" src=\"https:\/\/www.europesays.com\/no\/wp-content\/uploads\/2025\/12\/1330639.webp\" width=\"480\" height=\"274\" title=\"Kramatorsk, 2. desember 2025: Ukrainske myndigheter har beordret evakuering fra byen som n\u00e5 bare er rundt 20 kilometer fra fronten. Men alle har ikke dratt. Her inspiserer beboere skader p\u00e5 leiligheten sin etter enda et russisk droneangrep. Foto: Anatolii Stepanov \/ Reuters \/ NTB\" alt=\"\" loading=\"lazy\" style=\"\"\/><\/p>\n<p>\n            Kramatorsk, 2. desember 2025: Ukrainske myndigheter har beordret evakuering fra byen som n\u00e5 bare er rundt 20 kilometer fra fronten. Men alle har ikke dratt. Her inspiserer beboere skader p\u00e5 leiligheten sin etter enda et russisk droneangrep. Foto: Anatolii Stepanov \/ Reuters \/ NTB<br \/>\n            Anatolii Stepanov \/ Reuters \/ NTB\n        <\/p>\n<p class=\"font-weight-bold m-font-weight-bold\" data-lab-font_weight=\"font-weight-bold\">\u2013\u00a0Det er vanskelig for folk \u00e5 h\u00e5ndtere krigens realiteter, og dette tynger hele nasjonen. S\u00e5 n\u00e5r vi snakker om gjenoppbygging, handler ikke det bare om \u00e5 gjenoppbygge bygninger og motorveier, om \u00e5 gjenoppbygge \u00f8delagt infrastruktur. Det handler vel s\u00e5 mye om \u00e5 gjenoppbygge nasjonens psyke, sier Lootsma.<\/p>\n<p>\u2013 Hat er energikrevende<\/p>\n<p>Mens krigen raser, vil de aller fleste ukrainere fors\u00f8ke \u00e5 slutte opp om kampen for frihet, mener Lootsma.<\/p>\n<p>\u2013 Men n\u00e5r den er over, vil interne splittelser komme til overflaten. Derfor er det viktig at vi allerede n\u00e5 investerer i velferdsordninger, som psykososial st\u00f8tte, for \u00e5 hindre at ikke nasjonens mentale helse kollapser. Kapasiteten til \u00e5 h\u00e5ndtere dette er forel\u00f8pig relativt liten, men flere FN-organisasjoner fors\u00f8ker \u00e5 bist\u00e5 ukrainske myndigheter.<\/p>\n<p>Han mener krigsveteraner, unge menn som kommer fra fronten, er en utfordring.<\/p>\n<p>\u2013 Mange kommer skadet tilbake fra fronten. \u00c5 hjelpe disse tilbake til en hverdag tilpasset skadene de har, er viktig. Og n\u00e5r krigen en dag er over, skal hundretusener av soldater tilbake til et sivilt liv. Mange vil ha funksjonsnedsettelser, traumer og psykiske problemer. Erfaringene fra andre land i krig, er at det vil bli store utfordringer med alkohol- og narkotikamisbruk, eller vold i hjemmet. Derfor er det viktig at ukrainske myndigheter allerede n\u00e5 begynner \u00e5 forberede seg, og i det arbeidet bist\u00e5r vi dem, sier UNDP-toppen.<\/p>\n<p>Selv om krigens s\u00e5r i den ukrainske befolkningen er enorme, mener Lootsma nasjonalf\u00f8lelsen er styrket etter Russlands fullskalinvasjon.<\/p>\n<p>\u2013 Men jeg tror mange unge synes det er krevende \u00e5 se en vei ut av alt dette, og sp\u00f8r seg om det egentlig finnes en framtid i Ukraina. Jeg tenker at dette hatet som har bygget seg opp mot Russland, er blitt en del av Ukrainas kollektive mentalhelse, sier Lootsma.<\/p>\n<p class=\"font-weight-bold m-font-weight-bold\" data-lab-font_weight=\"font-weight-bold\">\u2013 Hat er energikrevende. \u00c5 komme over det, kan ta generasjoner.<\/p>\n","protected":false},"excerpt":{"rendered":"Denne artikkelen ble f\u00f8rst publisert hos Panorama nyheter.\u00a0 \u2013 Ukrainerne har en beundringsverdig motstandskraft. Men vi er n\u00e5&hellip;\n","protected":false},"author":2,"featured_media":112242,"comment_status":"","ping_status":"","sticky":false,"template":"","format":"standard","meta":{"footnotes":""},"categories":[12],"tags":[20,21,24,25,15,22,23,13,30,28,29,14,16,26,27,42,43,44,45],"class_list":{"0":"post-112241","1":"post","2":"type-post","3":"status-publish","4":"format-standard","5":"has-post-thumbnail","7":"category-verden","8":"tag-breaking-news","9":"tag-breakingnews","10":"tag-featured-news","11":"tag-featurednews","12":"tag-headlines","13":"tag-latest-news","14":"tag-latestnews","15":"tag-news","16":"tag-no","17":"tag-norge","18":"tag-norway","19":"tag-nyheter","20":"tag-overskrifter","21":"tag-top-stories","22":"tag-topstories","23":"tag-verden","24":"tag-world","25":"tag-world-news","26":"tag-worldnews"},"share_on_mastodon":{"url":"https:\/\/pubeurope.com\/@no\/115712801530178232","error":""},"_links":{"self":[{"href":"https:\/\/www.europesays.com\/no\/wp-json\/wp\/v2\/posts\/112241","targetHints":{"allow":["GET"]}}],"collection":[{"href":"https:\/\/www.europesays.com\/no\/wp-json\/wp\/v2\/posts"}],"about":[{"href":"https:\/\/www.europesays.com\/no\/wp-json\/wp\/v2\/types\/post"}],"author":[{"embeddable":true,"href":"https:\/\/www.europesays.com\/no\/wp-json\/wp\/v2\/users\/2"}],"replies":[{"embeddable":true,"href":"https:\/\/www.europesays.com\/no\/wp-json\/wp\/v2\/comments?post=112241"}],"version-history":[{"count":0,"href":"https:\/\/www.europesays.com\/no\/wp-json\/wp\/v2\/posts\/112241\/revisions"}],"wp:featuredmedia":[{"embeddable":true,"href":"https:\/\/www.europesays.com\/no\/wp-json\/wp\/v2\/media\/112242"}],"wp:attachment":[{"href":"https:\/\/www.europesays.com\/no\/wp-json\/wp\/v2\/media?parent=112241"}],"wp:term":[{"taxonomy":"category","embeddable":true,"href":"https:\/\/www.europesays.com\/no\/wp-json\/wp\/v2\/categories?post=112241"},{"taxonomy":"post_tag","embeddable":true,"href":"https:\/\/www.europesays.com\/no\/wp-json\/wp\/v2\/tags?post=112241"}],"curies":[{"name":"wp","href":"https:\/\/api.w.org\/{rel}","templated":true}]}}