{"id":112270,"date":"2025-12-13T15:19:47","date_gmt":"2025-12-13T15:19:47","guid":{"rendered":"https:\/\/www.europesays.com\/no\/112270\/"},"modified":"2025-12-13T15:19:47","modified_gmt":"2025-12-13T15:19:47","slug":"reaksjoner-i-tyskland","status":"publish","type":"post","link":"https:\/\/www.europesays.com\/no\/112270\/","title":{"rendered":"Reaksjoner i Tyskland"},"content":{"rendered":"<p>  Borussia Dortmund m\u00e5 \u00absteke i eget fett\u00bb etter to tapte poeng mot Kjetil Knutsen og Bod\u00f8\/Glimt.<\/p>\n<p>\n    FIKK MED SEG POENG: Trener Kjetil Knutsen var forn\u00f8yd etter 2-2 mot Borussia Dortmund. Foto: NTB\n  <\/p>\n<ul>\n<li class=\"lab-bodytext-line font-weight-bold m-font-weight-bold\" data-lab-font_weight=\"font-weight-bold\">Borussia Dortmund &#8211; Bod\u00f8\/Glimt 2-2<\/li>\n<\/ul>\n<p>DORTMUND (Dagbladet): I Tyskland er det fortsatt uforst\u00e5elig hvordan Borussia Dortmund kunne spille 2-2 mot Bod\u00f8\/Glimt onsdag.<\/p>\n<p>P\u00e5 forh\u00e5nd var det f\u00e5 som snakket om miniputten fra Nord-Norge. Men de siste 24 timene har det smelt i tyske l\u00e6rpisker i Ruhromr\u00e5det.<\/p>\n<p>        <img loading=\"lazy\" decoding=\"async\" src=\"https:\/\/www.europesays.com\/no\/wp-content\/uploads\/2025\/12\/83973697.webp\" width=\"686\" height=\"440\" title=\"KONTRASTER: Bod\u00f8\/Glimt-spillerne jublet for ett poeng p\u00e5 Signal Iduna Park. Julian Brandt og hjemmelaget ble buet p\u00e5 av egne supportere. Foto: NTB\" alt=\"\" class=\"\" style=\"--aspect-ratio-image: 1.56; \"\/><\/p>\n<p>\n        KONTRASTER: Bod\u00f8\/Glimt-spillerne jublet for ett poeng p\u00e5 Signal Iduna Park. Julian Brandt og hjemmelaget ble buet p\u00e5 av egne supportere. Foto: NTB\n    <\/p>\n<p>&#8211; Borussia Dortmund sl\u00f8ste bort en god posisjon i Champions League med en dose arroganse. Dette laget mangler sult, melder lokalavisa <a href=\"https:\/\/www.ruhrnachrichten.de\/bvb\/bvb-verzockt-gute-ausgangslage-mit-arroganz-anfall-team-fehlt-die-absolute-gier-w1118949-2001904624\/?sT=TMJ8KM7WLKJL&amp;sO=OF8962M8BMCX&amp;sTindex=0\" rel=\"nofollow noopener\" target=\"_blank\">Ruhr Nachrichten<\/a>.<\/p>\n<p>&#8211; De to tapte poengene kan forhindre Borussia Dortmund fra \u00e5 g\u00e5 direkte videre til \u00e5ttendedelsfinalen i Champions League. Den farlige omveien via playoff n\u00e6rmer seg. Laget har bare seg selv \u00e5 takke.<\/p>\n<p>Borussia Dortmund ligger p\u00e5 10. plass med 11 poeng. De kunne hatt 13 poeng. De \u00e5tte beste lagene g\u00e5r direkte videre. Lagene fra plass 9 til 24 m\u00e5 gjennom omspill. Bod\u00f8\/Glimt ligger p\u00e5 32. plass.<\/p>\n<p class=\"italic m-italic\" data-lab-italic=\"italic\">Se tabell under:<\/p>\n<p>Omkvedet i Tyskland er at storheten Borussia Dortmund har rotet det til for seg selv.\u00a0<\/p>\n<p>To kamper gjenst\u00e5r. Men i Tyskland er ikke mentaliteten som i Norge, der man \u00abgj\u00f8r opp regnskapet til slutt\u00bb. N\u00e5r det er grunn til \u00e5 sl\u00e5 alarm, sl\u00e5r tyskerne alarm.<\/p>\n<p>Bare sp\u00f8r St\u00e5le Solbakken da han var i K\u00f8ln. Stikkord: Daglig kaos.<\/p>\n<p> &#8211; Vi er skuffet og veldig sinte, sier sportsdirekt\u00f8r Sebastian Kehl. <\/p>\n<p>        <img loading=\"lazy\" decoding=\"async\" src=\"https:\/\/www.europesays.com\/no\/wp-content\/uploads\/2025\/12\/83973710.webp\" width=\"686\" height=\"920\" title=\"SKAPER OVERSKRIFTER: Borussia Dortmund-kaptein Nico Schlotterbeck angriper lagkamerater etter Bod\u00f8\/Glimt-nedturen. Her er papirutgaven til Bild i dag.\" alt=\"\" class=\"\" style=\"--aspect-ratio-image: 0.75; \"\/><\/p>\n<p>\n        SKAPER OVERSKRIFTER: Borussia Dortmund-kaptein Nico Schlotterbeck angriper lagkamerater etter Bod\u00f8\/Glimt-nedturen. Her er papirutgaven til Bild i dag.\n    <\/p>\n<p>Kaptein Nico Schlotterbeck regelrett slakter flere lagkamerater. Storavisa Bild omtaler dette i papiravisa i dag, fredag.<\/p>\n<p>&#8211; Etter 1-0-scoringen begynte vi \u00e5 spille veldig nerv\u00f8st. Vi hadde ufattelig d\u00e5rlige f\u00f8rsteber\u00f8ringer p\u00e5 ballen, raser Schlotterbeck.\u00a0<\/p>\n<p>&#8211; Hver spiller spilte sitt eget spill. Spillere som kom inn mistet ballen hver gang.<\/p>\n<p>        <img loading=\"lazy\" decoding=\"async\" src=\"https:\/\/www.europesays.com\/no\/wp-content\/uploads\/2025\/12\/83973699.webp\" width=\"686\" height=\"412\" title=\"MISN\u00d8YE: Borussia Dortmund-trener Niko Kovac forst\u00e5r at kapteinen hadde behov for \u00e5 bl\u00e5se ut etter kampen. Foto: NTB\" alt=\"\" class=\"\" style=\"--aspect-ratio-image: 1.67; \"\/><\/p>\n<p>\n        MISN\u00d8YE: Borussia Dortmund-trener Niko Kovac forst\u00e5r at kapteinen hadde behov for \u00e5 bl\u00e5se ut etter kampen. Foto: NTB\n    <\/p>\n<p>P\u00e5 en pressekonferanse i g\u00e5r ble trener Niko Kovac spurt om utspillet til Schlotterbeck. Pressekonferansen ble holdt i anledning Bundesliga-kampen mot Freiburg s\u00f8ndag.<\/p>\n<p>&#8211; Jeg forst\u00e5r frustrasjonen. Vi lot en stor mulighet g\u00e5 fra oss. At han som kaptein er oppr\u00f8rt over prestasjonen vi har vist, er helt normalt, sier Kovac.<\/p>\n<p>    <a itemprop=\"url\" href=\"https:\/\/www.dagbladet.no\/sport\/vilt-rykte-jeg-sa-det\/83961495\" rel=\"nofollow noopener\" target=\"_blank\"><\/p>\n<p>        <img loading=\"lazy\" decoding=\"async\" src=\"https:\/\/www.europesays.com\/no\/wp-content\/uploads\/2025\/12\/83961508.webp\" width=\"980\" height=\"441\" title=\"Vilt rykte: - Jeg s\u00e5 det\" alt=\"\" class=\"lazyload\" style=\"--aspect-ratio-image: 2.22; \"\/><\/p>\n<p>        Vilt rykte: &#8211; Jeg s\u00e5 det<\/p>\n<p>    <\/a><\/p>\n<p>Kjetil Knutsen var tydelig lettet over at Bod\u00f8\/Glimt fikk en god avslutning p\u00e5 2025. N\u00e5 venter noen uker med ferie.<\/p>\n<p>Aspmyra-bossen sier:<\/p>\n<p>&#8211; Jeg er f\u00f8rst og fremst imponert over spillerne. Dette er et massivt stadion \u00e5 komme til. Dette er et lag som var i Champions League-finalen for to \u00e5r siden. Jeg sa f\u00f8r kampen at n\u00e5 skal vi skvise det siste ut av sitronen. Jeg fant ikke skallet igjen etterp\u00e5. Da kan vi ikke forvente mer.<\/p>\n<p>        Borussia Dortmund-spillerne forlot stadion i stil. Video: Myhrvold Simensen\/Skingen<\/p>\n<p>&#8211; Det var en flott avslutning, understreker Knutsen.<\/p>\n<p>&#8211;\u00a0 Jeg h\u00e5per vi tar dette med inn i ferien og bruker det som motivasjon og sult til det som kommer i 2026.<\/p>\n<p>20. januar venter Erling Braut Haaland og Manchester City p\u00e5 Aspmyra.<\/p>\n","protected":false},"excerpt":{"rendered":"Borussia Dortmund m\u00e5 \u00absteke i eget fett\u00bb etter to tapte poeng mot Kjetil Knutsen og Bod\u00f8\/Glimt. FIKK MED&hellip;\n","protected":false},"author":2,"featured_media":112271,"comment_status":"","ping_status":"","sticky":false,"template":"","format":"standard","meta":{"footnotes":""},"categories":[59],"tags":[517,92,30,28,29,83,82],"class_list":{"0":"post-112270","1":"post","2":"type-post","3":"status-publish","4":"format-standard","5":"has-post-thumbnail","7":"category-sport","8":"tag-bodo-glimt","9":"tag-fotball","10":"tag-no","11":"tag-norge","12":"tag-norway","13":"tag-sport","14":"tag-sports"},"share_on_mastodon":{"url":"https:\/\/pubeurope.com\/@no\/115712938933637974","error":""},"_links":{"self":[{"href":"https:\/\/www.europesays.com\/no\/wp-json\/wp\/v2\/posts\/112270","targetHints":{"allow":["GET"]}}],"collection":[{"href":"https:\/\/www.europesays.com\/no\/wp-json\/wp\/v2\/posts"}],"about":[{"href":"https:\/\/www.europesays.com\/no\/wp-json\/wp\/v2\/types\/post"}],"author":[{"embeddable":true,"href":"https:\/\/www.europesays.com\/no\/wp-json\/wp\/v2\/users\/2"}],"replies":[{"embeddable":true,"href":"https:\/\/www.europesays.com\/no\/wp-json\/wp\/v2\/comments?post=112270"}],"version-history":[{"count":0,"href":"https:\/\/www.europesays.com\/no\/wp-json\/wp\/v2\/posts\/112270\/revisions"}],"wp:featuredmedia":[{"embeddable":true,"href":"https:\/\/www.europesays.com\/no\/wp-json\/wp\/v2\/media\/112271"}],"wp:attachment":[{"href":"https:\/\/www.europesays.com\/no\/wp-json\/wp\/v2\/media?parent=112270"}],"wp:term":[{"taxonomy":"category","embeddable":true,"href":"https:\/\/www.europesays.com\/no\/wp-json\/wp\/v2\/categories?post=112270"},{"taxonomy":"post_tag","embeddable":true,"href":"https:\/\/www.europesays.com\/no\/wp-json\/wp\/v2\/tags?post=112270"}],"curies":[{"name":"wp","href":"https:\/\/api.w.org\/{rel}","templated":true}]}}