{"id":112289,"date":"2025-12-13T15:40:24","date_gmt":"2025-12-13T15:40:24","guid":{"rendered":"https:\/\/www.europesays.com\/no\/112289\/"},"modified":"2025-12-13T15:40:24","modified_gmt":"2025-12-13T15:40:24","slug":"elverum-handball-handball-elverum-handball-inviterer-til-legendekampen-hvor-bade-legender-og-frivillige-skal-hedres","status":"publish","type":"post","link":"https:\/\/www.europesays.com\/no\/112289\/","title":{"rendered":"Elverum H\u00e5ndball, H\u00e5ndball | Elverum H\u00e5ndball inviterer til Legendekampen hvor b\u00e5de legender og frivillige skal hedres"},"content":{"rendered":"\n<p>Jula og mesterskapspausen n\u00e6rmer seg med stormskritt.<\/p>\n<p>Kun to kamper gjenst\u00e5r f\u00f8r Elverum H\u00e5ndball kan ta seg en velfortjent ferie mens landslaget skal kjempe om edelt metall i europamesterskapet som g\u00e5r i Norge, Sverige og Danmark.<\/p>\n<p>Den f\u00f8rste av dem er p\u00e5 l\u00f8rdag, da rivalene fra \u00d8IF Arendal kommer p\u00e5 bes\u00f8k til Terningen Arena.<\/p>\n<p>Legendekampen<\/p>\n<p>Ute p\u00e5 banen er det lite som er annerledes.<\/p>\n<p>Det er sju mot sju, det er to ganger 30 minutter og vinneren blir st\u00e5ende igjen med to poeng. Taperne m\u00e5 reise tomhendt hjem.<\/p>\n<p>Denne dagen er det derimot veldig mye annet som blir annerledes i Terningen Arena.<\/p>\n<p>\u2013 Vi snur egentlig trill rundt p\u00e5 de vanlige rollene, forklarer kommersiell leder Mads Fredriksen.<\/p>\n<p>Kampen de velger \u00e5 kalle \u00abLegendekampen\u00bb skal v\u00e6re en eneste stor hyllest til flere av de som b\u00e5de s\u00f8rger for, og har s\u00f8rget for at Elverum er og har blitt den klubben den er i dag.<\/p>\n<p>\u2013 Legendene fra klubbens f\u00f8rste sluttspillgull i 1995 og opprykksheltene fra 2005 skal hedres i pausen. Hyllest blir det ogs\u00e5 av de frivillige, som p\u00e5 mange m\u00e5ter er like store legender som de tidligere spillerne, p\u00e5peker Fredriksen.<\/p>\n<p>  <a href=\"https:\/\/www.ostlendingen.no\/80-69-156121\" class=\"related-teaser has-image default-story-teaser article--c-eRUmMG article--c-eRUmMG-jKCPdD-design-default\" rel=\"nofollow noopener\" target=\"_blank\"><\/p>\n<p>    <img decoding=\"async\" loading=\"lazy\"  src=\"https:\/\/www.europesays.com\/no\/wp-content\/uploads\/2025\/12\/MSD_6000.JPG\" alt=\"\" class=\"brick-c-cFOWSL\" style=\"\"\/><\/p>\n<p>\n            Les ogs\u00e5<\/p>\n<p>              Super Mario med 16 (!) scoringer i Elverum-seier\n        <\/p>\n<p>  <\/a><br \/>\n  Bytter roller<\/p>\n<p>For det er her det at de har snudd helt om p\u00e5 rollene, kommer inn.<\/p>\n<p>\u2013 De frivillige er absolutt legender, vi bare h\u00e5per de fortsetter. De er legender i den forstand at de er helt uunnv\u00e6rlige for oss, sier Fredriksen.<\/p>\n<p>\u2013 Vi er ingenting uten dem. Det er en skikkelig klisj\u00e9, men det stemmer. Derfor er det utrolig viktig at vi dyrker og setter pris p\u00e5 den dugnadsjobben som blir lagt ned.<\/p>\n<p>L\u00f8rdag er det alts\u00e5 ikke de frivillige som skal st\u00e5 i kiosk, fikse gulv og \u00f8nske velkommen til kamp. L\u00f8rdag er det de som skal \u00f8nskes velkommen.<\/p>\n<p>\u2013 For de som er p\u00e5 kamp av og til merker man kanskje ikke den store forskjellen, men de som tar deg imot er de som vanligvis sitter der, sier den kommersielle lederen.<\/p>\n<p>\u2013 N\u00e5 er det sponsorene, de ansatte i klubben samt noen andre som skal v\u00e6re frivillige. Det er dessverre noen f\u00e5 som ikke kan droppe jobben sin, men det er dem innforst\u00e5tt med. Vi m\u00e5 ha noen rutinerte som er ansvarlig for arrangementet.<\/p>\n<p>  <a href=\"https:\/\/www.ostlendingen.no\/80-69-154336\" class=\"related-teaser has-image default-story-teaser article--c-eRUmMG article--c-eRUmMG-jKCPdD-design-default\" rel=\"nofollow noopener\" target=\"_blank\"><\/p>\n<p>    <img decoding=\"async\" loading=\"lazy\"  src=\"https:\/\/www.europesays.com\/no\/wp-content\/uploads\/2025\/12\/Valdis+Kalnins.png\" alt=\"\" class=\"brick-c-cFOWSL\" style=\"\"\/><\/p>\n<p>\n            Les ogs\u00e5<\/p>\n<p>              Dette er Elverums nye stjerneskudd\n        <\/p>\n<p>  <\/a><br \/>\n  63.000 (!) timer dugnad<\/p>\n<p>Over 60 frivillige er i sving f\u00f8r, under og etter hver eneste hjemmekamp Elverum spiller gjennom sesongen.<\/p>\n<p>Det tilsvarer over 7.500 timer dugnadsinnsats hver eneste sesong, if\u00f8lge Elverum H\u00e5ndball sine egne sider.<\/p>\n<p>Tar man med all dugnad som ogs\u00e5 blir lagt ned i yngres avdeling, damelaget, rullestolh\u00e5ndballen og styret, hevder klubben at det legges ned minst 63.000 dugnadstimer i \u00e5ret.<\/p>\n<p>Det tilsvarer 2625 d\u00f8gn, eller 7,2 \u00e5r!<\/p>\n<p>\u2013 Vi er heldige som har en s\u00e5 sterk dugnadskultur i klubben \u2013 en kultur vi m\u00e5 fortsette \u00e5 dyrke, konkluderer Fredriksen.<\/p>\n","protected":false},"excerpt":{"rendered":"Jula og mesterskapspausen n\u00e6rmer seg med stormskritt. Kun to kamper gjenst\u00e5r f\u00f8r Elverum H\u00e5ndball kan ta seg en&hellip;\n","protected":false},"author":2,"featured_media":112290,"comment_status":"","ping_status":"","sticky":false,"template":"","format":"standard","meta":{"footnotes":""},"categories":[59],"tags":[36,1070,2062,105,30,28,29,83,82,1510],"class_list":{"0":"post-112289","1":"post","2":"type-post","3":"status-publish","4":"format-standard","5":"has-post-thumbnail","7":"category-sport","8":"tag-art","9":"tag-elverum","10":"tag-elverum-handball","11":"tag-handball","12":"tag-no","13":"tag-norge","14":"tag-norway","15":"tag-sport","16":"tag-sports","17":"tag-story"},"share_on_mastodon":{"url":"https:\/\/pubeurope.com\/@no\/115713017777590640","error":""},"_links":{"self":[{"href":"https:\/\/www.europesays.com\/no\/wp-json\/wp\/v2\/posts\/112289","targetHints":{"allow":["GET"]}}],"collection":[{"href":"https:\/\/www.europesays.com\/no\/wp-json\/wp\/v2\/posts"}],"about":[{"href":"https:\/\/www.europesays.com\/no\/wp-json\/wp\/v2\/types\/post"}],"author":[{"embeddable":true,"href":"https:\/\/www.europesays.com\/no\/wp-json\/wp\/v2\/users\/2"}],"replies":[{"embeddable":true,"href":"https:\/\/www.europesays.com\/no\/wp-json\/wp\/v2\/comments?post=112289"}],"version-history":[{"count":0,"href":"https:\/\/www.europesays.com\/no\/wp-json\/wp\/v2\/posts\/112289\/revisions"}],"wp:featuredmedia":[{"embeddable":true,"href":"https:\/\/www.europesays.com\/no\/wp-json\/wp\/v2\/media\/112290"}],"wp:attachment":[{"href":"https:\/\/www.europesays.com\/no\/wp-json\/wp\/v2\/media?parent=112289"}],"wp:term":[{"taxonomy":"category","embeddable":true,"href":"https:\/\/www.europesays.com\/no\/wp-json\/wp\/v2\/categories?post=112289"},{"taxonomy":"post_tag","embeddable":true,"href":"https:\/\/www.europesays.com\/no\/wp-json\/wp\/v2\/tags?post=112289"}],"curies":[{"name":"wp","href":"https:\/\/api.w.org\/{rel}","templated":true}]}}